{"id":990,"date":"2025-03-18T21:10:43","date_gmt":"2025-03-18T21:10:43","guid":{"rendered":"https:\/\/elsieart.pl\/?p=990"},"modified":"2025-03-18T21:25:34","modified_gmt":"2025-03-18T21:25:34","slug":"gdy-przestajebyc-mala-dziewczynka","status":"publish","type":"post","link":"https:\/\/elsieart.pl\/?p=990","title":{"rendered":"Gdy przestaj\u0119\u2026by\u0107 ma\u0142\u0105 dziewczynk\u0105\u00a0"},"content":{"rendered":"\n<p class=\"wp-block-paragraph\">Pi\u0119\u0107 dekad niemal\u017ce\u2026a wci\u0105\u017c to dziecko w nas. <br>Przygl\u0105dam si\u0119 dzisiaj tej ma\u0142ej dziewczynce\u2026<br>tej, kt\u00f3rej zapracowani rodzice nie widzieli, <br>nie wys\u0142uchali, nie zrobili dla niej przestrzeni\u2026<\/p>\n\n\n\n<p class=\"wp-block-paragraph\">I ona nauczy\u0142a si\u0119, \u017ce tak to jest, <br>to norma, to w porz\u0105dku, \u017ce takie \u017cycie.<\/p>\n\n\n\n<p class=\"wp-block-paragraph\">Dupa tam, \u017cadne tam takie \u017cycie, \u017cadna norma!<\/p>\n\n\n\n<p class=\"wp-block-paragraph\">Norma to bycie widzian\u0105, wys\u0142uchan\u0105, <br>norma to mie\u0107 przestrze\u0144 na ca\u0142\u0105 Siebie\u2026<br>w mi\u0142o\u015bci i wkurwie, w \u015bmiechu i \u0142zach, w staraniu i lenistwie, <br>w glow upie i z pryszczem na ty\u0142ku.<\/p>\n\n\n\n<p class=\"wp-block-paragraph\">Pozwalam tej dziewczynce na wszystko to, czego nie mog\u0142a. <br>Rozpuszczam warkocze i wyci\u0105gam star\u0105 sukienk\u0119 z Pipi, <br>kt\u00f3ra by\u0142a tylko na specjalne okazje\u2026i m\u00f3wi\u0119 jej\u2026<br>specjalna okazja jest dla Ciebie Kochana\u2026codziennie. <br><br>Ja to Ci m\u00f3wi\u0119 i tak ju\u017c jest. <br>Bo ju\u017c nikogo nie stawiam przede mn\u0105\u2026<br>nikogo, kto mia\u0142by wiedzie\u0107, jak mam \u017cy\u0107.&nbsp;<\/p>\n\n\n\n<p class=\"wp-block-paragraph\">Czy\u017c nie cudownie? Ale\u017c tak!<\/p>\n\n\n\n<p class=\"wp-block-paragraph\">Nie zabieram\u2026mojej mi\u0142o\u015bci, <br>nie chowam\u2026nie wycofuj\u0119\u2026tylko dlatego<br>\u2026\u017ce pojawi\u0142a si\u0119 stara trauma, <br>szczeka stary bezz\u0119bny ju\u017c pies. <br><br>Bo za stara ju\u017c jestem, za bardzo zm\u0119czona<br>\u2026\u017ceby mi si\u0119 chcia\u0142o nie by\u0107 sob\u0105 prawdziw\u0105. <br><br>\u017bebym nie potrafi\u0142a wzi\u0105\u0107 tej ma\u0142ej dziewczynki za r\u0119k\u0119<br>i nie wyprowadzi\u0142a\u00a0\u00a0jej z tej przesz\u0142o\u015bci\u2026\u015bwiata kt\u00f3rego nie ma\u2026<br>a nosi\u0142am go w sobie przez wiele dekad. <br><br>Teraz te psy robi\u0105ce woof woof ju\u017c mnie najcz\u0119\u015bciej \u015bmiesz\u0105, <br>odganiam je machni\u0119ciem r\u0119ki i rzucam shut up!<\/p>\n\n\n\n<p class=\"wp-block-paragraph\">Bo z przestrzeni Serca\u2026wszystko jest takie proste. <br>Z przestrzeni Serca wy\u0142aniam si\u0119 tylko ja prawdziwa<br>\u2026taka jak lubi\u0119\u2026taka jak ceni\u0119&#8230;taka jak\u0105 kocham.<\/p>\n\n\n\n<p class=\"wp-block-paragraph\">I tylko takich ludzi przyjmuj\u0119<br>&#8230;ludzi kochaj\u0105cych przestrze\u0144 Serca<br>i pragn\u0119 z nimi do\u015bwiadcza\u0107 moj\u0105 bajk\u0119.<\/p>\n\n\n\n<p class=\"wp-block-paragraph\">Kocham \u2764\ufe0f<\/p>\n\n\n\n<figure class=\"wp-block-image size-full\"><img loading=\"lazy\" decoding=\"async\" width=\"573\" height=\"827\" src=\"http:\/\/elsieart.pl\/wp-content\/uploads\/2025\/03\/IMG_1729.jpeg\" alt=\"\" class=\"wp-image-991\" srcset=\"https:\/\/elsieart.pl\/wp-content\/uploads\/2025\/03\/IMG_1729.jpeg 573w, https:\/\/elsieart.pl\/wp-content\/uploads\/2025\/03\/IMG_1729-208x300.jpeg 208w\" sizes=\"auto, (max-width: 573px) 100vw, 573px\" \/><figcaption class=\"wp-element-caption\">fot.Internet <\/figcaption><\/figure>\n","protected":false},"excerpt":{"rendered":"<p>Pi\u0119\u0107 dekad niemal\u017ce\u2026a wci\u0105\u017c to dziecko w nas. Przygl\u0105dam si\u0119 dzisiaj tej ma\u0142ej dziewczynce\u2026tej, kt\u00f3rej zapracowani rodzice nie widzieli, nie wys\u0142uchali, nie zrobili dla niej przestrzeni\u2026 I ona nauczy\u0142a si\u0119, \u017ce tak to jest, to norma, to w porz\u0105dku, \u017ce takie \u017cycie. Dupa tam, \u017cadne tam takie \u017cycie, \u017cadna norma! Norma to bycie widzian\u0105, wys\u0142uchan\u0105, &hellip; <\/p>\n<p class=\"link-more\"><a href=\"https:\/\/elsieart.pl\/?p=990\" class=\"more-link\">Czytaj dalej<span class=\"screen-reader-text\"> \u201eGdy przestaj\u0119\u2026by\u0107 ma\u0142\u0105 dziewczynk\u0105\u00a0\u201d<\/span><\/a><\/p>\n","protected":false},"author":1,"featured_media":0,"comment_status":"open","ping_status":"open","sticky":false,"template":"","format":"standard","meta":{"footnotes":""},"categories":[5],"tags":[],"class_list":["post-990","post","type-post","status-publish","format-standard","hentry","category-moja-droga-do-milosci"],"yoast_head":"<!-- This site is optimized with the Yoast SEO plugin v28.0 - https:\/\/yoast.com\/product\/yoast-seo-wordpress\/ -->\n<title>Gdy przestaj\u0119\u2026by\u0107 ma\u0142\u0105 dziewczynk\u0105\u00a0 - NA\u2764NA...art czyli sztuka \u017bycia Dusz\u0105<\/title>\n<meta name=\"robots\" content=\"index, follow, max-snippet:-1, max-image-preview:large, max-video-preview:-1\" \/>\n<link rel=\"canonical\" href=\"https:\/\/elsieart.pl\/?p=990\" \/>\n<meta property=\"og:locale\" content=\"pl_PL\" \/>\n<meta property=\"og:type\" content=\"article\" \/>\n<meta property=\"og:title\" content=\"Gdy przestaj\u0119\u2026by\u0107 ma\u0142\u0105 dziewczynk\u0105\u00a0 - NA\u2764NA...art czyli sztuka \u017bycia Dusz\u0105\" \/>\n<meta property=\"og:description\" content=\"Pi\u0119\u0107 dekad niemal\u017ce\u2026a wci\u0105\u017c to dziecko w nas. Przygl\u0105dam si\u0119 dzisiaj tej ma\u0142ej dziewczynce\u2026tej, kt\u00f3rej zapracowani rodzice nie widzieli, nie wys\u0142uchali, nie zrobili dla niej przestrzeni\u2026 I ona nauczy\u0142a si\u0119, \u017ce tak to jest, to norma, to w porz\u0105dku, \u017ce takie \u017cycie. Dupa tam, \u017cadne tam takie \u017cycie, \u017cadna norma! Norma to bycie widzian\u0105, wys\u0142uchan\u0105, &hellip; Czytaj dalej \u201eGdy przestaj\u0119\u2026by\u0107 ma\u0142\u0105 dziewczynk\u0105\u00a0\u201d\" \/>\n<meta property=\"og:url\" content=\"https:\/\/elsieart.pl\/?p=990\" \/>\n<meta property=\"og:site_name\" content=\"NA\u2764NA...art czyli sztuka \u017bycia Dusz\u0105\" \/>\n<meta property=\"article:published_time\" content=\"2025-03-18T21:10:43+00:00\" \/>\n<meta property=\"article:modified_time\" content=\"2025-03-18T21:25:34+00:00\" \/>\n<meta property=\"og:image\" content=\"https:\/\/elsieart.pl\/wp-content\/uploads\/2025\/03\/IMG_1729.jpeg\" \/>\n\t<meta property=\"og:image:width\" content=\"573\" \/>\n\t<meta property=\"og:image:height\" content=\"827\" \/>\n\t<meta property=\"og:image:type\" content=\"image\/jpeg\" \/>\n<meta name=\"author\" content=\"Anna Krajewska\" \/>\n<meta name=\"twitter:card\" content=\"summary_large_image\" \/>\n<meta name=\"twitter:label1\" content=\"Napisane przez\" \/>\n\t<meta name=\"twitter:data1\" content=\"Anna Krajewska\" \/>\n\t<meta name=\"twitter:label2\" content=\"Szacowany czas czytania\" \/>\n\t<meta name=\"twitter:data2\" content=\"2 minuty\" \/>\n<script type=\"application\/ld+json\" class=\"yoast-schema-graph\">{\"@context\":\"https:\\\/\\\/schema.org\",\"@graph\":[{\"@type\":\"Article\",\"@id\":\"https:\\\/\\\/elsieart.pl\\\/?p=990#article\",\"isPartOf\":{\"@id\":\"https:\\\/\\\/elsieart.pl\\\/?p=990\"},\"author\":{\"name\":\"Anna Krajewska\",\"@id\":\"https:\\\/\\\/elsieart.pl\\\/#\\\/schema\\\/person\\\/818eb3c3d8144ede1c78eaca1156f3a3\"},\"headline\":\"Gdy przestaj\u0119\u2026by\u0107 ma\u0142\u0105 dziewczynk\u0105\u00a0\",\"datePublished\":\"2025-03-18T21:10:43+00:00\",\"dateModified\":\"2025-03-18T21:25:34+00:00\",\"mainEntityOfPage\":{\"@id\":\"https:\\\/\\\/elsieart.pl\\\/?p=990\"},\"wordCount\":314,\"commentCount\":0,\"image\":{\"@id\":\"https:\\\/\\\/elsieart.pl\\\/?p=990#primaryimage\"},\"thumbnailUrl\":\"http:\\\/\\\/elsieart.pl\\\/wp-content\\\/uploads\\\/2025\\\/03\\\/IMG_1729.jpeg\",\"articleSection\":[\"Moja Droga do Mi\u0142o\u015bci\"],\"inLanguage\":\"pl-PL\",\"potentialAction\":[{\"@type\":\"CommentAction\",\"name\":\"Comment\",\"target\":[\"https:\\\/\\\/elsieart.pl\\\/?p=990#respond\"]}]},{\"@type\":\"WebPage\",\"@id\":\"https:\\\/\\\/elsieart.pl\\\/?p=990\",\"url\":\"https:\\\/\\\/elsieart.pl\\\/?p=990\",\"name\":\"Gdy przestaj\u0119\u2026by\u0107 ma\u0142\u0105 dziewczynk\u0105\u00a0 - NA\u2764NA...art czyli sztuka \u017bycia Dusz\u0105\",\"isPartOf\":{\"@id\":\"https:\\\/\\\/elsieart.pl\\\/#website\"},\"primaryImageOfPage\":{\"@id\":\"https:\\\/\\\/elsieart.pl\\\/?p=990#primaryimage\"},\"image\":{\"@id\":\"https:\\\/\\\/elsieart.pl\\\/?p=990#primaryimage\"},\"thumbnailUrl\":\"http:\\\/\\\/elsieart.pl\\\/wp-content\\\/uploads\\\/2025\\\/03\\\/IMG_1729.jpeg\",\"datePublished\":\"2025-03-18T21:10:43+00:00\",\"dateModified\":\"2025-03-18T21:25:34+00:00\",\"author\":{\"@id\":\"https:\\\/\\\/elsieart.pl\\\/#\\\/schema\\\/person\\\/818eb3c3d8144ede1c78eaca1156f3a3\"},\"breadcrumb\":{\"@id\":\"https:\\\/\\\/elsieart.pl\\\/?p=990#breadcrumb\"},\"inLanguage\":\"pl-PL\",\"potentialAction\":[{\"@type\":\"ReadAction\",\"target\":[\"https:\\\/\\\/elsieart.pl\\\/?p=990\"]}]},{\"@type\":\"ImageObject\",\"inLanguage\":\"pl-PL\",\"@id\":\"https:\\\/\\\/elsieart.pl\\\/?p=990#primaryimage\",\"url\":\"https:\\\/\\\/elsieart.pl\\\/wp-content\\\/uploads\\\/2025\\\/03\\\/IMG_1729.jpeg\",\"contentUrl\":\"https:\\\/\\\/elsieart.pl\\\/wp-content\\\/uploads\\\/2025\\\/03\\\/IMG_1729.jpeg\",\"width\":573,\"height\":827},{\"@type\":\"BreadcrumbList\",\"@id\":\"https:\\\/\\\/elsieart.pl\\\/?p=990#breadcrumb\",\"itemListElement\":[{\"@type\":\"ListItem\",\"position\":1,\"name\":\"Strona g\u0142\u00f3wna\",\"item\":\"https:\\\/\\\/elsieart.pl\\\/\"},{\"@type\":\"ListItem\",\"position\":2,\"name\":\"Gdy przestaj\u0119\u2026by\u0107 ma\u0142\u0105 dziewczynk\u0105\u00a0\"}]},{\"@type\":\"WebSite\",\"@id\":\"https:\\\/\\\/elsieart.pl\\\/#website\",\"url\":\"https:\\\/\\\/elsieart.pl\\\/\",\"name\":\"NA\u2764NA...art czyli sztuka \u017bycia Dusz\u0105\",\"description\":\"Anna Krajewska | Gdzie ludzkie spotyka si\u0119 z boskim\",\"potentialAction\":[{\"@type\":\"SearchAction\",\"target\":{\"@type\":\"EntryPoint\",\"urlTemplate\":\"https:\\\/\\\/elsieart.pl\\\/?s={search_term_string}\"},\"query-input\":{\"@type\":\"PropertyValueSpecification\",\"valueRequired\":true,\"valueName\":\"search_term_string\"}}],\"inLanguage\":\"pl-PL\"},{\"@type\":\"Person\",\"@id\":\"https:\\\/\\\/elsieart.pl\\\/#\\\/schema\\\/person\\\/818eb3c3d8144ede1c78eaca1156f3a3\",\"name\":\"Anna Krajewska\",\"image\":{\"@type\":\"ImageObject\",\"inLanguage\":\"pl-PL\",\"@id\":\"https:\\\/\\\/secure.gravatar.com\\\/avatar\\\/f8702c146031dc3a604b2968503f6b5a36ce29db33ea2369631cf1e9129f349d?s=96&d=mm&r=g\",\"url\":\"https:\\\/\\\/secure.gravatar.com\\\/avatar\\\/f8702c146031dc3a604b2968503f6b5a36ce29db33ea2369631cf1e9129f349d?s=96&d=mm&r=g\",\"contentUrl\":\"https:\\\/\\\/secure.gravatar.com\\\/avatar\\\/f8702c146031dc3a604b2968503f6b5a36ce29db33ea2369631cf1e9129f349d?s=96&d=mm&r=g\",\"caption\":\"Anna Krajewska\"},\"sameAs\":[\"https:\\\/\\\/elsieart.pl\"],\"url\":\"https:\\\/\\\/elsieart.pl\\\/?author=1\"}]}<\/script>\n<!-- \/ Yoast SEO plugin. -->","yoast_head_json":{"title":"Gdy przestaj\u0119\u2026by\u0107 ma\u0142\u0105 dziewczynk\u0105\u00a0 - NA\u2764NA...art czyli sztuka \u017bycia Dusz\u0105","robots":{"index":"index","follow":"follow","max-snippet":"max-snippet:-1","max-image-preview":"max-image-preview:large","max-video-preview":"max-video-preview:-1"},"canonical":"https:\/\/elsieart.pl\/?p=990","og_locale":"pl_PL","og_type":"article","og_title":"Gdy przestaj\u0119\u2026by\u0107 ma\u0142\u0105 dziewczynk\u0105\u00a0 - NA\u2764NA...art czyli sztuka \u017bycia Dusz\u0105","og_description":"Pi\u0119\u0107 dekad niemal\u017ce\u2026a wci\u0105\u017c to dziecko w nas. Przygl\u0105dam si\u0119 dzisiaj tej ma\u0142ej dziewczynce\u2026tej, kt\u00f3rej zapracowani rodzice nie widzieli, nie wys\u0142uchali, nie zrobili dla niej przestrzeni\u2026 I ona nauczy\u0142a si\u0119, \u017ce tak to jest, to norma, to w porz\u0105dku, \u017ce takie \u017cycie. Dupa tam, \u017cadne tam takie \u017cycie, \u017cadna norma! Norma to bycie widzian\u0105, wys\u0142uchan\u0105, &hellip; Czytaj dalej \u201eGdy przestaj\u0119\u2026by\u0107 ma\u0142\u0105 dziewczynk\u0105\u00a0\u201d","og_url":"https:\/\/elsieart.pl\/?p=990","og_site_name":"NA\u2764NA...art czyli sztuka \u017bycia Dusz\u0105","article_published_time":"2025-03-18T21:10:43+00:00","article_modified_time":"2025-03-18T21:25:34+00:00","og_image":[{"width":573,"height":827,"url":"https:\/\/elsieart.pl\/wp-content\/uploads\/2025\/03\/IMG_1729.jpeg","type":"image\/jpeg"}],"author":"Anna Krajewska","twitter_card":"summary_large_image","twitter_misc":{"Napisane przez":"Anna Krajewska","Szacowany czas czytania":"2 minuty"},"schema":{"@context":"https:\/\/schema.org","@graph":[{"@type":"Article","@id":"https:\/\/elsieart.pl\/?p=990#article","isPartOf":{"@id":"https:\/\/elsieart.pl\/?p=990"},"author":{"name":"Anna Krajewska","@id":"https:\/\/elsieart.pl\/#\/schema\/person\/818eb3c3d8144ede1c78eaca1156f3a3"},"headline":"Gdy przestaj\u0119\u2026by\u0107 ma\u0142\u0105 dziewczynk\u0105\u00a0","datePublished":"2025-03-18T21:10:43+00:00","dateModified":"2025-03-18T21:25:34+00:00","mainEntityOfPage":{"@id":"https:\/\/elsieart.pl\/?p=990"},"wordCount":314,"commentCount":0,"image":{"@id":"https:\/\/elsieart.pl\/?p=990#primaryimage"},"thumbnailUrl":"http:\/\/elsieart.pl\/wp-content\/uploads\/2025\/03\/IMG_1729.jpeg","articleSection":["Moja Droga do Mi\u0142o\u015bci"],"inLanguage":"pl-PL","potentialAction":[{"@type":"CommentAction","name":"Comment","target":["https:\/\/elsieart.pl\/?p=990#respond"]}]},{"@type":"WebPage","@id":"https:\/\/elsieart.pl\/?p=990","url":"https:\/\/elsieart.pl\/?p=990","name":"Gdy przestaj\u0119\u2026by\u0107 ma\u0142\u0105 dziewczynk\u0105\u00a0 - NA\u2764NA...art czyli sztuka \u017bycia Dusz\u0105","isPartOf":{"@id":"https:\/\/elsieart.pl\/#website"},"primaryImageOfPage":{"@id":"https:\/\/elsieart.pl\/?p=990#primaryimage"},"image":{"@id":"https:\/\/elsieart.pl\/?p=990#primaryimage"},"thumbnailUrl":"http:\/\/elsieart.pl\/wp-content\/uploads\/2025\/03\/IMG_1729.jpeg","datePublished":"2025-03-18T21:10:43+00:00","dateModified":"2025-03-18T21:25:34+00:00","author":{"@id":"https:\/\/elsieart.pl\/#\/schema\/person\/818eb3c3d8144ede1c78eaca1156f3a3"},"breadcrumb":{"@id":"https:\/\/elsieart.pl\/?p=990#breadcrumb"},"inLanguage":"pl-PL","potentialAction":[{"@type":"ReadAction","target":["https:\/\/elsieart.pl\/?p=990"]}]},{"@type":"ImageObject","inLanguage":"pl-PL","@id":"https:\/\/elsieart.pl\/?p=990#primaryimage","url":"https:\/\/elsieart.pl\/wp-content\/uploads\/2025\/03\/IMG_1729.jpeg","contentUrl":"https:\/\/elsieart.pl\/wp-content\/uploads\/2025\/03\/IMG_1729.jpeg","width":573,"height":827},{"@type":"BreadcrumbList","@id":"https:\/\/elsieart.pl\/?p=990#breadcrumb","itemListElement":[{"@type":"ListItem","position":1,"name":"Strona g\u0142\u00f3wna","item":"https:\/\/elsieart.pl\/"},{"@type":"ListItem","position":2,"name":"Gdy przestaj\u0119\u2026by\u0107 ma\u0142\u0105 dziewczynk\u0105\u00a0"}]},{"@type":"WebSite","@id":"https:\/\/elsieart.pl\/#website","url":"https:\/\/elsieart.pl\/","name":"NA\u2764NA...art czyli sztuka \u017bycia Dusz\u0105","description":"Anna Krajewska | Gdzie ludzkie spotyka si\u0119 z boskim","potentialAction":[{"@type":"SearchAction","target":{"@type":"EntryPoint","urlTemplate":"https:\/\/elsieart.pl\/?s={search_term_string}"},"query-input":{"@type":"PropertyValueSpecification","valueRequired":true,"valueName":"search_term_string"}}],"inLanguage":"pl-PL"},{"@type":"Person","@id":"https:\/\/elsieart.pl\/#\/schema\/person\/818eb3c3d8144ede1c78eaca1156f3a3","name":"Anna Krajewska","image":{"@type":"ImageObject","inLanguage":"pl-PL","@id":"https:\/\/secure.gravatar.com\/avatar\/f8702c146031dc3a604b2968503f6b5a36ce29db33ea2369631cf1e9129f349d?s=96&d=mm&r=g","url":"https:\/\/secure.gravatar.com\/avatar\/f8702c146031dc3a604b2968503f6b5a36ce29db33ea2369631cf1e9129f349d?s=96&d=mm&r=g","contentUrl":"https:\/\/secure.gravatar.com\/avatar\/f8702c146031dc3a604b2968503f6b5a36ce29db33ea2369631cf1e9129f349d?s=96&d=mm&r=g","caption":"Anna Krajewska"},"sameAs":["https:\/\/elsieart.pl"],"url":"https:\/\/elsieart.pl\/?author=1"}]}},"_links":{"self":[{"href":"https:\/\/elsieart.pl\/index.php?rest_route=\/wp\/v2\/posts\/990","targetHints":{"allow":["GET"]}}],"collection":[{"href":"https:\/\/elsieart.pl\/index.php?rest_route=\/wp\/v2\/posts"}],"about":[{"href":"https:\/\/elsieart.pl\/index.php?rest_route=\/wp\/v2\/types\/post"}],"author":[{"embeddable":true,"href":"https:\/\/elsieart.pl\/index.php?rest_route=\/wp\/v2\/users\/1"}],"replies":[{"embeddable":true,"href":"https:\/\/elsieart.pl\/index.php?rest_route=%2Fwp%2Fv2%2Fcomments&post=990"}],"version-history":[{"count":4,"href":"https:\/\/elsieart.pl\/index.php?rest_route=\/wp\/v2\/posts\/990\/revisions"}],"predecessor-version":[{"id":996,"href":"https:\/\/elsieart.pl\/index.php?rest_route=\/wp\/v2\/posts\/990\/revisions\/996"}],"wp:attachment":[{"href":"https:\/\/elsieart.pl\/index.php?rest_route=%2Fwp%2Fv2%2Fmedia&parent=990"}],"wp:term":[{"taxonomy":"category","embeddable":true,"href":"https:\/\/elsieart.pl\/index.php?rest_route=%2Fwp%2Fv2%2Fcategories&post=990"},{"taxonomy":"post_tag","embeddable":true,"href":"https:\/\/elsieart.pl\/index.php?rest_route=%2Fwp%2Fv2%2Ftags&post=990"}],"curies":[{"name":"wp","href":"https:\/\/api.w.org\/{rel}","templated":true}]}}