{"id":979,"date":"2025-03-13T20:49:18","date_gmt":"2025-03-13T20:49:18","guid":{"rendered":"https:\/\/elsieart.pl\/?p=979"},"modified":"2025-03-13T21:44:43","modified_gmt":"2025-03-13T21:44:43","slug":"gdy-nie-plynie","status":"publish","type":"post","link":"https:\/\/elsieart.pl\/?p=979","title":{"rendered":"Gdy nie p\u0142ynie"},"content":{"rendered":"\n<p class=\"wp-block-paragraph\">Bo czasem po prostu\u2026<\/p>\n\n\n\n<p class=\"wp-block-paragraph\">nie p\u0142ynie.<\/p>\n\n\n\n<p class=\"wp-block-paragraph\">Jestem z tym pytaniem we mnie.<br>Co czuj\u0119\u2026gdy nie p\u0142ynie?<\/p>\n\n\n\n<p class=\"wp-block-paragraph\">Deszcz pada za oknem\u2026<br>a z nim wszystko porusza si\u0119 g\u0142adko\u2026<br>niesione fal\u0105 jego energii.<\/p>\n\n\n\n<p class=\"wp-block-paragraph\">A w \u017byciu moim\u2026czasem nie. <br>Albo tylko na chwil\u0119. <br>Na wystarczaj\u0105c\u0105 chwil\u0119\u2026<br>aby zaspokoi\u0107 brak\u2026za\u0142ata\u0107 dziur\u0119. <br>A potem zn\u00f3w przestaje. <br>Jest jak och\u0142ap rzucany psu. <br>Ja tym czasem nawet moim psom nie rzucam och\u0142ap\u00f3w. <br>Tym bardziej dla siebie\u2026tego nie wybieram. <br>Taki cholerny cykl. <br>A jak cykl, to oczywi\u015bcie program. <br>Czuj\u0119 drenowanie\u2026czuj\u0119 wypalanie\u2026<br>czuj\u0119 z\u0142o\u015b\u0107, bo nie przysz\u0142am tu \u0142ata\u0107 dziur.<\/p>\n\n\n\n<p class=\"wp-block-paragraph\">Pytam\u2026co to jest?<br>Pytam\u2026po co to jest?<br>Pytam\u2026czy tego chc\u0119?<br>Pytam\u2026czy to przysz\u0142am \u017cy\u0107?<\/p>\n\n\n\n<p class=\"wp-block-paragraph\">A po chwili przychodzi odpowied\u017a.<\/p>\n\n\n\n<p class=\"wp-block-paragraph\">Jest po to, aby\u015b zrozumia\u0142a czego pragniesz. <br>Do\u015bwiadczam drugiego bieguna, abym wiedzia\u0142a, <br>poczu\u0142a na zasadzie przeciwie\u0144stwa\u2026<br>jak ceni\u0119 przep\u0142yw. <br>\u017be nie zaspokoi mnie mniej, <br>\u017ce musz\u0119 zrezygnowa\u0107 ze wszystkiego, co tym nie jest<br>\u2026\u017ce musz\u0119 odpu\u015bci\u0107. Bo inaczej\u2026spal\u0119 si\u0119.\u00a0<\/p>\n\n\n\n<p class=\"wp-block-paragraph\">Bo to walka.<\/p>\n\n\n\n<p class=\"wp-block-paragraph\">A przep\u0142yw jest przeciwie\u0144stwem walki.&nbsp;<\/p>\n\n\n\n<p class=\"wp-block-paragraph\">Wierzy\u0107 a walczy\u0107.<br>Jestem r\u00f3wnie\u017c z tym pytaniem we mnie. <br>Bo jest tu zasadnicza r\u00f3\u017cnica.<\/p>\n\n\n\n<p class=\"wp-block-paragraph\">Gdy wierz\u0119, to po prostu jestem wygran\u0105, cokolwiek wybior\u0119. <br>Jestem tym.<br>Do walki za\u015b jest potrzebna wiara. <br>Ale czasem, a nawet cz\u0119sto jest tak, <br>\u017ce g\u0142\u00f3wn\u0105 intencj\u0105 jest sama walka, nie to o co si\u0119 walczy. <br>I na tzw. ch\u0142opski rozum wielu w to nie uwierzy. <br>Ale ja ju\u017c zbyt wiele razy to widzia\u0142am i zbyt wiele razy sama\u2026by\u0142am walk\u0105, <br>abym nie umia\u0142a tego rozpozna\u0107.<\/p>\n\n\n\n<p class=\"wp-block-paragraph\">I to jest do dupy. I to ju\u017c nie dla mnie. <br>I mi z tym ju\u017c nie po drodze. <br>I ja m\u00f3wi\u0119, tym pa\u0144stwu ju\u017c dzi\u0119kujemy.\u00a0<\/p>\n\n\n\n<p class=\"wp-block-paragraph\">A z u\u015bmiechem na twarzy <br>i rozpostartymi ramionami m\u00f3wi\u0119: <br><br>witaj przep\u0142ywie.<\/p>\n\n\n\n<p class=\"wp-block-paragraph\">Kocham \u2764\ufe0f<\/p>\n\n\n\n<figure class=\"wp-block-image size-large\"><img loading=\"lazy\" decoding=\"async\" width=\"574\" height=\"1024\" src=\"http:\/\/elsieart.pl\/wp-content\/uploads\/2025\/03\/IMG_7034-574x1024.jpeg\" alt=\"\" class=\"wp-image-980\" srcset=\"https:\/\/elsieart.pl\/wp-content\/uploads\/2025\/03\/IMG_7034-574x1024.jpeg 574w, https:\/\/elsieart.pl\/wp-content\/uploads\/2025\/03\/IMG_7034-168x300.jpeg 168w, https:\/\/elsieart.pl\/wp-content\/uploads\/2025\/03\/IMG_7034.jpeg 720w\" sizes=\"auto, (max-width: 574px) 100vw, 574px\" \/><figcaption class=\"wp-element-caption\"><em>fot.facebook<\/em><\/figcaption><\/figure>\n","protected":false},"excerpt":{"rendered":"<p>Bo czasem po prostu\u2026 nie p\u0142ynie. Jestem z tym pytaniem we mnie.Co czuj\u0119\u2026gdy nie p\u0142ynie? Deszcz pada za oknem\u2026a z nim wszystko porusza si\u0119 g\u0142adko\u2026niesione fal\u0105 jego energii. A w \u017byciu moim\u2026czasem nie. Albo tylko na chwil\u0119. Na wystarczaj\u0105c\u0105 chwil\u0119\u2026aby zaspokoi\u0107 brak\u2026za\u0142ata\u0107 dziur\u0119. A potem zn\u00f3w przestaje. Jest jak och\u0142ap rzucany psu. Ja tym czasem &hellip; <\/p>\n<p class=\"link-more\"><a href=\"https:\/\/elsieart.pl\/?p=979\" class=\"more-link\">Czytaj dalej<span class=\"screen-reader-text\"> \u201eGdy nie p\u0142ynie\u201d<\/span><\/a><\/p>\n","protected":false},"author":1,"featured_media":0,"comment_status":"open","ping_status":"open","sticky":false,"template":"","format":"standard","meta":{"footnotes":""},"categories":[5],"tags":[],"class_list":["post-979","post","type-post","status-publish","format-standard","hentry","category-moja-droga-do-milosci"],"yoast_head":"<!-- This site is optimized with the Yoast SEO plugin v28.0 - https:\/\/yoast.com\/product\/yoast-seo-wordpress\/ -->\n<title>Gdy nie p\u0142ynie - NA\u2764NA...art czyli sztuka \u017bycia Dusz\u0105<\/title>\n<meta name=\"robots\" content=\"index, follow, max-snippet:-1, max-image-preview:large, max-video-preview:-1\" \/>\n<link rel=\"canonical\" href=\"https:\/\/elsieart.pl\/?p=979\" \/>\n<meta property=\"og:locale\" content=\"pl_PL\" \/>\n<meta property=\"og:type\" content=\"article\" \/>\n<meta property=\"og:title\" content=\"Gdy nie p\u0142ynie - NA\u2764NA...art czyli sztuka \u017bycia Dusz\u0105\" \/>\n<meta property=\"og:description\" content=\"Bo czasem po prostu\u2026 nie p\u0142ynie. Jestem z tym pytaniem we mnie.Co czuj\u0119\u2026gdy nie p\u0142ynie? Deszcz pada za oknem\u2026a z nim wszystko porusza si\u0119 g\u0142adko\u2026niesione fal\u0105 jego energii. A w \u017byciu moim\u2026czasem nie. Albo tylko na chwil\u0119. Na wystarczaj\u0105c\u0105 chwil\u0119\u2026aby zaspokoi\u0107 brak\u2026za\u0142ata\u0107 dziur\u0119. A potem zn\u00f3w przestaje. Jest jak och\u0142ap rzucany psu. Ja tym czasem &hellip; Czytaj dalej \u201eGdy nie p\u0142ynie\u201d\" \/>\n<meta property=\"og:url\" content=\"https:\/\/elsieart.pl\/?p=979\" \/>\n<meta property=\"og:site_name\" content=\"NA\u2764NA...art czyli sztuka \u017bycia Dusz\u0105\" \/>\n<meta property=\"article:published_time\" content=\"2025-03-13T20:49:18+00:00\" \/>\n<meta property=\"article:modified_time\" content=\"2025-03-13T21:44:43+00:00\" \/>\n<meta property=\"og:image\" content=\"https:\/\/elsieart.pl\/wp-content\/uploads\/2025\/03\/IMG_7034.jpeg\" \/>\n\t<meta property=\"og:image:width\" content=\"720\" \/>\n\t<meta property=\"og:image:height\" content=\"1285\" \/>\n\t<meta property=\"og:image:type\" content=\"image\/jpeg\" \/>\n<meta name=\"author\" content=\"Anna Krajewska\" \/>\n<meta name=\"twitter:card\" content=\"summary_large_image\" \/>\n<meta name=\"twitter:label1\" content=\"Napisane przez\" \/>\n\t<meta name=\"twitter:data1\" content=\"Anna Krajewska\" \/>\n\t<meta name=\"twitter:label2\" content=\"Szacowany czas czytania\" \/>\n\t<meta name=\"twitter:data2\" content=\"2 minuty\" \/>\n<script type=\"application\/ld+json\" class=\"yoast-schema-graph\">{\"@context\":\"https:\\\/\\\/schema.org\",\"@graph\":[{\"@type\":\"Article\",\"@id\":\"https:\\\/\\\/elsieart.pl\\\/?p=979#article\",\"isPartOf\":{\"@id\":\"https:\\\/\\\/elsieart.pl\\\/?p=979\"},\"author\":{\"name\":\"Anna Krajewska\",\"@id\":\"https:\\\/\\\/elsieart.pl\\\/#\\\/schema\\\/person\\\/818eb3c3d8144ede1c78eaca1156f3a3\"},\"headline\":\"Gdy nie p\u0142ynie\",\"datePublished\":\"2025-03-13T20:49:18+00:00\",\"dateModified\":\"2025-03-13T21:44:43+00:00\",\"mainEntityOfPage\":{\"@id\":\"https:\\\/\\\/elsieart.pl\\\/?p=979\"},\"wordCount\":329,\"commentCount\":0,\"image\":{\"@id\":\"https:\\\/\\\/elsieart.pl\\\/?p=979#primaryimage\"},\"thumbnailUrl\":\"http:\\\/\\\/elsieart.pl\\\/wp-content\\\/uploads\\\/2025\\\/03\\\/IMG_7034-574x1024.jpeg\",\"articleSection\":[\"Moja Droga do Mi\u0142o\u015bci\"],\"inLanguage\":\"pl-PL\",\"potentialAction\":[{\"@type\":\"CommentAction\",\"name\":\"Comment\",\"target\":[\"https:\\\/\\\/elsieart.pl\\\/?p=979#respond\"]}]},{\"@type\":\"WebPage\",\"@id\":\"https:\\\/\\\/elsieart.pl\\\/?p=979\",\"url\":\"https:\\\/\\\/elsieart.pl\\\/?p=979\",\"name\":\"Gdy nie p\u0142ynie - NA\u2764NA...art czyli sztuka \u017bycia Dusz\u0105\",\"isPartOf\":{\"@id\":\"https:\\\/\\\/elsieart.pl\\\/#website\"},\"primaryImageOfPage\":{\"@id\":\"https:\\\/\\\/elsieart.pl\\\/?p=979#primaryimage\"},\"image\":{\"@id\":\"https:\\\/\\\/elsieart.pl\\\/?p=979#primaryimage\"},\"thumbnailUrl\":\"http:\\\/\\\/elsieart.pl\\\/wp-content\\\/uploads\\\/2025\\\/03\\\/IMG_7034-574x1024.jpeg\",\"datePublished\":\"2025-03-13T20:49:18+00:00\",\"dateModified\":\"2025-03-13T21:44:43+00:00\",\"author\":{\"@id\":\"https:\\\/\\\/elsieart.pl\\\/#\\\/schema\\\/person\\\/818eb3c3d8144ede1c78eaca1156f3a3\"},\"breadcrumb\":{\"@id\":\"https:\\\/\\\/elsieart.pl\\\/?p=979#breadcrumb\"},\"inLanguage\":\"pl-PL\",\"potentialAction\":[{\"@type\":\"ReadAction\",\"target\":[\"https:\\\/\\\/elsieart.pl\\\/?p=979\"]}]},{\"@type\":\"ImageObject\",\"inLanguage\":\"pl-PL\",\"@id\":\"https:\\\/\\\/elsieart.pl\\\/?p=979#primaryimage\",\"url\":\"https:\\\/\\\/elsieart.pl\\\/wp-content\\\/uploads\\\/2025\\\/03\\\/IMG_7034.jpeg\",\"contentUrl\":\"https:\\\/\\\/elsieart.pl\\\/wp-content\\\/uploads\\\/2025\\\/03\\\/IMG_7034.jpeg\",\"width\":720,\"height\":1285},{\"@type\":\"BreadcrumbList\",\"@id\":\"https:\\\/\\\/elsieart.pl\\\/?p=979#breadcrumb\",\"itemListElement\":[{\"@type\":\"ListItem\",\"position\":1,\"name\":\"Strona g\u0142\u00f3wna\",\"item\":\"https:\\\/\\\/elsieart.pl\\\/\"},{\"@type\":\"ListItem\",\"position\":2,\"name\":\"Gdy nie p\u0142ynie\"}]},{\"@type\":\"WebSite\",\"@id\":\"https:\\\/\\\/elsieart.pl\\\/#website\",\"url\":\"https:\\\/\\\/elsieart.pl\\\/\",\"name\":\"NA\u2764NA...art czyli sztuka \u017bycia Dusz\u0105\",\"description\":\"Anna Krajewska | Gdzie ludzkie spotyka si\u0119 z boskim\",\"potentialAction\":[{\"@type\":\"SearchAction\",\"target\":{\"@type\":\"EntryPoint\",\"urlTemplate\":\"https:\\\/\\\/elsieart.pl\\\/?s={search_term_string}\"},\"query-input\":{\"@type\":\"PropertyValueSpecification\",\"valueRequired\":true,\"valueName\":\"search_term_string\"}}],\"inLanguage\":\"pl-PL\"},{\"@type\":\"Person\",\"@id\":\"https:\\\/\\\/elsieart.pl\\\/#\\\/schema\\\/person\\\/818eb3c3d8144ede1c78eaca1156f3a3\",\"name\":\"Anna Krajewska\",\"image\":{\"@type\":\"ImageObject\",\"inLanguage\":\"pl-PL\",\"@id\":\"https:\\\/\\\/secure.gravatar.com\\\/avatar\\\/f8702c146031dc3a604b2968503f6b5a36ce29db33ea2369631cf1e9129f349d?s=96&d=mm&r=g\",\"url\":\"https:\\\/\\\/secure.gravatar.com\\\/avatar\\\/f8702c146031dc3a604b2968503f6b5a36ce29db33ea2369631cf1e9129f349d?s=96&d=mm&r=g\",\"contentUrl\":\"https:\\\/\\\/secure.gravatar.com\\\/avatar\\\/f8702c146031dc3a604b2968503f6b5a36ce29db33ea2369631cf1e9129f349d?s=96&d=mm&r=g\",\"caption\":\"Anna Krajewska\"},\"sameAs\":[\"https:\\\/\\\/elsieart.pl\"],\"url\":\"https:\\\/\\\/elsieart.pl\\\/?author=1\"}]}<\/script>\n<!-- \/ Yoast SEO plugin. -->","yoast_head_json":{"title":"Gdy nie p\u0142ynie - NA\u2764NA...art czyli sztuka \u017bycia Dusz\u0105","robots":{"index":"index","follow":"follow","max-snippet":"max-snippet:-1","max-image-preview":"max-image-preview:large","max-video-preview":"max-video-preview:-1"},"canonical":"https:\/\/elsieart.pl\/?p=979","og_locale":"pl_PL","og_type":"article","og_title":"Gdy nie p\u0142ynie - NA\u2764NA...art czyli sztuka \u017bycia Dusz\u0105","og_description":"Bo czasem po prostu\u2026 nie p\u0142ynie. Jestem z tym pytaniem we mnie.Co czuj\u0119\u2026gdy nie p\u0142ynie? Deszcz pada za oknem\u2026a z nim wszystko porusza si\u0119 g\u0142adko\u2026niesione fal\u0105 jego energii. A w \u017byciu moim\u2026czasem nie. Albo tylko na chwil\u0119. Na wystarczaj\u0105c\u0105 chwil\u0119\u2026aby zaspokoi\u0107 brak\u2026za\u0142ata\u0107 dziur\u0119. A potem zn\u00f3w przestaje. Jest jak och\u0142ap rzucany psu. Ja tym czasem &hellip; Czytaj dalej \u201eGdy nie p\u0142ynie\u201d","og_url":"https:\/\/elsieart.pl\/?p=979","og_site_name":"NA\u2764NA...art czyli sztuka \u017bycia Dusz\u0105","article_published_time":"2025-03-13T20:49:18+00:00","article_modified_time":"2025-03-13T21:44:43+00:00","og_image":[{"width":720,"height":1285,"url":"https:\/\/elsieart.pl\/wp-content\/uploads\/2025\/03\/IMG_7034.jpeg","type":"image\/jpeg"}],"author":"Anna Krajewska","twitter_card":"summary_large_image","twitter_misc":{"Napisane przez":"Anna Krajewska","Szacowany czas czytania":"2 minuty"},"schema":{"@context":"https:\/\/schema.org","@graph":[{"@type":"Article","@id":"https:\/\/elsieart.pl\/?p=979#article","isPartOf":{"@id":"https:\/\/elsieart.pl\/?p=979"},"author":{"name":"Anna Krajewska","@id":"https:\/\/elsieart.pl\/#\/schema\/person\/818eb3c3d8144ede1c78eaca1156f3a3"},"headline":"Gdy nie p\u0142ynie","datePublished":"2025-03-13T20:49:18+00:00","dateModified":"2025-03-13T21:44:43+00:00","mainEntityOfPage":{"@id":"https:\/\/elsieart.pl\/?p=979"},"wordCount":329,"commentCount":0,"image":{"@id":"https:\/\/elsieart.pl\/?p=979#primaryimage"},"thumbnailUrl":"http:\/\/elsieart.pl\/wp-content\/uploads\/2025\/03\/IMG_7034-574x1024.jpeg","articleSection":["Moja Droga do Mi\u0142o\u015bci"],"inLanguage":"pl-PL","potentialAction":[{"@type":"CommentAction","name":"Comment","target":["https:\/\/elsieart.pl\/?p=979#respond"]}]},{"@type":"WebPage","@id":"https:\/\/elsieart.pl\/?p=979","url":"https:\/\/elsieart.pl\/?p=979","name":"Gdy nie p\u0142ynie - NA\u2764NA...art czyli sztuka \u017bycia Dusz\u0105","isPartOf":{"@id":"https:\/\/elsieart.pl\/#website"},"primaryImageOfPage":{"@id":"https:\/\/elsieart.pl\/?p=979#primaryimage"},"image":{"@id":"https:\/\/elsieart.pl\/?p=979#primaryimage"},"thumbnailUrl":"http:\/\/elsieart.pl\/wp-content\/uploads\/2025\/03\/IMG_7034-574x1024.jpeg","datePublished":"2025-03-13T20:49:18+00:00","dateModified":"2025-03-13T21:44:43+00:00","author":{"@id":"https:\/\/elsieart.pl\/#\/schema\/person\/818eb3c3d8144ede1c78eaca1156f3a3"},"breadcrumb":{"@id":"https:\/\/elsieart.pl\/?p=979#breadcrumb"},"inLanguage":"pl-PL","potentialAction":[{"@type":"ReadAction","target":["https:\/\/elsieart.pl\/?p=979"]}]},{"@type":"ImageObject","inLanguage":"pl-PL","@id":"https:\/\/elsieart.pl\/?p=979#primaryimage","url":"https:\/\/elsieart.pl\/wp-content\/uploads\/2025\/03\/IMG_7034.jpeg","contentUrl":"https:\/\/elsieart.pl\/wp-content\/uploads\/2025\/03\/IMG_7034.jpeg","width":720,"height":1285},{"@type":"BreadcrumbList","@id":"https:\/\/elsieart.pl\/?p=979#breadcrumb","itemListElement":[{"@type":"ListItem","position":1,"name":"Strona g\u0142\u00f3wna","item":"https:\/\/elsieart.pl\/"},{"@type":"ListItem","position":2,"name":"Gdy nie p\u0142ynie"}]},{"@type":"WebSite","@id":"https:\/\/elsieart.pl\/#website","url":"https:\/\/elsieart.pl\/","name":"NA\u2764NA...art czyli sztuka \u017bycia Dusz\u0105","description":"Anna Krajewska | Gdzie ludzkie spotyka si\u0119 z boskim","potentialAction":[{"@type":"SearchAction","target":{"@type":"EntryPoint","urlTemplate":"https:\/\/elsieart.pl\/?s={search_term_string}"},"query-input":{"@type":"PropertyValueSpecification","valueRequired":true,"valueName":"search_term_string"}}],"inLanguage":"pl-PL"},{"@type":"Person","@id":"https:\/\/elsieart.pl\/#\/schema\/person\/818eb3c3d8144ede1c78eaca1156f3a3","name":"Anna Krajewska","image":{"@type":"ImageObject","inLanguage":"pl-PL","@id":"https:\/\/secure.gravatar.com\/avatar\/f8702c146031dc3a604b2968503f6b5a36ce29db33ea2369631cf1e9129f349d?s=96&d=mm&r=g","url":"https:\/\/secure.gravatar.com\/avatar\/f8702c146031dc3a604b2968503f6b5a36ce29db33ea2369631cf1e9129f349d?s=96&d=mm&r=g","contentUrl":"https:\/\/secure.gravatar.com\/avatar\/f8702c146031dc3a604b2968503f6b5a36ce29db33ea2369631cf1e9129f349d?s=96&d=mm&r=g","caption":"Anna Krajewska"},"sameAs":["https:\/\/elsieart.pl"],"url":"https:\/\/elsieart.pl\/?author=1"}]}},"_links":{"self":[{"href":"https:\/\/elsieart.pl\/index.php?rest_route=\/wp\/v2\/posts\/979","targetHints":{"allow":["GET"]}}],"collection":[{"href":"https:\/\/elsieart.pl\/index.php?rest_route=\/wp\/v2\/posts"}],"about":[{"href":"https:\/\/elsieart.pl\/index.php?rest_route=\/wp\/v2\/types\/post"}],"author":[{"embeddable":true,"href":"https:\/\/elsieart.pl\/index.php?rest_route=\/wp\/v2\/users\/1"}],"replies":[{"embeddable":true,"href":"https:\/\/elsieart.pl\/index.php?rest_route=%2Fwp%2Fv2%2Fcomments&post=979"}],"version-history":[{"count":3,"href":"https:\/\/elsieart.pl\/index.php?rest_route=\/wp\/v2\/posts\/979\/revisions"}],"predecessor-version":[{"id":984,"href":"https:\/\/elsieart.pl\/index.php?rest_route=\/wp\/v2\/posts\/979\/revisions\/984"}],"wp:attachment":[{"href":"https:\/\/elsieart.pl\/index.php?rest_route=%2Fwp%2Fv2%2Fmedia&parent=979"}],"wp:term":[{"taxonomy":"category","embeddable":true,"href":"https:\/\/elsieart.pl\/index.php?rest_route=%2Fwp%2Fv2%2Fcategories&post=979"},{"taxonomy":"post_tag","embeddable":true,"href":"https:\/\/elsieart.pl\/index.php?rest_route=%2Fwp%2Fv2%2Ftags&post=979"}],"curies":[{"name":"wp","href":"https:\/\/api.w.org\/{rel}","templated":true}]}}