{"id":95,"date":"2024-09-06T18:19:00","date_gmt":"2024-09-06T18:19:00","guid":{"rendered":"https:\/\/elsieart.pl\/?p=95"},"modified":"2024-11-17T18:25:21","modified_gmt":"2024-11-17T18:25:21","slug":"gdy-przygladam-sie-mojej-milosci","status":"publish","type":"post","link":"https:\/\/elsieart.pl\/?p=95","title":{"rendered":"Gdy przygl\u0105dam si\u0119 mojej mi\u0142o\u015bci\u2026"},"content":{"rendered":"\n<p class=\"wp-block-paragraph\"><br>Gdy przygl\u0105dam si\u0119 w ciszy i spokoju mego serca\u2026mi\u0142o\u015bci kt\u00f3ra jest i przep\u0142ywa przeze mnie\u2026obserwuj\u0119, jak ona jest delikatnie ekspansywna, widz\u0119 jej moc wp\u0142yni\u0119cia                              w najmniejsze zakamarki mej istoty, jak w ciszy, pokonuj\u0105c ka\u017cdy najmniejszy nawet op\u00f3r, powoli, bez przemocy, a jednak stanowczo, p\u0142ynie wsz\u0119dzie tam\u2026gdzie ma by\u0107\u2026szczeg\u00f3lnie tam gdzie ma by\u0107, gdzie cz\u0105stki mnie jeszcze nie zosta\u0142y obj\u0119te\u2026pozostaj\u0105 w cieniu\u2026i gdzie mo\u017cliwe, \u017ce nigdy nie zajrza\u0142o \u015bwiat\u0142o.<\/p>\n\n\n\n<p class=\"wp-block-paragraph\">Gdy puszczam i pozwalam\u2026<\/p>\n\n\n\n<p class=\"wp-block-paragraph\">ciep\u0142e i wyrozumia\u0142e \u015bwiat\u0142o mi\u0142o\u015bci rozprzestrzenia si\u0119\u2026i budzi si\u0119 rado\u015b\u0107\u2026Ta rado\u015b\u0107 rozbrzmiewa dzwoneczkami istnienia, do\u015bwiadczania \u017bycia i jej samej\u2026Mi\u0142o\u015bci\u2026tak po prostu\u2026bez oczekiwa\u0144.<\/p>\n\n\n\n<p class=\"wp-block-paragraph\">Sama jej obecno\u015b\u0107 koi\u2026koi i uniewa\u017cnia\u2026wszystkie rozczarowania ego, kt\u00f3re nauczone jest sta\u0107 na stra\u017cy granic i standard\u00f3w,                                                                                                                        wi\u0119c broni i chroni. Je\u017celi broni\u0119 i chroni\u0119\u2026to znaczy, \u017ce si\u0119 boj\u0119.<\/p>\n\n\n\n<p class=\"wp-block-paragraph\">A mi\u0142o\u015b\u0107 m\u00f3wi:<\/p>\n\n\n\n<p class=\"wp-block-paragraph\">a mam ci\u0119 w nosie\u2026ja tu jestem wa\u017cniejsza, ja wiem, \u017ce jestem wszystkim\u2026Ty nie wiesz\u2026wi\u0119c pozwalam ci\u2026uczy\u0107 si\u0119.                                                                                                                                                   I mog\u0119 zobaczy\u0107, \u017ce rzeczywi\u015bcie jeszcze nie wiem i nie rozumiem.<\/p>\n\n\n\n<p class=\"wp-block-paragraph\">Przygl\u0105dam si\u0119\u2026jak ego si\u0119 z\u0142o\u015bci\u2026a mi\u0142o\u015b\u0107\u2026po prostu serdecznie si\u0119 \u015bmieje.<\/p>\n\n\n\n<p class=\"wp-block-paragraph\">No no no no\u2026o taaaak\u2026 no dalej, podnie\u015b jeszcze wy\u017cej g\u0142ow\u0119,                                                     krzycz i bij pi\u0119\u015bciami\u2026<\/p>\n\n\n\n<p class=\"wp-block-paragraph\">a ja\u2026sobie popatrz\u0119\u2026popatrz\u0119 z\u2026mi\u0142o\u015bci\u0105\u2026z perspektywy tego, czym jestem.<br>I b\u0119d\u0119 sta\u0142a tak d\u0142ugo i b\u0119d\u0119 ci pokazywa\u0142a tak d\u0142ugo, a\u017c wreszcie zobaczysz i zrozumiesz.<\/p>\n\n\n\n<p class=\"wp-block-paragraph\">I te granice i standardy ego s\u0105 potrzebne, s\u0105 wa\u017cne, ale\u2026nie bez mi\u0142o\u015bci\u2026a w mi\u0142o\u015bci w\u0142a\u015bnie. I wtedy stwarza si\u0119 jako\u015b\u0107.<\/p>\n\n\n\n<p class=\"wp-block-paragraph\">I Mi\u0142o\u015b\u0107, tak po prostu\u2026rozwala system.<\/p>\n\n\n\n<p class=\"wp-block-paragraph\">Kocham kocha\u0107 \u2764\ufe0f.<\/p>\n\n\n\n<p class=\"wp-block-paragraph\"><\/p>\n","protected":false},"excerpt":{"rendered":"<p>Gdy przygl\u0105dam si\u0119 w ciszy i spokoju mego serca\u2026mi\u0142o\u015bci kt\u00f3ra jest i przep\u0142ywa przeze mnie\u2026obserwuj\u0119, jak ona jest delikatnie ekspansywna, widz\u0119 jej moc wp\u0142yni\u0119cia w najmniejsze zakamarki mej istoty, jak w ciszy, pokonuj\u0105c ka\u017cdy najmniejszy nawet op\u00f3r, powoli, bez przemocy, a jednak stanowczo, p\u0142ynie wsz\u0119dzie tam\u2026gdzie ma by\u0107\u2026szczeg\u00f3lnie tam gdzie ma by\u0107, gdzie cz\u0105stki mnie &hellip; <\/p>\n<p class=\"link-more\"><a href=\"https:\/\/elsieart.pl\/?p=95\" class=\"more-link\">Czytaj dalej<span class=\"screen-reader-text\"> \u201eGdy przygl\u0105dam si\u0119 mojej mi\u0142o\u015bci\u2026\u201d<\/span><\/a><\/p>\n","protected":false},"author":1,"featured_media":0,"comment_status":"open","ping_status":"open","sticky":false,"template":"","format":"standard","meta":{"footnotes":""},"categories":[5,1],"tags":[],"class_list":["post-95","post","type-post","status-publish","format-standard","hentry","category-moja-droga-do-milosci","category-uncategorized"],"yoast_head":"<!-- This site is optimized with the Yoast SEO plugin v28.0 - https:\/\/yoast.com\/product\/yoast-seo-wordpress\/ -->\n<title>Gdy przygl\u0105dam si\u0119 mojej mi\u0142o\u015bci\u2026 - NA\u2764NA...art czyli sztuka \u017bycia Dusz\u0105<\/title>\n<meta name=\"robots\" content=\"index, follow, max-snippet:-1, max-image-preview:large, max-video-preview:-1\" \/>\n<link rel=\"canonical\" href=\"https:\/\/elsieart.pl\/?p=95\" \/>\n<meta property=\"og:locale\" content=\"pl_PL\" \/>\n<meta property=\"og:type\" content=\"article\" \/>\n<meta property=\"og:title\" content=\"Gdy przygl\u0105dam si\u0119 mojej mi\u0142o\u015bci\u2026 - NA\u2764NA...art czyli sztuka \u017bycia Dusz\u0105\" \/>\n<meta property=\"og:description\" content=\"Gdy przygl\u0105dam si\u0119 w ciszy i spokoju mego serca\u2026mi\u0142o\u015bci kt\u00f3ra jest i przep\u0142ywa przeze mnie\u2026obserwuj\u0119, jak ona jest delikatnie ekspansywna, widz\u0119 jej moc wp\u0142yni\u0119cia w najmniejsze zakamarki mej istoty, jak w ciszy, pokonuj\u0105c ka\u017cdy najmniejszy nawet op\u00f3r, powoli, bez przemocy, a jednak stanowczo, p\u0142ynie wsz\u0119dzie tam\u2026gdzie ma by\u0107\u2026szczeg\u00f3lnie tam gdzie ma by\u0107, gdzie cz\u0105stki mnie &hellip; Czytaj dalej \u201eGdy przygl\u0105dam si\u0119 mojej mi\u0142o\u015bci\u2026\u201d\" \/>\n<meta property=\"og:url\" content=\"https:\/\/elsieart.pl\/?p=95\" \/>\n<meta property=\"og:site_name\" content=\"NA\u2764NA...art czyli sztuka \u017bycia Dusz\u0105\" \/>\n<meta property=\"article:published_time\" content=\"2024-09-06T18:19:00+00:00\" \/>\n<meta property=\"article:modified_time\" content=\"2024-11-17T18:25:21+00:00\" \/>\n<meta name=\"author\" content=\"Anna Krajewska\" \/>\n<meta name=\"twitter:card\" content=\"summary_large_image\" \/>\n<meta name=\"twitter:label1\" content=\"Napisane przez\" \/>\n\t<meta name=\"twitter:data1\" content=\"Anna Krajewska\" \/>\n\t<meta name=\"twitter:label2\" content=\"Szacowany czas czytania\" \/>\n\t<meta name=\"twitter:data2\" content=\"2 minuty\" \/>\n<script type=\"application\/ld+json\" class=\"yoast-schema-graph\">{\"@context\":\"https:\\\/\\\/schema.org\",\"@graph\":[{\"@type\":\"Article\",\"@id\":\"https:\\\/\\\/elsieart.pl\\\/?p=95#article\",\"isPartOf\":{\"@id\":\"https:\\\/\\\/elsieart.pl\\\/?p=95\"},\"author\":{\"name\":\"Anna Krajewska\",\"@id\":\"https:\\\/\\\/elsieart.pl\\\/#\\\/schema\\\/person\\\/818eb3c3d8144ede1c78eaca1156f3a3\"},\"headline\":\"Gdy przygl\u0105dam si\u0119 mojej mi\u0142o\u015bci\u2026\",\"datePublished\":\"2024-09-06T18:19:00+00:00\",\"dateModified\":\"2024-11-17T18:25:21+00:00\",\"mainEntityOfPage\":{\"@id\":\"https:\\\/\\\/elsieart.pl\\\/?p=95\"},\"wordCount\":331,\"commentCount\":0,\"articleSection\":[\"Moja Droga do Mi\u0142o\u015bci\",\"Uncategorized\"],\"inLanguage\":\"pl-PL\",\"potentialAction\":[{\"@type\":\"CommentAction\",\"name\":\"Comment\",\"target\":[\"https:\\\/\\\/elsieart.pl\\\/?p=95#respond\"]}]},{\"@type\":\"WebPage\",\"@id\":\"https:\\\/\\\/elsieart.pl\\\/?p=95\",\"url\":\"https:\\\/\\\/elsieart.pl\\\/?p=95\",\"name\":\"Gdy przygl\u0105dam si\u0119 mojej mi\u0142o\u015bci\u2026 - NA\u2764NA...art czyli sztuka \u017bycia Dusz\u0105\",\"isPartOf\":{\"@id\":\"https:\\\/\\\/elsieart.pl\\\/#website\"},\"datePublished\":\"2024-09-06T18:19:00+00:00\",\"dateModified\":\"2024-11-17T18:25:21+00:00\",\"author\":{\"@id\":\"https:\\\/\\\/elsieart.pl\\\/#\\\/schema\\\/person\\\/818eb3c3d8144ede1c78eaca1156f3a3\"},\"breadcrumb\":{\"@id\":\"https:\\\/\\\/elsieart.pl\\\/?p=95#breadcrumb\"},\"inLanguage\":\"pl-PL\",\"potentialAction\":[{\"@type\":\"ReadAction\",\"target\":[\"https:\\\/\\\/elsieart.pl\\\/?p=95\"]}]},{\"@type\":\"BreadcrumbList\",\"@id\":\"https:\\\/\\\/elsieart.pl\\\/?p=95#breadcrumb\",\"itemListElement\":[{\"@type\":\"ListItem\",\"position\":1,\"name\":\"Strona g\u0142\u00f3wna\",\"item\":\"https:\\\/\\\/elsieart.pl\\\/\"},{\"@type\":\"ListItem\",\"position\":2,\"name\":\"Gdy przygl\u0105dam si\u0119 mojej mi\u0142o\u015bci\u2026\"}]},{\"@type\":\"WebSite\",\"@id\":\"https:\\\/\\\/elsieart.pl\\\/#website\",\"url\":\"https:\\\/\\\/elsieart.pl\\\/\",\"name\":\"NA\u2764NA...art czyli sztuka \u017bycia Dusz\u0105\",\"description\":\"Anna Krajewska | Gdzie ludzkie spotyka si\u0119 z boskim\",\"potentialAction\":[{\"@type\":\"SearchAction\",\"target\":{\"@type\":\"EntryPoint\",\"urlTemplate\":\"https:\\\/\\\/elsieart.pl\\\/?s={search_term_string}\"},\"query-input\":{\"@type\":\"PropertyValueSpecification\",\"valueRequired\":true,\"valueName\":\"search_term_string\"}}],\"inLanguage\":\"pl-PL\"},{\"@type\":\"Person\",\"@id\":\"https:\\\/\\\/elsieart.pl\\\/#\\\/schema\\\/person\\\/818eb3c3d8144ede1c78eaca1156f3a3\",\"name\":\"Anna Krajewska\",\"image\":{\"@type\":\"ImageObject\",\"inLanguage\":\"pl-PL\",\"@id\":\"https:\\\/\\\/secure.gravatar.com\\\/avatar\\\/f8702c146031dc3a604b2968503f6b5a36ce29db33ea2369631cf1e9129f349d?s=96&d=mm&r=g\",\"url\":\"https:\\\/\\\/secure.gravatar.com\\\/avatar\\\/f8702c146031dc3a604b2968503f6b5a36ce29db33ea2369631cf1e9129f349d?s=96&d=mm&r=g\",\"contentUrl\":\"https:\\\/\\\/secure.gravatar.com\\\/avatar\\\/f8702c146031dc3a604b2968503f6b5a36ce29db33ea2369631cf1e9129f349d?s=96&d=mm&r=g\",\"caption\":\"Anna Krajewska\"},\"sameAs\":[\"https:\\\/\\\/elsieart.pl\"],\"url\":\"https:\\\/\\\/elsieart.pl\\\/?author=1\"}]}<\/script>\n<!-- \/ Yoast SEO plugin. -->","yoast_head_json":{"title":"Gdy przygl\u0105dam si\u0119 mojej mi\u0142o\u015bci\u2026 - NA\u2764NA...art czyli sztuka \u017bycia Dusz\u0105","robots":{"index":"index","follow":"follow","max-snippet":"max-snippet:-1","max-image-preview":"max-image-preview:large","max-video-preview":"max-video-preview:-1"},"canonical":"https:\/\/elsieart.pl\/?p=95","og_locale":"pl_PL","og_type":"article","og_title":"Gdy przygl\u0105dam si\u0119 mojej mi\u0142o\u015bci\u2026 - NA\u2764NA...art czyli sztuka \u017bycia Dusz\u0105","og_description":"Gdy przygl\u0105dam si\u0119 w ciszy i spokoju mego serca\u2026mi\u0142o\u015bci kt\u00f3ra jest i przep\u0142ywa przeze mnie\u2026obserwuj\u0119, jak ona jest delikatnie ekspansywna, widz\u0119 jej moc wp\u0142yni\u0119cia w najmniejsze zakamarki mej istoty, jak w ciszy, pokonuj\u0105c ka\u017cdy najmniejszy nawet op\u00f3r, powoli, bez przemocy, a jednak stanowczo, p\u0142ynie wsz\u0119dzie tam\u2026gdzie ma by\u0107\u2026szczeg\u00f3lnie tam gdzie ma by\u0107, gdzie cz\u0105stki mnie &hellip; Czytaj dalej \u201eGdy przygl\u0105dam si\u0119 mojej mi\u0142o\u015bci\u2026\u201d","og_url":"https:\/\/elsieart.pl\/?p=95","og_site_name":"NA\u2764NA...art czyli sztuka \u017bycia Dusz\u0105","article_published_time":"2024-09-06T18:19:00+00:00","article_modified_time":"2024-11-17T18:25:21+00:00","author":"Anna Krajewska","twitter_card":"summary_large_image","twitter_misc":{"Napisane przez":"Anna Krajewska","Szacowany czas czytania":"2 minuty"},"schema":{"@context":"https:\/\/schema.org","@graph":[{"@type":"Article","@id":"https:\/\/elsieart.pl\/?p=95#article","isPartOf":{"@id":"https:\/\/elsieart.pl\/?p=95"},"author":{"name":"Anna Krajewska","@id":"https:\/\/elsieart.pl\/#\/schema\/person\/818eb3c3d8144ede1c78eaca1156f3a3"},"headline":"Gdy przygl\u0105dam si\u0119 mojej mi\u0142o\u015bci\u2026","datePublished":"2024-09-06T18:19:00+00:00","dateModified":"2024-11-17T18:25:21+00:00","mainEntityOfPage":{"@id":"https:\/\/elsieart.pl\/?p=95"},"wordCount":331,"commentCount":0,"articleSection":["Moja Droga do Mi\u0142o\u015bci","Uncategorized"],"inLanguage":"pl-PL","potentialAction":[{"@type":"CommentAction","name":"Comment","target":["https:\/\/elsieart.pl\/?p=95#respond"]}]},{"@type":"WebPage","@id":"https:\/\/elsieart.pl\/?p=95","url":"https:\/\/elsieart.pl\/?p=95","name":"Gdy przygl\u0105dam si\u0119 mojej mi\u0142o\u015bci\u2026 - NA\u2764NA...art czyli sztuka \u017bycia Dusz\u0105","isPartOf":{"@id":"https:\/\/elsieart.pl\/#website"},"datePublished":"2024-09-06T18:19:00+00:00","dateModified":"2024-11-17T18:25:21+00:00","author":{"@id":"https:\/\/elsieart.pl\/#\/schema\/person\/818eb3c3d8144ede1c78eaca1156f3a3"},"breadcrumb":{"@id":"https:\/\/elsieart.pl\/?p=95#breadcrumb"},"inLanguage":"pl-PL","potentialAction":[{"@type":"ReadAction","target":["https:\/\/elsieart.pl\/?p=95"]}]},{"@type":"BreadcrumbList","@id":"https:\/\/elsieart.pl\/?p=95#breadcrumb","itemListElement":[{"@type":"ListItem","position":1,"name":"Strona g\u0142\u00f3wna","item":"https:\/\/elsieart.pl\/"},{"@type":"ListItem","position":2,"name":"Gdy przygl\u0105dam si\u0119 mojej mi\u0142o\u015bci\u2026"}]},{"@type":"WebSite","@id":"https:\/\/elsieart.pl\/#website","url":"https:\/\/elsieart.pl\/","name":"NA\u2764NA...art czyli sztuka \u017bycia Dusz\u0105","description":"Anna Krajewska | Gdzie ludzkie spotyka si\u0119 z boskim","potentialAction":[{"@type":"SearchAction","target":{"@type":"EntryPoint","urlTemplate":"https:\/\/elsieart.pl\/?s={search_term_string}"},"query-input":{"@type":"PropertyValueSpecification","valueRequired":true,"valueName":"search_term_string"}}],"inLanguage":"pl-PL"},{"@type":"Person","@id":"https:\/\/elsieart.pl\/#\/schema\/person\/818eb3c3d8144ede1c78eaca1156f3a3","name":"Anna Krajewska","image":{"@type":"ImageObject","inLanguage":"pl-PL","@id":"https:\/\/secure.gravatar.com\/avatar\/f8702c146031dc3a604b2968503f6b5a36ce29db33ea2369631cf1e9129f349d?s=96&d=mm&r=g","url":"https:\/\/secure.gravatar.com\/avatar\/f8702c146031dc3a604b2968503f6b5a36ce29db33ea2369631cf1e9129f349d?s=96&d=mm&r=g","contentUrl":"https:\/\/secure.gravatar.com\/avatar\/f8702c146031dc3a604b2968503f6b5a36ce29db33ea2369631cf1e9129f349d?s=96&d=mm&r=g","caption":"Anna Krajewska"},"sameAs":["https:\/\/elsieart.pl"],"url":"https:\/\/elsieart.pl\/?author=1"}]}},"_links":{"self":[{"href":"https:\/\/elsieart.pl\/index.php?rest_route=\/wp\/v2\/posts\/95","targetHints":{"allow":["GET"]}}],"collection":[{"href":"https:\/\/elsieart.pl\/index.php?rest_route=\/wp\/v2\/posts"}],"about":[{"href":"https:\/\/elsieart.pl\/index.php?rest_route=\/wp\/v2\/types\/post"}],"author":[{"embeddable":true,"href":"https:\/\/elsieart.pl\/index.php?rest_route=\/wp\/v2\/users\/1"}],"replies":[{"embeddable":true,"href":"https:\/\/elsieart.pl\/index.php?rest_route=%2Fwp%2Fv2%2Fcomments&post=95"}],"version-history":[{"count":2,"href":"https:\/\/elsieart.pl\/index.php?rest_route=\/wp\/v2\/posts\/95\/revisions"}],"predecessor-version":[{"id":97,"href":"https:\/\/elsieart.pl\/index.php?rest_route=\/wp\/v2\/posts\/95\/revisions\/97"}],"wp:attachment":[{"href":"https:\/\/elsieart.pl\/index.php?rest_route=%2Fwp%2Fv2%2Fmedia&parent=95"}],"wp:term":[{"taxonomy":"category","embeddable":true,"href":"https:\/\/elsieart.pl\/index.php?rest_route=%2Fwp%2Fv2%2Fcategories&post=95"},{"taxonomy":"post_tag","embeddable":true,"href":"https:\/\/elsieart.pl\/index.php?rest_route=%2Fwp%2Fv2%2Ftags&post=95"}],"curies":[{"name":"wp","href":"https:\/\/api.w.org\/{rel}","templated":true}]}}