{"id":92,"date":"2024-09-22T18:03:00","date_gmt":"2024-09-22T18:03:00","guid":{"rendered":"https:\/\/elsieart.pl\/?p=92"},"modified":"2025-02-28T14:43:53","modified_gmt":"2025-02-28T14:43:53","slug":"92","status":"publish","type":"post","link":"https:\/\/elsieart.pl\/?p=92","title":{"rendered":""},"content":{"rendered":"\n<p class=\"wp-block-paragraph\">Wiecz\u00f3r, Kicia przychodzi i zagl\u0105da mi w oczy\u2026                                                                                       sprawdza, co u mnie.<br>I ja te\u017c zapyta\u0142am\u2026co u Ciebie, Aniu?<br>Co mog\u0119 dla Ciebie zrobi\u0107\u2026Aniu?<br>I us\u0142ysza\u0142am jej odpowied\u017a:                                                                                                                                                           -potrzebuj\u0119 twojej Obecno\u015bci. B\u0105d\u017a dla mnie, obejmij mnie, obejmij mnie naprawd\u0119 i na sto procent.<\/p>\n\n\n\n<p class=\"wp-block-paragraph\">\u0141agodne d\u017awi\u0119ki muzyki docieraj\u0105ce do mojego wn\u0119trza p\u0142yn\u0119\u0142y przeze mnie\u2026                                          i nagle poczu\u0142am\u2026jak moje d\u0142onie\u2026zacz\u0119\u0142y si\u0119 otwiera\u0107\u2026otwiera\u0107\u2026i puszcza\u0107.<\/p>\n\n\n\n<p class=\"wp-block-paragraph\">Jak kolorowe baloniki\u2026trzymane za cienkie sznureczki\u2026tak d\u0142ugo,                                                            tak d\u0142ugo i kurczowo\u2026za d\u0142ugo\u2026<\/p>\n\n\n\n<p class=\"wp-block-paragraph\">\u2026stare i nowe my\u015bli, stare i nowe historie, stare i nowe emocje,                                                                  stare i nowe niespe\u0142nione uczucia, stare i nowe niezaspokojone potrzeby,                                       stare i nowe rany\u2026<\/p>\n\n\n\n<p class=\"wp-block-paragraph\">nawet to co przynosi\u0142o rado\u015b\u0107\u2026a nawet to, co t\u0105 rado\u015b\u0107 ma dopiero przynie\u015b\u0107\u2026<\/p>\n\n\n\n<p class=\"wp-block-paragraph\">wszystko ulatywa\u0142o w niebo\u2026wolne powoli wypuszczone z rozlu\u017anionej w akceptacji d\u0142oni\u2026unosi\u0142o si\u0119 lekko\u2026<\/p>\n\n\n\n<p class=\"wp-block-paragraph\">I moje wn\u0119trze opustosza\u0142o, pojawi\u0142a si\u0119 cisza, znik\u0142y my\u015bli, uczucia i historie\u2026                                            i moje serce otrzyma\u0142o now\u0105 przestrze\u0144 i miejsce do \u017cycia, do ekspansji, do wzrostu, do poszerzania si\u0119\u2026<\/p>\n\n\n\n<p class=\"wp-block-paragraph\">I moje d\u0142onie\u2026wreszcie wolne\u2026 mog\u0142y mnie obj\u0105\u0107\u2026tak\u2026na sto procent.<\/p>\n\n\n\n<p class=\"wp-block-paragraph\">Przysz\u0142o u\u015bwiadomienie\u2026\u017ce jak\u017ce cz\u0119sto obejmowa\u0142am kogo\u015b lub co\u015b, trzyma\u0142am otwarte d\u0142onie dla kogo\u015b lub czego\u015b\u2026zapominaj\u0105c o samej sobie.<br>Dzi\u0119kuj\u0119\u2026bo zrozumia\u0142am, \u017ce tak naprawd\u0119 nie zawsze trzyma\u0142am siebie za r\u0119k\u0119&#8230;albo za cz\u0119sto j\u0105 puszcza\u0142am\u2026<\/p>\n\n\n\n<p class=\"wp-block-paragraph\">Trzymam moje serce s\u0142odkie i otwarte\u2026Kocham.<\/p>\n\n\n\n<figure class=\"wp-block-image size-full\"><img loading=\"lazy\" decoding=\"async\" width=\"474\" height=\"714\" src=\"http:\/\/elsieart.pl\/wp-content\/uploads\/2024\/09\/IMG_3671.jpeg\" alt=\"\" class=\"wp-image-859\" srcset=\"https:\/\/elsieart.pl\/wp-content\/uploads\/2024\/09\/IMG_3671.jpeg 474w, https:\/\/elsieart.pl\/wp-content\/uploads\/2024\/09\/IMG_3671-199x300.jpeg 199w\" sizes=\"auto, (max-width: 474px) 100vw, 474px\" \/><figcaption class=\"wp-element-caption\">fot.facebook<\/figcaption><\/figure>\n","protected":false},"excerpt":{"rendered":"<p>Wiecz\u00f3r, Kicia przychodzi i zagl\u0105da mi w oczy\u2026 sprawdza, co u mnie.I ja te\u017c zapyta\u0142am\u2026co u Ciebie, Aniu?Co mog\u0119 dla Ciebie zrobi\u0107\u2026Aniu?I us\u0142ysza\u0142am jej odpowied\u017a: -potrzebuj\u0119 twojej Obecno\u015bci. B\u0105d\u017a dla mnie, obejmij mnie, obejmij mnie naprawd\u0119 i na sto procent. \u0141agodne d\u017awi\u0119ki muzyki docieraj\u0105ce do mojego wn\u0119trza p\u0142yn\u0119\u0142y przeze mnie\u2026 i nagle poczu\u0142am\u2026jak moje d\u0142onie\u2026zacz\u0119\u0142y &hellip; <\/p>\n<p class=\"link-more\"><a href=\"https:\/\/elsieart.pl\/?p=92\" class=\"more-link\">Czytaj dalej<span class=\"screen-reader-text\"> \u201e\u201d<\/span><\/a><\/p>\n","protected":false},"author":1,"featured_media":0,"comment_status":"open","ping_status":"open","sticky":false,"template":"","format":"standard","meta":{"footnotes":""},"categories":[5],"tags":[],"class_list":["post-92","post","type-post","status-publish","format-standard","hentry","category-moja-droga-do-milosci"],"yoast_head":"<!-- This site is optimized with the Yoast SEO plugin v28.0 - https:\/\/yoast.com\/product\/yoast-seo-wordpress\/ -->\n<title>- NA\u2764NA...art czyli sztuka \u017bycia Dusz\u0105<\/title>\n<meta name=\"robots\" content=\"index, follow, max-snippet:-1, max-image-preview:large, max-video-preview:-1\" \/>\n<link rel=\"canonical\" href=\"https:\/\/elsieart.pl\/?p=92\" \/>\n<meta property=\"og:locale\" content=\"pl_PL\" \/>\n<meta property=\"og:type\" content=\"article\" \/>\n<meta property=\"og:title\" content=\"- NA\u2764NA...art czyli sztuka \u017bycia Dusz\u0105\" \/>\n<meta property=\"og:description\" content=\"Wiecz\u00f3r, Kicia przychodzi i zagl\u0105da mi w oczy\u2026 sprawdza, co u mnie.I ja te\u017c zapyta\u0142am\u2026co u Ciebie, Aniu?Co mog\u0119 dla Ciebie zrobi\u0107\u2026Aniu?I us\u0142ysza\u0142am jej odpowied\u017a: -potrzebuj\u0119 twojej Obecno\u015bci. B\u0105d\u017a dla mnie, obejmij mnie, obejmij mnie naprawd\u0119 i na sto procent. \u0141agodne d\u017awi\u0119ki muzyki docieraj\u0105ce do mojego wn\u0119trza p\u0142yn\u0119\u0142y przeze mnie\u2026 i nagle poczu\u0142am\u2026jak moje d\u0142onie\u2026zacz\u0119\u0142y &hellip; Czytaj dalej \u201e\u201d\" \/>\n<meta property=\"og:url\" content=\"https:\/\/elsieart.pl\/?p=92\" \/>\n<meta property=\"og:site_name\" content=\"NA\u2764NA...art czyli sztuka \u017bycia Dusz\u0105\" \/>\n<meta property=\"article:published_time\" content=\"2024-09-22T18:03:00+00:00\" \/>\n<meta property=\"article:modified_time\" content=\"2025-02-28T14:43:53+00:00\" \/>\n<meta property=\"og:image\" content=\"https:\/\/elsieart.pl\/wp-content\/uploads\/2024\/09\/IMG_3671.jpeg\" \/>\n\t<meta property=\"og:image:width\" content=\"474\" \/>\n\t<meta property=\"og:image:height\" content=\"714\" \/>\n\t<meta property=\"og:image:type\" content=\"image\/jpeg\" \/>\n<meta name=\"author\" content=\"Anna Krajewska\" \/>\n<meta name=\"twitter:card\" content=\"summary_large_image\" \/>\n<meta name=\"twitter:label1\" content=\"Napisane przez\" \/>\n\t<meta name=\"twitter:data1\" content=\"Anna Krajewska\" \/>\n\t<meta name=\"twitter:label2\" content=\"Szacowany czas czytania\" \/>\n\t<meta name=\"twitter:data2\" content=\"1 minuta\" \/>\n<script type=\"application\/ld+json\" class=\"yoast-schema-graph\">{\"@context\":\"https:\\\/\\\/schema.org\",\"@graph\":[{\"@type\":\"Article\",\"@id\":\"https:\\\/\\\/elsieart.pl\\\/?p=92#article\",\"isPartOf\":{\"@id\":\"https:\\\/\\\/elsieart.pl\\\/?p=92\"},\"author\":{\"name\":\"Anna Krajewska\",\"@id\":\"https:\\\/\\\/elsieart.pl\\\/#\\\/schema\\\/person\\\/818eb3c3d8144ede1c78eaca1156f3a3\"},\"headline\":\"Brak tytu\u0142u\",\"datePublished\":\"2024-09-22T18:03:00+00:00\",\"dateModified\":\"2025-02-28T14:43:53+00:00\",\"mainEntityOfPage\":{\"@id\":\"https:\\\/\\\/elsieart.pl\\\/?p=92\"},\"wordCount\":273,\"commentCount\":0,\"image\":{\"@id\":\"https:\\\/\\\/elsieart.pl\\\/?p=92#primaryimage\"},\"thumbnailUrl\":\"http:\\\/\\\/elsieart.pl\\\/wp-content\\\/uploads\\\/2024\\\/09\\\/IMG_3671.jpeg\",\"articleSection\":[\"Moja Droga do Mi\u0142o\u015bci\"],\"inLanguage\":\"pl-PL\",\"potentialAction\":[{\"@type\":\"CommentAction\",\"name\":\"Comment\",\"target\":[\"https:\\\/\\\/elsieart.pl\\\/?p=92#respond\"]}]},{\"@type\":\"WebPage\",\"@id\":\"https:\\\/\\\/elsieart.pl\\\/?p=92\",\"url\":\"https:\\\/\\\/elsieart.pl\\\/?p=92\",\"name\":\"- NA\u2764NA...art czyli sztuka \u017bycia Dusz\u0105\",\"isPartOf\":{\"@id\":\"https:\\\/\\\/elsieart.pl\\\/#website\"},\"primaryImageOfPage\":{\"@id\":\"https:\\\/\\\/elsieart.pl\\\/?p=92#primaryimage\"},\"image\":{\"@id\":\"https:\\\/\\\/elsieart.pl\\\/?p=92#primaryimage\"},\"thumbnailUrl\":\"http:\\\/\\\/elsieart.pl\\\/wp-content\\\/uploads\\\/2024\\\/09\\\/IMG_3671.jpeg\",\"datePublished\":\"2024-09-22T18:03:00+00:00\",\"dateModified\":\"2025-02-28T14:43:53+00:00\",\"author\":{\"@id\":\"https:\\\/\\\/elsieart.pl\\\/#\\\/schema\\\/person\\\/818eb3c3d8144ede1c78eaca1156f3a3\"},\"inLanguage\":\"pl-PL\",\"potentialAction\":[{\"@type\":\"ReadAction\",\"target\":[\"https:\\\/\\\/elsieart.pl\\\/?p=92\"]}]},{\"@type\":\"ImageObject\",\"inLanguage\":\"pl-PL\",\"@id\":\"https:\\\/\\\/elsieart.pl\\\/?p=92#primaryimage\",\"url\":\"https:\\\/\\\/elsieart.pl\\\/wp-content\\\/uploads\\\/2024\\\/09\\\/IMG_3671.jpeg\",\"contentUrl\":\"https:\\\/\\\/elsieart.pl\\\/wp-content\\\/uploads\\\/2024\\\/09\\\/IMG_3671.jpeg\",\"width\":474,\"height\":714},{\"@type\":\"WebSite\",\"@id\":\"https:\\\/\\\/elsieart.pl\\\/#website\",\"url\":\"https:\\\/\\\/elsieart.pl\\\/\",\"name\":\"NA\u2764NA...art czyli sztuka \u017bycia Dusz\u0105\",\"description\":\"Anna Krajewska | Gdzie ludzkie spotyka si\u0119 z boskim\",\"potentialAction\":[{\"@type\":\"SearchAction\",\"target\":{\"@type\":\"EntryPoint\",\"urlTemplate\":\"https:\\\/\\\/elsieart.pl\\\/?s={search_term_string}\"},\"query-input\":{\"@type\":\"PropertyValueSpecification\",\"valueRequired\":true,\"valueName\":\"search_term_string\"}}],\"inLanguage\":\"pl-PL\"},{\"@type\":\"Person\",\"@id\":\"https:\\\/\\\/elsieart.pl\\\/#\\\/schema\\\/person\\\/818eb3c3d8144ede1c78eaca1156f3a3\",\"name\":\"Anna Krajewska\",\"image\":{\"@type\":\"ImageObject\",\"inLanguage\":\"pl-PL\",\"@id\":\"https:\\\/\\\/secure.gravatar.com\\\/avatar\\\/f8702c146031dc3a604b2968503f6b5a36ce29db33ea2369631cf1e9129f349d?s=96&d=mm&r=g\",\"url\":\"https:\\\/\\\/secure.gravatar.com\\\/avatar\\\/f8702c146031dc3a604b2968503f6b5a36ce29db33ea2369631cf1e9129f349d?s=96&d=mm&r=g\",\"contentUrl\":\"https:\\\/\\\/secure.gravatar.com\\\/avatar\\\/f8702c146031dc3a604b2968503f6b5a36ce29db33ea2369631cf1e9129f349d?s=96&d=mm&r=g\",\"caption\":\"Anna Krajewska\"},\"sameAs\":[\"https:\\\/\\\/elsieart.pl\"],\"url\":\"https:\\\/\\\/elsieart.pl\\\/?author=1\"}]}<\/script>\n<!-- \/ Yoast SEO plugin. -->","yoast_head_json":{"title":"- NA\u2764NA...art czyli sztuka \u017bycia Dusz\u0105","robots":{"index":"index","follow":"follow","max-snippet":"max-snippet:-1","max-image-preview":"max-image-preview:large","max-video-preview":"max-video-preview:-1"},"canonical":"https:\/\/elsieart.pl\/?p=92","og_locale":"pl_PL","og_type":"article","og_title":"- NA\u2764NA...art czyli sztuka \u017bycia Dusz\u0105","og_description":"Wiecz\u00f3r, Kicia przychodzi i zagl\u0105da mi w oczy\u2026 sprawdza, co u mnie.I ja te\u017c zapyta\u0142am\u2026co u Ciebie, Aniu?Co mog\u0119 dla Ciebie zrobi\u0107\u2026Aniu?I us\u0142ysza\u0142am jej odpowied\u017a: -potrzebuj\u0119 twojej Obecno\u015bci. B\u0105d\u017a dla mnie, obejmij mnie, obejmij mnie naprawd\u0119 i na sto procent. \u0141agodne d\u017awi\u0119ki muzyki docieraj\u0105ce do mojego wn\u0119trza p\u0142yn\u0119\u0142y przeze mnie\u2026 i nagle poczu\u0142am\u2026jak moje d\u0142onie\u2026zacz\u0119\u0142y &hellip; Czytaj dalej \u201e\u201d","og_url":"https:\/\/elsieart.pl\/?p=92","og_site_name":"NA\u2764NA...art czyli sztuka \u017bycia Dusz\u0105","article_published_time":"2024-09-22T18:03:00+00:00","article_modified_time":"2025-02-28T14:43:53+00:00","og_image":[{"width":474,"height":714,"url":"https:\/\/elsieart.pl\/wp-content\/uploads\/2024\/09\/IMG_3671.jpeg","type":"image\/jpeg"}],"author":"Anna Krajewska","twitter_card":"summary_large_image","twitter_misc":{"Napisane przez":"Anna Krajewska","Szacowany czas czytania":"1 minuta"},"schema":{"@context":"https:\/\/schema.org","@graph":[{"@type":"Article","@id":"https:\/\/elsieart.pl\/?p=92#article","isPartOf":{"@id":"https:\/\/elsieart.pl\/?p=92"},"author":{"name":"Anna Krajewska","@id":"https:\/\/elsieart.pl\/#\/schema\/person\/818eb3c3d8144ede1c78eaca1156f3a3"},"headline":"Brak tytu\u0142u","datePublished":"2024-09-22T18:03:00+00:00","dateModified":"2025-02-28T14:43:53+00:00","mainEntityOfPage":{"@id":"https:\/\/elsieart.pl\/?p=92"},"wordCount":273,"commentCount":0,"image":{"@id":"https:\/\/elsieart.pl\/?p=92#primaryimage"},"thumbnailUrl":"http:\/\/elsieart.pl\/wp-content\/uploads\/2024\/09\/IMG_3671.jpeg","articleSection":["Moja Droga do Mi\u0142o\u015bci"],"inLanguage":"pl-PL","potentialAction":[{"@type":"CommentAction","name":"Comment","target":["https:\/\/elsieart.pl\/?p=92#respond"]}]},{"@type":"WebPage","@id":"https:\/\/elsieart.pl\/?p=92","url":"https:\/\/elsieart.pl\/?p=92","name":"- NA\u2764NA...art czyli sztuka \u017bycia Dusz\u0105","isPartOf":{"@id":"https:\/\/elsieart.pl\/#website"},"primaryImageOfPage":{"@id":"https:\/\/elsieart.pl\/?p=92#primaryimage"},"image":{"@id":"https:\/\/elsieart.pl\/?p=92#primaryimage"},"thumbnailUrl":"http:\/\/elsieart.pl\/wp-content\/uploads\/2024\/09\/IMG_3671.jpeg","datePublished":"2024-09-22T18:03:00+00:00","dateModified":"2025-02-28T14:43:53+00:00","author":{"@id":"https:\/\/elsieart.pl\/#\/schema\/person\/818eb3c3d8144ede1c78eaca1156f3a3"},"inLanguage":"pl-PL","potentialAction":[{"@type":"ReadAction","target":["https:\/\/elsieart.pl\/?p=92"]}]},{"@type":"ImageObject","inLanguage":"pl-PL","@id":"https:\/\/elsieart.pl\/?p=92#primaryimage","url":"https:\/\/elsieart.pl\/wp-content\/uploads\/2024\/09\/IMG_3671.jpeg","contentUrl":"https:\/\/elsieart.pl\/wp-content\/uploads\/2024\/09\/IMG_3671.jpeg","width":474,"height":714},{"@type":"WebSite","@id":"https:\/\/elsieart.pl\/#website","url":"https:\/\/elsieart.pl\/","name":"NA\u2764NA...art czyli sztuka \u017bycia Dusz\u0105","description":"Anna Krajewska | Gdzie ludzkie spotyka si\u0119 z boskim","potentialAction":[{"@type":"SearchAction","target":{"@type":"EntryPoint","urlTemplate":"https:\/\/elsieart.pl\/?s={search_term_string}"},"query-input":{"@type":"PropertyValueSpecification","valueRequired":true,"valueName":"search_term_string"}}],"inLanguage":"pl-PL"},{"@type":"Person","@id":"https:\/\/elsieart.pl\/#\/schema\/person\/818eb3c3d8144ede1c78eaca1156f3a3","name":"Anna Krajewska","image":{"@type":"ImageObject","inLanguage":"pl-PL","@id":"https:\/\/secure.gravatar.com\/avatar\/f8702c146031dc3a604b2968503f6b5a36ce29db33ea2369631cf1e9129f349d?s=96&d=mm&r=g","url":"https:\/\/secure.gravatar.com\/avatar\/f8702c146031dc3a604b2968503f6b5a36ce29db33ea2369631cf1e9129f349d?s=96&d=mm&r=g","contentUrl":"https:\/\/secure.gravatar.com\/avatar\/f8702c146031dc3a604b2968503f6b5a36ce29db33ea2369631cf1e9129f349d?s=96&d=mm&r=g","caption":"Anna Krajewska"},"sameAs":["https:\/\/elsieart.pl"],"url":"https:\/\/elsieart.pl\/?author=1"}]}},"_links":{"self":[{"href":"https:\/\/elsieart.pl\/index.php?rest_route=\/wp\/v2\/posts\/92","targetHints":{"allow":["GET"]}}],"collection":[{"href":"https:\/\/elsieart.pl\/index.php?rest_route=\/wp\/v2\/posts"}],"about":[{"href":"https:\/\/elsieart.pl\/index.php?rest_route=\/wp\/v2\/types\/post"}],"author":[{"embeddable":true,"href":"https:\/\/elsieart.pl\/index.php?rest_route=\/wp\/v2\/users\/1"}],"replies":[{"embeddable":true,"href":"https:\/\/elsieart.pl\/index.php?rest_route=%2Fwp%2Fv2%2Fcomments&post=92"}],"version-history":[{"count":3,"href":"https:\/\/elsieart.pl\/index.php?rest_route=\/wp\/v2\/posts\/92\/revisions"}],"predecessor-version":[{"id":860,"href":"https:\/\/elsieart.pl\/index.php?rest_route=\/wp\/v2\/posts\/92\/revisions\/860"}],"wp:attachment":[{"href":"https:\/\/elsieart.pl\/index.php?rest_route=%2Fwp%2Fv2%2Fmedia&parent=92"}],"wp:term":[{"taxonomy":"category","embeddable":true,"href":"https:\/\/elsieart.pl\/index.php?rest_route=%2Fwp%2Fv2%2Fcategories&post=92"},{"taxonomy":"post_tag","embeddable":true,"href":"https:\/\/elsieart.pl\/index.php?rest_route=%2Fwp%2Fv2%2Ftags&post=92"}],"curies":[{"name":"wp","href":"https:\/\/api.w.org\/{rel}","templated":true}]}}