{"id":910,"date":"2025-03-02T09:32:34","date_gmt":"2025-03-02T09:32:34","guid":{"rendered":"https:\/\/elsieart.pl\/?p=910"},"modified":"2025-03-02T09:40:25","modified_gmt":"2025-03-02T09:40:25","slug":"%f0%9f%a9%b7","status":"publish","type":"post","link":"https:\/\/elsieart.pl\/?p=910","title":{"rendered":"\ud83e\ude77\u00a0"},"content":{"rendered":"\n<p class=\"wp-block-paragraph\">Niedziela. <br>Zanim wsta\u0142am z \u0142\u00f3\u017cka, powiedzia\u0142am do Siebie:\u00a0<\/p>\n\n\n\n<p class=\"wp-block-paragraph\">Aniu, dzisiaj jest pi\u0119kny, spokojny dzie\u0144, <br>czas p\u0142ynie bardzo\u2026bardzo powoli, <br>na wszystko mam czas i jestem tylko w moim sercu\u2026<br>i tylko w tu i teraz.<\/p>\n\n\n\n<p class=\"wp-block-paragraph\">Potem kawa i oczywi\u015bcie pami\u0119ta\u0142am, <br>aby nie zalewa\u0107 wrz\u0105tkiem i oczywi\u015bcie, <br>gdy zalewa\u0142am zrobi\u0142o si\u0119 serduszko. <br>I zaplanowa\u0142am dzie\u0144 beauty, <br>st\u00f3pki, masa\u017c buzi, k\u0105piel w solance i paznokcie\u2026<br>koloru r\u00f3\u017cowo-czerwonego z ma\u0142ym serduszkiem na serdecznym palcu. <br>Skr\u00f3c\u0119 d\u0142ugo\u015b\u0107, bo \u017by\u0107ko sobie p\u0142ynie, one rosn\u0105, <br>a ja nie mam tych kochanych plec\u00f3w, <br>kt\u00f3re mog\u0142abym z rozkosz\u0105 drapa\u0107 \ud83d\ude1b. <br>A byle jakich nie potrzebuj\u0119.<\/p>\n\n\n\n<p class=\"wp-block-paragraph\">Ale najpierw spacer z dziewczynami. <br>I posz\u0142am sobie na \u0142\u0105czk\u0119. <br>No i c\u00f3\u017c\u2026dzie\u0144 beauty\u2026ale dusza moja jak to ona, <br>wiecznie ta sama\u2026Anka! Jaki dzie\u0144 beauty, <br>robi\u0107 \u017cycie, \u017cycie si\u0119 robi, \u017cycie si\u0119 czuje. <br>I ju\u017c mi tam co\u015b zapodaj\u0119.\u00a0<\/p>\n\n\n\n<p class=\"wp-block-paragraph\">Ach\u2026ju\u017c si\u0119 przyzwyczai\u0142am\u2026ju\u017c si\u0119 nawet nie buntuj\u0119\u2026<br>\u017ce ona tak wiecznie do mnie nadaje\u2026co ja si\u0119 z ni\u0105 mam.\u00a0<\/p>\n\n\n\n<p class=\"wp-block-paragraph\">Patrz\u0119 na drzewa, na wilgotn\u0105 ziemi\u0119. <br>Pomy\u015bla\u0142am\u2026posz\u0142aby ja na jakiego\u015b grilla albo co. <br>Jaki tam grill, to\u0107 mia\u0142a\u015b skrobn\u0105\u0107 co\u015b o materializacji <br>o duchu i materii\u2026ech\u2026tak wi\u0119c\u2026tak.<\/p>\n\n\n\n<p class=\"wp-block-paragraph\">Ale paznokci nie odpuszcz\u0119!<br><\/p>\n\n\n\n<figure class=\"wp-block-image size-full\"><img loading=\"lazy\" decoding=\"async\" width=\"600\" height=\"720\" src=\"http:\/\/elsieart.pl\/wp-content\/uploads\/2025\/03\/IMG_7073.jpeg\" alt=\"\" class=\"wp-image-912\" srcset=\"https:\/\/elsieart.pl\/wp-content\/uploads\/2025\/03\/IMG_7073.jpeg 600w, https:\/\/elsieart.pl\/wp-content\/uploads\/2025\/03\/IMG_7073-250x300.jpeg 250w\" sizes=\"auto, (max-width: 600px) 100vw, 600px\" \/><figcaption class=\"wp-element-caption\">fot.Internet <\/figcaption><\/figure>\n","protected":false},"excerpt":{"rendered":"<p>Niedziela. Zanim wsta\u0142am z \u0142\u00f3\u017cka, powiedzia\u0142am do Siebie:\u00a0 Aniu, dzisiaj jest pi\u0119kny, spokojny dzie\u0144, czas p\u0142ynie bardzo\u2026bardzo powoli, na wszystko mam czas i jestem tylko w moim sercu\u2026i tylko w tu i teraz. Potem kawa i oczywi\u015bcie pami\u0119ta\u0142am, aby nie zalewa\u0107 wrz\u0105tkiem i oczywi\u015bcie, gdy zalewa\u0142am zrobi\u0142o si\u0119 serduszko. I zaplanowa\u0142am dzie\u0144 beauty, st\u00f3pki, masa\u017c &hellip; <\/p>\n<p class=\"link-more\"><a href=\"https:\/\/elsieart.pl\/?p=910\" class=\"more-link\">Czytaj dalej<span class=\"screen-reader-text\"> \u201e\ud83e\ude77\u00a0\u201d<\/span><\/a><\/p>\n","protected":false},"author":1,"featured_media":0,"comment_status":"open","ping_status":"open","sticky":false,"template":"","format":"standard","meta":{"footnotes":""},"categories":[5],"tags":[],"class_list":["post-910","post","type-post","status-publish","format-standard","hentry","category-moja-droga-do-milosci"],"yoast_head":"<!-- This site is optimized with the Yoast SEO plugin v28.0 - https:\/\/yoast.com\/product\/yoast-seo-wordpress\/ -->\n<title>\ud83e\ude77\u00a0 - NA\u2764NA...art czyli sztuka \u017bycia Dusz\u0105<\/title>\n<meta name=\"robots\" content=\"index, follow, max-snippet:-1, max-image-preview:large, max-video-preview:-1\" \/>\n<link rel=\"canonical\" href=\"https:\/\/elsieart.pl\/?p=910\" \/>\n<meta property=\"og:locale\" content=\"pl_PL\" \/>\n<meta property=\"og:type\" content=\"article\" \/>\n<meta property=\"og:title\" content=\"\ud83e\ude77\u00a0 - NA\u2764NA...art czyli sztuka \u017bycia Dusz\u0105\" \/>\n<meta property=\"og:description\" content=\"Niedziela. Zanim wsta\u0142am z \u0142\u00f3\u017cka, powiedzia\u0142am do Siebie:\u00a0 Aniu, dzisiaj jest pi\u0119kny, spokojny dzie\u0144, czas p\u0142ynie bardzo\u2026bardzo powoli, na wszystko mam czas i jestem tylko w moim sercu\u2026i tylko w tu i teraz. Potem kawa i oczywi\u015bcie pami\u0119ta\u0142am, aby nie zalewa\u0107 wrz\u0105tkiem i oczywi\u015bcie, gdy zalewa\u0142am zrobi\u0142o si\u0119 serduszko. I zaplanowa\u0142am dzie\u0144 beauty, st\u00f3pki, masa\u017c &hellip; Czytaj dalej \u201e\ud83e\ude77\u00a0\u201d\" \/>\n<meta property=\"og:url\" content=\"https:\/\/elsieart.pl\/?p=910\" \/>\n<meta property=\"og:site_name\" content=\"NA\u2764NA...art czyli sztuka \u017bycia Dusz\u0105\" \/>\n<meta property=\"article:published_time\" content=\"2025-03-02T09:32:34+00:00\" \/>\n<meta property=\"article:modified_time\" content=\"2025-03-02T09:40:25+00:00\" \/>\n<meta property=\"og:image\" content=\"https:\/\/elsieart.pl\/wp-content\/uploads\/2025\/03\/IMG_7073.jpeg\" \/>\n\t<meta property=\"og:image:width\" content=\"600\" \/>\n\t<meta property=\"og:image:height\" content=\"720\" \/>\n\t<meta property=\"og:image:type\" content=\"image\/jpeg\" \/>\n<meta name=\"author\" content=\"Anna Krajewska\" \/>\n<meta name=\"twitter:card\" content=\"summary_large_image\" \/>\n<meta name=\"twitter:label1\" content=\"Napisane przez\" \/>\n\t<meta name=\"twitter:data1\" content=\"Anna Krajewska\" \/>\n\t<meta name=\"twitter:label2\" content=\"Szacowany czas czytania\" \/>\n\t<meta name=\"twitter:data2\" content=\"1 minuta\" \/>\n<script type=\"application\/ld+json\" class=\"yoast-schema-graph\">{\"@context\":\"https:\\\/\\\/schema.org\",\"@graph\":[{\"@type\":\"Article\",\"@id\":\"https:\\\/\\\/elsieart.pl\\\/?p=910#article\",\"isPartOf\":{\"@id\":\"https:\\\/\\\/elsieart.pl\\\/?p=910\"},\"author\":{\"name\":\"Anna Krajewska\",\"@id\":\"https:\\\/\\\/elsieart.pl\\\/#\\\/schema\\\/person\\\/818eb3c3d8144ede1c78eaca1156f3a3\"},\"headline\":\"\ud83e\ude77\u00a0\",\"datePublished\":\"2025-03-02T09:32:34+00:00\",\"dateModified\":\"2025-03-02T09:40:25+00:00\",\"mainEntityOfPage\":{\"@id\":\"https:\\\/\\\/elsieart.pl\\\/?p=910\"},\"wordCount\":227,\"commentCount\":0,\"image\":{\"@id\":\"https:\\\/\\\/elsieart.pl\\\/?p=910#primaryimage\"},\"thumbnailUrl\":\"http:\\\/\\\/elsieart.pl\\\/wp-content\\\/uploads\\\/2025\\\/03\\\/IMG_7073.jpeg\",\"articleSection\":[\"Moja Droga do Mi\u0142o\u015bci\"],\"inLanguage\":\"pl-PL\",\"potentialAction\":[{\"@type\":\"CommentAction\",\"name\":\"Comment\",\"target\":[\"https:\\\/\\\/elsieart.pl\\\/?p=910#respond\"]}]},{\"@type\":\"WebPage\",\"@id\":\"https:\\\/\\\/elsieart.pl\\\/?p=910\",\"url\":\"https:\\\/\\\/elsieart.pl\\\/?p=910\",\"name\":\"\ud83e\ude77\u00a0 - NA\u2764NA...art czyli sztuka \u017bycia Dusz\u0105\",\"isPartOf\":{\"@id\":\"https:\\\/\\\/elsieart.pl\\\/#website\"},\"primaryImageOfPage\":{\"@id\":\"https:\\\/\\\/elsieart.pl\\\/?p=910#primaryimage\"},\"image\":{\"@id\":\"https:\\\/\\\/elsieart.pl\\\/?p=910#primaryimage\"},\"thumbnailUrl\":\"http:\\\/\\\/elsieart.pl\\\/wp-content\\\/uploads\\\/2025\\\/03\\\/IMG_7073.jpeg\",\"datePublished\":\"2025-03-02T09:32:34+00:00\",\"dateModified\":\"2025-03-02T09:40:25+00:00\",\"author\":{\"@id\":\"https:\\\/\\\/elsieart.pl\\\/#\\\/schema\\\/person\\\/818eb3c3d8144ede1c78eaca1156f3a3\"},\"breadcrumb\":{\"@id\":\"https:\\\/\\\/elsieart.pl\\\/?p=910#breadcrumb\"},\"inLanguage\":\"pl-PL\",\"potentialAction\":[{\"@type\":\"ReadAction\",\"target\":[\"https:\\\/\\\/elsieart.pl\\\/?p=910\"]}]},{\"@type\":\"ImageObject\",\"inLanguage\":\"pl-PL\",\"@id\":\"https:\\\/\\\/elsieart.pl\\\/?p=910#primaryimage\",\"url\":\"https:\\\/\\\/elsieart.pl\\\/wp-content\\\/uploads\\\/2025\\\/03\\\/IMG_7073.jpeg\",\"contentUrl\":\"https:\\\/\\\/elsieart.pl\\\/wp-content\\\/uploads\\\/2025\\\/03\\\/IMG_7073.jpeg\",\"width\":600,\"height\":720},{\"@type\":\"BreadcrumbList\",\"@id\":\"https:\\\/\\\/elsieart.pl\\\/?p=910#breadcrumb\",\"itemListElement\":[{\"@type\":\"ListItem\",\"position\":1,\"name\":\"Strona g\u0142\u00f3wna\",\"item\":\"https:\\\/\\\/elsieart.pl\\\/\"},{\"@type\":\"ListItem\",\"position\":2,\"name\":\"\ud83e\ude77\u00a0\"}]},{\"@type\":\"WebSite\",\"@id\":\"https:\\\/\\\/elsieart.pl\\\/#website\",\"url\":\"https:\\\/\\\/elsieart.pl\\\/\",\"name\":\"NA\u2764NA...art czyli sztuka \u017bycia Dusz\u0105\",\"description\":\"Anna Krajewska | Gdzie ludzkie spotyka si\u0119 z boskim\",\"potentialAction\":[{\"@type\":\"SearchAction\",\"target\":{\"@type\":\"EntryPoint\",\"urlTemplate\":\"https:\\\/\\\/elsieart.pl\\\/?s={search_term_string}\"},\"query-input\":{\"@type\":\"PropertyValueSpecification\",\"valueRequired\":true,\"valueName\":\"search_term_string\"}}],\"inLanguage\":\"pl-PL\"},{\"@type\":\"Person\",\"@id\":\"https:\\\/\\\/elsieart.pl\\\/#\\\/schema\\\/person\\\/818eb3c3d8144ede1c78eaca1156f3a3\",\"name\":\"Anna Krajewska\",\"image\":{\"@type\":\"ImageObject\",\"inLanguage\":\"pl-PL\",\"@id\":\"https:\\\/\\\/secure.gravatar.com\\\/avatar\\\/f8702c146031dc3a604b2968503f6b5a36ce29db33ea2369631cf1e9129f349d?s=96&d=mm&r=g\",\"url\":\"https:\\\/\\\/secure.gravatar.com\\\/avatar\\\/f8702c146031dc3a604b2968503f6b5a36ce29db33ea2369631cf1e9129f349d?s=96&d=mm&r=g\",\"contentUrl\":\"https:\\\/\\\/secure.gravatar.com\\\/avatar\\\/f8702c146031dc3a604b2968503f6b5a36ce29db33ea2369631cf1e9129f349d?s=96&d=mm&r=g\",\"caption\":\"Anna Krajewska\"},\"sameAs\":[\"https:\\\/\\\/elsieart.pl\"],\"url\":\"https:\\\/\\\/elsieart.pl\\\/?author=1\"}]}<\/script>\n<!-- \/ Yoast SEO plugin. -->","yoast_head_json":{"title":"\ud83e\ude77\u00a0 - NA\u2764NA...art czyli sztuka \u017bycia Dusz\u0105","robots":{"index":"index","follow":"follow","max-snippet":"max-snippet:-1","max-image-preview":"max-image-preview:large","max-video-preview":"max-video-preview:-1"},"canonical":"https:\/\/elsieart.pl\/?p=910","og_locale":"pl_PL","og_type":"article","og_title":"\ud83e\ude77\u00a0 - NA\u2764NA...art czyli sztuka \u017bycia Dusz\u0105","og_description":"Niedziela. Zanim wsta\u0142am z \u0142\u00f3\u017cka, powiedzia\u0142am do Siebie:\u00a0 Aniu, dzisiaj jest pi\u0119kny, spokojny dzie\u0144, czas p\u0142ynie bardzo\u2026bardzo powoli, na wszystko mam czas i jestem tylko w moim sercu\u2026i tylko w tu i teraz. Potem kawa i oczywi\u015bcie pami\u0119ta\u0142am, aby nie zalewa\u0107 wrz\u0105tkiem i oczywi\u015bcie, gdy zalewa\u0142am zrobi\u0142o si\u0119 serduszko. I zaplanowa\u0142am dzie\u0144 beauty, st\u00f3pki, masa\u017c &hellip; Czytaj dalej \u201e\ud83e\ude77\u00a0\u201d","og_url":"https:\/\/elsieart.pl\/?p=910","og_site_name":"NA\u2764NA...art czyli sztuka \u017bycia Dusz\u0105","article_published_time":"2025-03-02T09:32:34+00:00","article_modified_time":"2025-03-02T09:40:25+00:00","og_image":[{"width":600,"height":720,"url":"https:\/\/elsieart.pl\/wp-content\/uploads\/2025\/03\/IMG_7073.jpeg","type":"image\/jpeg"}],"author":"Anna Krajewska","twitter_card":"summary_large_image","twitter_misc":{"Napisane przez":"Anna Krajewska","Szacowany czas czytania":"1 minuta"},"schema":{"@context":"https:\/\/schema.org","@graph":[{"@type":"Article","@id":"https:\/\/elsieart.pl\/?p=910#article","isPartOf":{"@id":"https:\/\/elsieart.pl\/?p=910"},"author":{"name":"Anna Krajewska","@id":"https:\/\/elsieart.pl\/#\/schema\/person\/818eb3c3d8144ede1c78eaca1156f3a3"},"headline":"\ud83e\ude77\u00a0","datePublished":"2025-03-02T09:32:34+00:00","dateModified":"2025-03-02T09:40:25+00:00","mainEntityOfPage":{"@id":"https:\/\/elsieart.pl\/?p=910"},"wordCount":227,"commentCount":0,"image":{"@id":"https:\/\/elsieart.pl\/?p=910#primaryimage"},"thumbnailUrl":"http:\/\/elsieart.pl\/wp-content\/uploads\/2025\/03\/IMG_7073.jpeg","articleSection":["Moja Droga do Mi\u0142o\u015bci"],"inLanguage":"pl-PL","potentialAction":[{"@type":"CommentAction","name":"Comment","target":["https:\/\/elsieart.pl\/?p=910#respond"]}]},{"@type":"WebPage","@id":"https:\/\/elsieart.pl\/?p=910","url":"https:\/\/elsieart.pl\/?p=910","name":"\ud83e\ude77\u00a0 - NA\u2764NA...art czyli sztuka \u017bycia Dusz\u0105","isPartOf":{"@id":"https:\/\/elsieart.pl\/#website"},"primaryImageOfPage":{"@id":"https:\/\/elsieart.pl\/?p=910#primaryimage"},"image":{"@id":"https:\/\/elsieart.pl\/?p=910#primaryimage"},"thumbnailUrl":"http:\/\/elsieart.pl\/wp-content\/uploads\/2025\/03\/IMG_7073.jpeg","datePublished":"2025-03-02T09:32:34+00:00","dateModified":"2025-03-02T09:40:25+00:00","author":{"@id":"https:\/\/elsieart.pl\/#\/schema\/person\/818eb3c3d8144ede1c78eaca1156f3a3"},"breadcrumb":{"@id":"https:\/\/elsieart.pl\/?p=910#breadcrumb"},"inLanguage":"pl-PL","potentialAction":[{"@type":"ReadAction","target":["https:\/\/elsieart.pl\/?p=910"]}]},{"@type":"ImageObject","inLanguage":"pl-PL","@id":"https:\/\/elsieart.pl\/?p=910#primaryimage","url":"https:\/\/elsieart.pl\/wp-content\/uploads\/2025\/03\/IMG_7073.jpeg","contentUrl":"https:\/\/elsieart.pl\/wp-content\/uploads\/2025\/03\/IMG_7073.jpeg","width":600,"height":720},{"@type":"BreadcrumbList","@id":"https:\/\/elsieart.pl\/?p=910#breadcrumb","itemListElement":[{"@type":"ListItem","position":1,"name":"Strona g\u0142\u00f3wna","item":"https:\/\/elsieart.pl\/"},{"@type":"ListItem","position":2,"name":"\ud83e\ude77\u00a0"}]},{"@type":"WebSite","@id":"https:\/\/elsieart.pl\/#website","url":"https:\/\/elsieart.pl\/","name":"NA\u2764NA...art czyli sztuka \u017bycia Dusz\u0105","description":"Anna Krajewska | Gdzie ludzkie spotyka si\u0119 z boskim","potentialAction":[{"@type":"SearchAction","target":{"@type":"EntryPoint","urlTemplate":"https:\/\/elsieart.pl\/?s={search_term_string}"},"query-input":{"@type":"PropertyValueSpecification","valueRequired":true,"valueName":"search_term_string"}}],"inLanguage":"pl-PL"},{"@type":"Person","@id":"https:\/\/elsieart.pl\/#\/schema\/person\/818eb3c3d8144ede1c78eaca1156f3a3","name":"Anna Krajewska","image":{"@type":"ImageObject","inLanguage":"pl-PL","@id":"https:\/\/secure.gravatar.com\/avatar\/f8702c146031dc3a604b2968503f6b5a36ce29db33ea2369631cf1e9129f349d?s=96&d=mm&r=g","url":"https:\/\/secure.gravatar.com\/avatar\/f8702c146031dc3a604b2968503f6b5a36ce29db33ea2369631cf1e9129f349d?s=96&d=mm&r=g","contentUrl":"https:\/\/secure.gravatar.com\/avatar\/f8702c146031dc3a604b2968503f6b5a36ce29db33ea2369631cf1e9129f349d?s=96&d=mm&r=g","caption":"Anna Krajewska"},"sameAs":["https:\/\/elsieart.pl"],"url":"https:\/\/elsieart.pl\/?author=1"}]}},"_links":{"self":[{"href":"https:\/\/elsieart.pl\/index.php?rest_route=\/wp\/v2\/posts\/910","targetHints":{"allow":["GET"]}}],"collection":[{"href":"https:\/\/elsieart.pl\/index.php?rest_route=\/wp\/v2\/posts"}],"about":[{"href":"https:\/\/elsieart.pl\/index.php?rest_route=\/wp\/v2\/types\/post"}],"author":[{"embeddable":true,"href":"https:\/\/elsieart.pl\/index.php?rest_route=\/wp\/v2\/users\/1"}],"replies":[{"embeddable":true,"href":"https:\/\/elsieart.pl\/index.php?rest_route=%2Fwp%2Fv2%2Fcomments&post=910"}],"version-history":[{"count":4,"href":"https:\/\/elsieart.pl\/index.php?rest_route=\/wp\/v2\/posts\/910\/revisions"}],"predecessor-version":[{"id":916,"href":"https:\/\/elsieart.pl\/index.php?rest_route=\/wp\/v2\/posts\/910\/revisions\/916"}],"wp:attachment":[{"href":"https:\/\/elsieart.pl\/index.php?rest_route=%2Fwp%2Fv2%2Fmedia&parent=910"}],"wp:term":[{"taxonomy":"category","embeddable":true,"href":"https:\/\/elsieart.pl\/index.php?rest_route=%2Fwp%2Fv2%2Fcategories&post=910"},{"taxonomy":"post_tag","embeddable":true,"href":"https:\/\/elsieart.pl\/index.php?rest_route=%2Fwp%2Fv2%2Ftags&post=910"}],"curies":[{"name":"wp","href":"https:\/\/api.w.org\/{rel}","templated":true}]}}