{"id":86,"date":"2024-05-15T17:37:00","date_gmt":"2024-05-15T17:37:00","guid":{"rendered":"https:\/\/elsieart.pl\/?p=86"},"modified":"2025-01-21T21:50:46","modified_gmt":"2025-01-21T21:50:46","slug":"ech-zycie-i-ta-moja-dusza","status":"publish","type":"post","link":"https:\/\/elsieart.pl\/?p=86","title":{"rendered":"Ech \u017cycie i ta moja dusza&#8230;"},"content":{"rendered":"\n<p class=\"wp-block-paragraph\"><br>Serce w niej m\u00f3wi: <\/p>\n\n\n\n<p class=\"wp-block-paragraph\">kocham, och\u2026jak pi\u0119knie\u2026tak z otwartym prawdziwie sercem. <br>Za chwil\u0119 wygl\u0105da zza rogu m\u00f3j Cie\u0144 i te\u017c co\u015b m\u00f3wi:<\/p>\n\n\n\n<p class=\"wp-block-paragraph\"> pie..dol si\u0119!<\/p>\n\n\n\n<p class=\"wp-block-paragraph\">Ten taniec\u2026z duszami innych, gdy tak si\u0119 pojawiaj\u0105 w moim \u017cyciu, by wydoby\u0107 jeden i drugi biegun mnie. Szczerze\u2026jest to fascynuj\u0105ca sprawa.<br>I tak trwa ten proces\u2026cz\u0119\u015b\u0107 mnie stoi sobie tak z boku\u2026i wszystkiemu si\u0119 przygl\u0105da.<\/p>\n\n\n\n<p class=\"wp-block-paragraph\">I to naprawd\u0119 robi si\u0119 zabawne\u2026to ca\u0142e moje \u017cycie\u2026czaruj\u0105co rozbrajaj\u0105ce.                                      Tak, \u017ce w g\u0142os \u015bmiej\u0119 si\u0119 z samej siebie\u2026a potem\u2026potem\u2026<\/p>\n\n\n\n<p class=\"wp-block-paragraph\">jeszcze bardziej kocham \u017bycie.<\/p>\n\n\n\n<p class=\"wp-block-paragraph\">Aby m\u00f3c przytuli\u0107 si\u0119 do tej odpowiedniej Duszy w przestrzeni mojego serca,                                  aby by\u0142a w nim harmonia i przestrze\u0144 obecno\u015bci. Abym czu\u0142a si\u0119 wtedy spokojna w moim sercu\u2026pozamyka\u0142am drzwi, kt\u00f3re by\u0142y do zamkni\u0119cia\u2026uzdrowi\u0142am, co widzia\u0142am,                           \u017ce jest do uzdrowienia\u2026<br>Trzymaj mnie teraz Wszech\u015bwiecie<br>w przestrzeni twojej obecno\u015bci, bo padam na twarz,                                                                             trzymaj\u2026abym nie uciek\u0142a, abym jeszcze mog\u0142a sta\u0107.<\/p>\n\n\n\n<p class=\"wp-block-paragraph\">Jak\u017ce cz\u0119sto m\u00f3wi\u0119 do mojej duszy:<br>Ty mnie cholero kiedy\u015b wyko\u0144czysz, co ja si\u0119 z tob\u0105 mam\u2026                                                                       A ta cholera si\u0119 jeszcze u\u015bmiecha i jaka\u017c zadowolona z siebie jest, oj bardzo, bardzo zadowolona. Chwile\u2026kiedy w wyniku do\u015bwiadcze\u0144, jakie zaplanowa\u0142a dla mojego uzdrowienia dusza, nast\u0119puje transformacja, gdy wy\u0142aniaj\u0105 si\u0119 z przestrzeni naprzemiennie zraniona Dziewczynka, Dzidzia, etc., <\/p>\n\n\n\n<p class=\"wp-block-paragraph\">dojrza\u0142a Kobieta musi trzyma\u0107 wszystkie je mocno, sta\u0107 przy nich, ka\u017cd\u0105 widzie\u0107 i pozwoli\u0107 jej si\u0119 przejawi\u0107, ka\u017cdej da\u0107 g\u0142os\u2026<\/p>\n\n\n\n<p class=\"wp-block-paragraph\">Emocjonalny rollercoaster\u2026uuuff<\/p>\n\n\n\n<p class=\"wp-block-paragraph\">W takich chwilach przypominaj\u0105 mi si\u0119 na szcz\u0119\u015bcie s\u0142owa mojej kochanej siostry Asi: <\/p>\n\n\n\n<p class=\"wp-block-paragraph\">Ania, uda ci si\u0119, komu mia\u0142oby si\u0119 uda\u0107, jak nie tobie\u2026 <\/p>\n\n\n\n<p class=\"wp-block-paragraph\">Albo s\u0142owa mojego by\u0142ego m\u0119\u017ca Krzysztofa: <\/p>\n\n\n\n<p class=\"wp-block-paragraph\">je\u017celi tego chcesz, to to osi\u0105gniesz, bo ty zawsze osi\u0105gasz to, czego chcesz, pr\u0119dzej albo p\u00f3\u017aniej, ale zawsze.<\/p>\n\n\n\n<p class=\"wp-block-paragraph\">I tego si\u0119 trzymam.<\/p>\n\n\n\n<figure class=\"wp-block-embed is-type-video is-provider-youtube wp-block-embed-youtube wp-embed-aspect-4-3 wp-has-aspect-ratio\"><div class=\"wp-block-embed__wrapper\">\n<iframe loading=\"lazy\" title=\"Edyta Geppert   Kocham Ci\u0119 \u017cycie\" width=\"525\" height=\"394\" src=\"https:\/\/www.youtube.com\/embed\/vyp9pIoC-gY?feature=oembed\" frameborder=\"0\" allow=\"accelerometer; autoplay; clipboard-write; encrypted-media; gyroscope; picture-in-picture; web-share\" referrerpolicy=\"strict-origin-when-cross-origin\" allowfullscreen><\/iframe>\n<\/div><\/figure>\n","protected":false},"excerpt":{"rendered":"<p>Serce w niej m\u00f3wi: kocham, och\u2026jak pi\u0119knie\u2026tak z otwartym prawdziwie sercem. Za chwil\u0119 wygl\u0105da zza rogu m\u00f3j Cie\u0144 i te\u017c co\u015b m\u00f3wi: pie..dol si\u0119! Ten taniec\u2026z duszami innych, gdy tak si\u0119 pojawiaj\u0105 w moim \u017cyciu, by wydoby\u0107 jeden i drugi biegun mnie. Szczerze\u2026jest to fascynuj\u0105ca sprawa.I tak trwa ten proces\u2026cz\u0119\u015b\u0107 mnie stoi sobie tak z &hellip; <\/p>\n<p class=\"link-more\"><a href=\"https:\/\/elsieart.pl\/?p=86\" class=\"more-link\">Czytaj dalej<span class=\"screen-reader-text\"> \u201eEch \u017cycie i ta moja dusza&#8230;\u201d<\/span><\/a><\/p>\n","protected":false},"author":1,"featured_media":0,"comment_status":"open","ping_status":"open","sticky":false,"template":"","format":"standard","meta":{"footnotes":""},"categories":[5],"tags":[],"class_list":["post-86","post","type-post","status-publish","format-standard","hentry","category-moja-droga-do-milosci"],"yoast_head":"<!-- This site is optimized with the Yoast SEO plugin v28.0 - https:\/\/yoast.com\/product\/yoast-seo-wordpress\/ -->\n<title>Ech \u017cycie i ta moja dusza... - NA\u2764NA...art czyli sztuka \u017bycia Dusz\u0105<\/title>\n<meta name=\"robots\" content=\"index, follow, max-snippet:-1, max-image-preview:large, max-video-preview:-1\" \/>\n<link rel=\"canonical\" href=\"https:\/\/elsieart.pl\/?p=86\" \/>\n<meta property=\"og:locale\" content=\"pl_PL\" \/>\n<meta property=\"og:type\" content=\"article\" \/>\n<meta property=\"og:title\" content=\"Ech \u017cycie i ta moja dusza... - NA\u2764NA...art czyli sztuka \u017bycia Dusz\u0105\" \/>\n<meta property=\"og:description\" content=\"Serce w niej m\u00f3wi: kocham, och\u2026jak pi\u0119knie\u2026tak z otwartym prawdziwie sercem. Za chwil\u0119 wygl\u0105da zza rogu m\u00f3j Cie\u0144 i te\u017c co\u015b m\u00f3wi: pie..dol si\u0119! Ten taniec\u2026z duszami innych, gdy tak si\u0119 pojawiaj\u0105 w moim \u017cyciu, by wydoby\u0107 jeden i drugi biegun mnie. Szczerze\u2026jest to fascynuj\u0105ca sprawa.I tak trwa ten proces\u2026cz\u0119\u015b\u0107 mnie stoi sobie tak z &hellip; Czytaj dalej \u201eEch \u017cycie i ta moja dusza&#8230;\u201d\" \/>\n<meta property=\"og:url\" content=\"https:\/\/elsieart.pl\/?p=86\" \/>\n<meta property=\"og:site_name\" content=\"NA\u2764NA...art czyli sztuka \u017bycia Dusz\u0105\" \/>\n<meta property=\"article:published_time\" content=\"2024-05-15T17:37:00+00:00\" \/>\n<meta property=\"article:modified_time\" content=\"2025-01-21T21:50:46+00:00\" \/>\n<meta name=\"author\" content=\"Anna Krajewska\" \/>\n<meta name=\"twitter:card\" content=\"summary_large_image\" \/>\n<meta name=\"twitter:label1\" content=\"Napisane przez\" \/>\n\t<meta name=\"twitter:data1\" content=\"Anna Krajewska\" \/>\n\t<meta name=\"twitter:label2\" content=\"Szacowany czas czytania\" \/>\n\t<meta name=\"twitter:data2\" content=\"2 minuty\" \/>\n<script type=\"application\/ld+json\" class=\"yoast-schema-graph\">{\"@context\":\"https:\\\/\\\/schema.org\",\"@graph\":[{\"@type\":\"Article\",\"@id\":\"https:\\\/\\\/elsieart.pl\\\/?p=86#article\",\"isPartOf\":{\"@id\":\"https:\\\/\\\/elsieart.pl\\\/?p=86\"},\"author\":{\"name\":\"Anna Krajewska\",\"@id\":\"https:\\\/\\\/elsieart.pl\\\/#\\\/schema\\\/person\\\/818eb3c3d8144ede1c78eaca1156f3a3\"},\"headline\":\"Ech \u017cycie i ta moja dusza&#8230;\",\"datePublished\":\"2024-05-15T17:37:00+00:00\",\"dateModified\":\"2025-01-21T21:50:46+00:00\",\"mainEntityOfPage\":{\"@id\":\"https:\\\/\\\/elsieart.pl\\\/?p=86\"},\"wordCount\":354,\"commentCount\":0,\"articleSection\":[\"Moja Droga do Mi\u0142o\u015bci\"],\"inLanguage\":\"pl-PL\",\"potentialAction\":[{\"@type\":\"CommentAction\",\"name\":\"Comment\",\"target\":[\"https:\\\/\\\/elsieart.pl\\\/?p=86#respond\"]}]},{\"@type\":\"WebPage\",\"@id\":\"https:\\\/\\\/elsieart.pl\\\/?p=86\",\"url\":\"https:\\\/\\\/elsieart.pl\\\/?p=86\",\"name\":\"Ech \u017cycie i ta moja dusza... - NA\u2764NA...art czyli sztuka \u017bycia Dusz\u0105\",\"isPartOf\":{\"@id\":\"https:\\\/\\\/elsieart.pl\\\/#website\"},\"datePublished\":\"2024-05-15T17:37:00+00:00\",\"dateModified\":\"2025-01-21T21:50:46+00:00\",\"author\":{\"@id\":\"https:\\\/\\\/elsieart.pl\\\/#\\\/schema\\\/person\\\/818eb3c3d8144ede1c78eaca1156f3a3\"},\"breadcrumb\":{\"@id\":\"https:\\\/\\\/elsieart.pl\\\/?p=86#breadcrumb\"},\"inLanguage\":\"pl-PL\",\"potentialAction\":[{\"@type\":\"ReadAction\",\"target\":[\"https:\\\/\\\/elsieart.pl\\\/?p=86\"]}]},{\"@type\":\"BreadcrumbList\",\"@id\":\"https:\\\/\\\/elsieart.pl\\\/?p=86#breadcrumb\",\"itemListElement\":[{\"@type\":\"ListItem\",\"position\":1,\"name\":\"Strona g\u0142\u00f3wna\",\"item\":\"https:\\\/\\\/elsieart.pl\\\/\"},{\"@type\":\"ListItem\",\"position\":2,\"name\":\"Ech \u017cycie i ta moja dusza&#8230;\"}]},{\"@type\":\"WebSite\",\"@id\":\"https:\\\/\\\/elsieart.pl\\\/#website\",\"url\":\"https:\\\/\\\/elsieart.pl\\\/\",\"name\":\"NA\u2764NA...art czyli sztuka \u017bycia Dusz\u0105\",\"description\":\"Anna Krajewska | Gdzie ludzkie spotyka si\u0119 z boskim\",\"potentialAction\":[{\"@type\":\"SearchAction\",\"target\":{\"@type\":\"EntryPoint\",\"urlTemplate\":\"https:\\\/\\\/elsieart.pl\\\/?s={search_term_string}\"},\"query-input\":{\"@type\":\"PropertyValueSpecification\",\"valueRequired\":true,\"valueName\":\"search_term_string\"}}],\"inLanguage\":\"pl-PL\"},{\"@type\":\"Person\",\"@id\":\"https:\\\/\\\/elsieart.pl\\\/#\\\/schema\\\/person\\\/818eb3c3d8144ede1c78eaca1156f3a3\",\"name\":\"Anna Krajewska\",\"image\":{\"@type\":\"ImageObject\",\"inLanguage\":\"pl-PL\",\"@id\":\"https:\\\/\\\/secure.gravatar.com\\\/avatar\\\/f8702c146031dc3a604b2968503f6b5a36ce29db33ea2369631cf1e9129f349d?s=96&d=mm&r=g\",\"url\":\"https:\\\/\\\/secure.gravatar.com\\\/avatar\\\/f8702c146031dc3a604b2968503f6b5a36ce29db33ea2369631cf1e9129f349d?s=96&d=mm&r=g\",\"contentUrl\":\"https:\\\/\\\/secure.gravatar.com\\\/avatar\\\/f8702c146031dc3a604b2968503f6b5a36ce29db33ea2369631cf1e9129f349d?s=96&d=mm&r=g\",\"caption\":\"Anna Krajewska\"},\"sameAs\":[\"https:\\\/\\\/elsieart.pl\"],\"url\":\"https:\\\/\\\/elsieart.pl\\\/?author=1\"}]}<\/script>\n<!-- \/ Yoast SEO plugin. -->","yoast_head_json":{"title":"Ech \u017cycie i ta moja dusza... - NA\u2764NA...art czyli sztuka \u017bycia Dusz\u0105","robots":{"index":"index","follow":"follow","max-snippet":"max-snippet:-1","max-image-preview":"max-image-preview:large","max-video-preview":"max-video-preview:-1"},"canonical":"https:\/\/elsieart.pl\/?p=86","og_locale":"pl_PL","og_type":"article","og_title":"Ech \u017cycie i ta moja dusza... - NA\u2764NA...art czyli sztuka \u017bycia Dusz\u0105","og_description":"Serce w niej m\u00f3wi: kocham, och\u2026jak pi\u0119knie\u2026tak z otwartym prawdziwie sercem. Za chwil\u0119 wygl\u0105da zza rogu m\u00f3j Cie\u0144 i te\u017c co\u015b m\u00f3wi: pie..dol si\u0119! Ten taniec\u2026z duszami innych, gdy tak si\u0119 pojawiaj\u0105 w moim \u017cyciu, by wydoby\u0107 jeden i drugi biegun mnie. Szczerze\u2026jest to fascynuj\u0105ca sprawa.I tak trwa ten proces\u2026cz\u0119\u015b\u0107 mnie stoi sobie tak z &hellip; Czytaj dalej \u201eEch \u017cycie i ta moja dusza&#8230;\u201d","og_url":"https:\/\/elsieart.pl\/?p=86","og_site_name":"NA\u2764NA...art czyli sztuka \u017bycia Dusz\u0105","article_published_time":"2024-05-15T17:37:00+00:00","article_modified_time":"2025-01-21T21:50:46+00:00","author":"Anna Krajewska","twitter_card":"summary_large_image","twitter_misc":{"Napisane przez":"Anna Krajewska","Szacowany czas czytania":"2 minuty"},"schema":{"@context":"https:\/\/schema.org","@graph":[{"@type":"Article","@id":"https:\/\/elsieart.pl\/?p=86#article","isPartOf":{"@id":"https:\/\/elsieart.pl\/?p=86"},"author":{"name":"Anna Krajewska","@id":"https:\/\/elsieart.pl\/#\/schema\/person\/818eb3c3d8144ede1c78eaca1156f3a3"},"headline":"Ech \u017cycie i ta moja dusza&#8230;","datePublished":"2024-05-15T17:37:00+00:00","dateModified":"2025-01-21T21:50:46+00:00","mainEntityOfPage":{"@id":"https:\/\/elsieart.pl\/?p=86"},"wordCount":354,"commentCount":0,"articleSection":["Moja Droga do Mi\u0142o\u015bci"],"inLanguage":"pl-PL","potentialAction":[{"@type":"CommentAction","name":"Comment","target":["https:\/\/elsieart.pl\/?p=86#respond"]}]},{"@type":"WebPage","@id":"https:\/\/elsieart.pl\/?p=86","url":"https:\/\/elsieart.pl\/?p=86","name":"Ech \u017cycie i ta moja dusza... - NA\u2764NA...art czyli sztuka \u017bycia Dusz\u0105","isPartOf":{"@id":"https:\/\/elsieart.pl\/#website"},"datePublished":"2024-05-15T17:37:00+00:00","dateModified":"2025-01-21T21:50:46+00:00","author":{"@id":"https:\/\/elsieart.pl\/#\/schema\/person\/818eb3c3d8144ede1c78eaca1156f3a3"},"breadcrumb":{"@id":"https:\/\/elsieart.pl\/?p=86#breadcrumb"},"inLanguage":"pl-PL","potentialAction":[{"@type":"ReadAction","target":["https:\/\/elsieart.pl\/?p=86"]}]},{"@type":"BreadcrumbList","@id":"https:\/\/elsieart.pl\/?p=86#breadcrumb","itemListElement":[{"@type":"ListItem","position":1,"name":"Strona g\u0142\u00f3wna","item":"https:\/\/elsieart.pl\/"},{"@type":"ListItem","position":2,"name":"Ech \u017cycie i ta moja dusza&#8230;"}]},{"@type":"WebSite","@id":"https:\/\/elsieart.pl\/#website","url":"https:\/\/elsieart.pl\/","name":"NA\u2764NA...art czyli sztuka \u017bycia Dusz\u0105","description":"Anna Krajewska | Gdzie ludzkie spotyka si\u0119 z boskim","potentialAction":[{"@type":"SearchAction","target":{"@type":"EntryPoint","urlTemplate":"https:\/\/elsieart.pl\/?s={search_term_string}"},"query-input":{"@type":"PropertyValueSpecification","valueRequired":true,"valueName":"search_term_string"}}],"inLanguage":"pl-PL"},{"@type":"Person","@id":"https:\/\/elsieart.pl\/#\/schema\/person\/818eb3c3d8144ede1c78eaca1156f3a3","name":"Anna Krajewska","image":{"@type":"ImageObject","inLanguage":"pl-PL","@id":"https:\/\/secure.gravatar.com\/avatar\/f8702c146031dc3a604b2968503f6b5a36ce29db33ea2369631cf1e9129f349d?s=96&d=mm&r=g","url":"https:\/\/secure.gravatar.com\/avatar\/f8702c146031dc3a604b2968503f6b5a36ce29db33ea2369631cf1e9129f349d?s=96&d=mm&r=g","contentUrl":"https:\/\/secure.gravatar.com\/avatar\/f8702c146031dc3a604b2968503f6b5a36ce29db33ea2369631cf1e9129f349d?s=96&d=mm&r=g","caption":"Anna Krajewska"},"sameAs":["https:\/\/elsieart.pl"],"url":"https:\/\/elsieart.pl\/?author=1"}]}},"_links":{"self":[{"href":"https:\/\/elsieart.pl\/index.php?rest_route=\/wp\/v2\/posts\/86","targetHints":{"allow":["GET"]}}],"collection":[{"href":"https:\/\/elsieart.pl\/index.php?rest_route=\/wp\/v2\/posts"}],"about":[{"href":"https:\/\/elsieart.pl\/index.php?rest_route=\/wp\/v2\/types\/post"}],"author":[{"embeddable":true,"href":"https:\/\/elsieart.pl\/index.php?rest_route=\/wp\/v2\/users\/1"}],"replies":[{"embeddable":true,"href":"https:\/\/elsieart.pl\/index.php?rest_route=%2Fwp%2Fv2%2Fcomments&post=86"}],"version-history":[{"count":3,"href":"https:\/\/elsieart.pl\/index.php?rest_route=\/wp\/v2\/posts\/86\/revisions"}],"predecessor-version":[{"id":421,"href":"https:\/\/elsieart.pl\/index.php?rest_route=\/wp\/v2\/posts\/86\/revisions\/421"}],"wp:attachment":[{"href":"https:\/\/elsieart.pl\/index.php?rest_route=%2Fwp%2Fv2%2Fmedia&parent=86"}],"wp:term":[{"taxonomy":"category","embeddable":true,"href":"https:\/\/elsieart.pl\/index.php?rest_route=%2Fwp%2Fv2%2Fcategories&post=86"},{"taxonomy":"post_tag","embeddable":true,"href":"https:\/\/elsieart.pl\/index.php?rest_route=%2Fwp%2Fv2%2Ftags&post=86"}],"curies":[{"name":"wp","href":"https:\/\/api.w.org\/{rel}","templated":true}]}}