{"id":631,"date":"2025-02-16T20:07:34","date_gmt":"2025-02-16T20:07:34","guid":{"rendered":"https:\/\/elsieart.pl\/?p=631"},"modified":"2025-02-16T20:18:41","modified_gmt":"2025-02-16T20:18:41","slug":"ptaki-umyslu","status":"publish","type":"post","link":"https:\/\/elsieart.pl\/?p=631","title":{"rendered":"Ptaki umys\u0142u"},"content":{"rendered":"\n<p class=\"wp-block-paragraph\">\u201eMy\u015bli nie s\u0105 prawd\u0105.&nbsp;<\/p>\n\n\n\n<p class=\"wp-block-paragraph\">A ostatecznie, one nawet nie s\u0105 twoje\u2026nie s\u0105 osobiste, nie s\u0105 tym, kim naprawd\u0119 jeste\u015b. To tylko g\u0142osy, d\u017awi\u0119ki, sugestie, os\u0105dy, opinie umys\u0142u, pojawiaj\u0105ce si\u0119 i znikaj\u0105ce przez ca\u0142y czas, niczym \u015bpiewaj\u0105ca gromada ptak\u00f3w, a ka\u017cdy ptak wy\u015bpiewuje inn\u0105 nut\u0119\u2026inn\u0105 opini\u0119, sugesti\u0119, perspektyw\u0119.&nbsp;<\/p>\n\n\n\n<p class=\"wp-block-paragraph\">Nie jeste\u015b tymi ptakami\u2026<\/p>\n\n\n\n<p class=\"wp-block-paragraph\">jeste\u015b szeroko otwart\u0105 przestrzeni\u0105,&nbsp;<\/p>\n\n\n\n<p class=\"wp-block-paragraph\">w kt\u00f3rej te ptaki mog\u0105 \u015bpiewa\u0107, \u015bwiadomo\u015bci\u0105, kt\u00f3ra mie\u015bci w sobie te ptaki, cisz\u0105 pod spodem <\/p>\n\n\n\n<p class=\"wp-block-paragraph\">i pomi\u0119dzy, cisz\u0105 w kt\u00f3rej s\u0142ycha\u0107 ptasi \u015bpiew.<\/p>\n\n\n\n<p class=\"wp-block-paragraph\">Nie pr\u00f3buj ucisza\u0107 ptak\u00f3w&nbsp;<\/p>\n\n\n\n<p class=\"wp-block-paragraph\">(bo to sprawia, \u017ce w prote\u015bcie \u015bpiewaj\u0105 jeszcze g\u0142o\u015bniej), ani ich zabija\u0107 (poniewa\u017c s\u0105 cz\u0119\u015bciami ciebie, kt\u00f3re pragn\u0105 tylko odrobiny \u0142agodno\u015bci), ale pozw\u00f3l im \u015bpiewa\u0107, odlatywa\u0107 i wraca\u0107\u2026w tym le\u017cy twoja si\u0142a i twoja wolno\u015b\u0107, a tym samym tw\u00f3j spok\u00f3j.(\u2026)\u201d(1)<\/p>\n\n\n\n<figure class=\"wp-block-image size-full\"><img loading=\"lazy\" decoding=\"async\" width=\"720\" height=\"929\" src=\"http:\/\/elsieart.pl\/wp-content\/uploads\/2025\/02\/IMG_6376.jpeg\" alt=\"\" class=\"wp-image-632\" srcset=\"https:\/\/elsieart.pl\/wp-content\/uploads\/2025\/02\/IMG_6376.jpeg 720w, https:\/\/elsieart.pl\/wp-content\/uploads\/2025\/02\/IMG_6376-233x300.jpeg 233w\" sizes=\"auto, (max-width: 720px) 100vw, 720px\" \/><figcaption class=\"wp-element-caption\">fot.Internet <\/figcaption><\/figure>\n\n\n\n<p class=\"wp-block-paragraph\">1<em>.<\/em> J.Foster, <em>Odpocznij. Odwa\u017cne obejmowanie wszystkiego z mi\u0142o\u015bci\u0105, <\/em>Wyd. Bia\u0142y Wiatr, Rzesz\u00f3w 12.2023, Wyd.I.<\/p>\n","protected":false},"excerpt":{"rendered":"<p>\u201eMy\u015bli nie s\u0105 prawd\u0105.&nbsp; A ostatecznie, one nawet nie s\u0105 twoje\u2026nie s\u0105 osobiste, nie s\u0105 tym, kim naprawd\u0119 jeste\u015b. To tylko g\u0142osy, d\u017awi\u0119ki, sugestie, os\u0105dy, opinie umys\u0142u, pojawiaj\u0105ce si\u0119 i znikaj\u0105ce przez ca\u0142y czas, niczym \u015bpiewaj\u0105ca gromada ptak\u00f3w, a ka\u017cdy ptak wy\u015bpiewuje inn\u0105 nut\u0119\u2026inn\u0105 opini\u0119, sugesti\u0119, perspektyw\u0119.&nbsp; Nie jeste\u015b tymi ptakami\u2026 jeste\u015b szeroko otwart\u0105 przestrzeni\u0105,&nbsp; &hellip; <\/p>\n<p class=\"link-more\"><a href=\"https:\/\/elsieart.pl\/?p=631\" class=\"more-link\">Czytaj dalej<span class=\"screen-reader-text\"> \u201ePtaki umys\u0142u\u201d<\/span><\/a><\/p>\n","protected":false},"author":1,"featured_media":0,"comment_status":"open","ping_status":"open","sticky":false,"template":"","format":"standard","meta":{"footnotes":"[]"},"categories":[5],"tags":[],"class_list":["post-631","post","type-post","status-publish","format-standard","hentry","category-moja-droga-do-milosci"],"yoast_head":"<!-- This site is optimized with the Yoast SEO plugin v28.0 - https:\/\/yoast.com\/product\/yoast-seo-wordpress\/ -->\n<title>Ptaki umys\u0142u - NA\u2764NA...art czyli sztuka \u017bycia Dusz\u0105<\/title>\n<meta name=\"robots\" content=\"index, follow, max-snippet:-1, max-image-preview:large, max-video-preview:-1\" \/>\n<link rel=\"canonical\" href=\"https:\/\/elsieart.pl\/?p=631\" \/>\n<meta property=\"og:locale\" content=\"pl_PL\" \/>\n<meta property=\"og:type\" content=\"article\" \/>\n<meta property=\"og:title\" content=\"Ptaki umys\u0142u - NA\u2764NA...art czyli sztuka \u017bycia Dusz\u0105\" \/>\n<meta property=\"og:description\" content=\"\u201eMy\u015bli nie s\u0105 prawd\u0105.&nbsp; A ostatecznie, one nawet nie s\u0105 twoje\u2026nie s\u0105 osobiste, nie s\u0105 tym, kim naprawd\u0119 jeste\u015b. To tylko g\u0142osy, d\u017awi\u0119ki, sugestie, os\u0105dy, opinie umys\u0142u, pojawiaj\u0105ce si\u0119 i znikaj\u0105ce przez ca\u0142y czas, niczym \u015bpiewaj\u0105ca gromada ptak\u00f3w, a ka\u017cdy ptak wy\u015bpiewuje inn\u0105 nut\u0119\u2026inn\u0105 opini\u0119, sugesti\u0119, perspektyw\u0119.&nbsp; Nie jeste\u015b tymi ptakami\u2026 jeste\u015b szeroko otwart\u0105 przestrzeni\u0105,&nbsp; &hellip; Czytaj dalej \u201ePtaki umys\u0142u\u201d\" \/>\n<meta property=\"og:url\" content=\"https:\/\/elsieart.pl\/?p=631\" \/>\n<meta property=\"og:site_name\" content=\"NA\u2764NA...art czyli sztuka \u017bycia Dusz\u0105\" \/>\n<meta property=\"article:published_time\" content=\"2025-02-16T20:07:34+00:00\" \/>\n<meta property=\"article:modified_time\" content=\"2025-02-16T20:18:41+00:00\" \/>\n<meta property=\"og:image\" content=\"https:\/\/elsieart.pl\/wp-content\/uploads\/2025\/02\/IMG_6376.jpeg\" \/>\n\t<meta property=\"og:image:width\" content=\"720\" \/>\n\t<meta property=\"og:image:height\" content=\"929\" \/>\n\t<meta property=\"og:image:type\" content=\"image\/jpeg\" \/>\n<meta name=\"author\" content=\"Anna Krajewska\" \/>\n<meta name=\"twitter:card\" content=\"summary_large_image\" \/>\n<meta name=\"twitter:label1\" content=\"Napisane przez\" \/>\n\t<meta name=\"twitter:data1\" content=\"Anna Krajewska\" \/>\n\t<meta name=\"twitter:label2\" content=\"Szacowany czas czytania\" \/>\n\t<meta name=\"twitter:data2\" content=\"1 minuta\" \/>\n<script type=\"application\/ld+json\" class=\"yoast-schema-graph\">{\"@context\":\"https:\\\/\\\/schema.org\",\"@graph\":[{\"@type\":\"Article\",\"@id\":\"https:\\\/\\\/elsieart.pl\\\/?p=631#article\",\"isPartOf\":{\"@id\":\"https:\\\/\\\/elsieart.pl\\\/?p=631\"},\"author\":{\"name\":\"Anna Krajewska\",\"@id\":\"https:\\\/\\\/elsieart.pl\\\/#\\\/schema\\\/person\\\/818eb3c3d8144ede1c78eaca1156f3a3\"},\"headline\":\"Ptaki umys\u0142u\",\"datePublished\":\"2025-02-16T20:07:34+00:00\",\"dateModified\":\"2025-02-16T20:18:41+00:00\",\"mainEntityOfPage\":{\"@id\":\"https:\\\/\\\/elsieart.pl\\\/?p=631\"},\"wordCount\":187,\"commentCount\":0,\"image\":{\"@id\":\"https:\\\/\\\/elsieart.pl\\\/?p=631#primaryimage\"},\"thumbnailUrl\":\"http:\\\/\\\/elsieart.pl\\\/wp-content\\\/uploads\\\/2025\\\/02\\\/IMG_6376.jpeg\",\"articleSection\":[\"Moja Droga do Mi\u0142o\u015bci\"],\"inLanguage\":\"pl-PL\",\"potentialAction\":[{\"@type\":\"CommentAction\",\"name\":\"Comment\",\"target\":[\"https:\\\/\\\/elsieart.pl\\\/?p=631#respond\"]}]},{\"@type\":\"WebPage\",\"@id\":\"https:\\\/\\\/elsieart.pl\\\/?p=631\",\"url\":\"https:\\\/\\\/elsieart.pl\\\/?p=631\",\"name\":\"Ptaki umys\u0142u - NA\u2764NA...art czyli sztuka \u017bycia Dusz\u0105\",\"isPartOf\":{\"@id\":\"https:\\\/\\\/elsieart.pl\\\/#website\"},\"primaryImageOfPage\":{\"@id\":\"https:\\\/\\\/elsieart.pl\\\/?p=631#primaryimage\"},\"image\":{\"@id\":\"https:\\\/\\\/elsieart.pl\\\/?p=631#primaryimage\"},\"thumbnailUrl\":\"http:\\\/\\\/elsieart.pl\\\/wp-content\\\/uploads\\\/2025\\\/02\\\/IMG_6376.jpeg\",\"datePublished\":\"2025-02-16T20:07:34+00:00\",\"dateModified\":\"2025-02-16T20:18:41+00:00\",\"author\":{\"@id\":\"https:\\\/\\\/elsieart.pl\\\/#\\\/schema\\\/person\\\/818eb3c3d8144ede1c78eaca1156f3a3\"},\"breadcrumb\":{\"@id\":\"https:\\\/\\\/elsieart.pl\\\/?p=631#breadcrumb\"},\"inLanguage\":\"pl-PL\",\"potentialAction\":[{\"@type\":\"ReadAction\",\"target\":[\"https:\\\/\\\/elsieart.pl\\\/?p=631\"]}]},{\"@type\":\"ImageObject\",\"inLanguage\":\"pl-PL\",\"@id\":\"https:\\\/\\\/elsieart.pl\\\/?p=631#primaryimage\",\"url\":\"https:\\\/\\\/elsieart.pl\\\/wp-content\\\/uploads\\\/2025\\\/02\\\/IMG_6376.jpeg\",\"contentUrl\":\"https:\\\/\\\/elsieart.pl\\\/wp-content\\\/uploads\\\/2025\\\/02\\\/IMG_6376.jpeg\",\"width\":720,\"height\":929},{\"@type\":\"BreadcrumbList\",\"@id\":\"https:\\\/\\\/elsieart.pl\\\/?p=631#breadcrumb\",\"itemListElement\":[{\"@type\":\"ListItem\",\"position\":1,\"name\":\"Strona g\u0142\u00f3wna\",\"item\":\"https:\\\/\\\/elsieart.pl\\\/\"},{\"@type\":\"ListItem\",\"position\":2,\"name\":\"Ptaki umys\u0142u\"}]},{\"@type\":\"WebSite\",\"@id\":\"https:\\\/\\\/elsieart.pl\\\/#website\",\"url\":\"https:\\\/\\\/elsieart.pl\\\/\",\"name\":\"NA\u2764NA...art czyli sztuka \u017bycia Dusz\u0105\",\"description\":\"Anna Krajewska | Gdzie ludzkie spotyka si\u0119 z boskim\",\"potentialAction\":[{\"@type\":\"SearchAction\",\"target\":{\"@type\":\"EntryPoint\",\"urlTemplate\":\"https:\\\/\\\/elsieart.pl\\\/?s={search_term_string}\"},\"query-input\":{\"@type\":\"PropertyValueSpecification\",\"valueRequired\":true,\"valueName\":\"search_term_string\"}}],\"inLanguage\":\"pl-PL\"},{\"@type\":\"Person\",\"@id\":\"https:\\\/\\\/elsieart.pl\\\/#\\\/schema\\\/person\\\/818eb3c3d8144ede1c78eaca1156f3a3\",\"name\":\"Anna Krajewska\",\"image\":{\"@type\":\"ImageObject\",\"inLanguage\":\"pl-PL\",\"@id\":\"https:\\\/\\\/secure.gravatar.com\\\/avatar\\\/f8702c146031dc3a604b2968503f6b5a36ce29db33ea2369631cf1e9129f349d?s=96&d=mm&r=g\",\"url\":\"https:\\\/\\\/secure.gravatar.com\\\/avatar\\\/f8702c146031dc3a604b2968503f6b5a36ce29db33ea2369631cf1e9129f349d?s=96&d=mm&r=g\",\"contentUrl\":\"https:\\\/\\\/secure.gravatar.com\\\/avatar\\\/f8702c146031dc3a604b2968503f6b5a36ce29db33ea2369631cf1e9129f349d?s=96&d=mm&r=g\",\"caption\":\"Anna Krajewska\"},\"sameAs\":[\"https:\\\/\\\/elsieart.pl\"],\"url\":\"https:\\\/\\\/elsieart.pl\\\/?author=1\"}]}<\/script>\n<!-- \/ Yoast SEO plugin. -->","yoast_head_json":{"title":"Ptaki umys\u0142u - NA\u2764NA...art czyli sztuka \u017bycia Dusz\u0105","robots":{"index":"index","follow":"follow","max-snippet":"max-snippet:-1","max-image-preview":"max-image-preview:large","max-video-preview":"max-video-preview:-1"},"canonical":"https:\/\/elsieart.pl\/?p=631","og_locale":"pl_PL","og_type":"article","og_title":"Ptaki umys\u0142u - NA\u2764NA...art czyli sztuka \u017bycia Dusz\u0105","og_description":"\u201eMy\u015bli nie s\u0105 prawd\u0105.&nbsp; A ostatecznie, one nawet nie s\u0105 twoje\u2026nie s\u0105 osobiste, nie s\u0105 tym, kim naprawd\u0119 jeste\u015b. To tylko g\u0142osy, d\u017awi\u0119ki, sugestie, os\u0105dy, opinie umys\u0142u, pojawiaj\u0105ce si\u0119 i znikaj\u0105ce przez ca\u0142y czas, niczym \u015bpiewaj\u0105ca gromada ptak\u00f3w, a ka\u017cdy ptak wy\u015bpiewuje inn\u0105 nut\u0119\u2026inn\u0105 opini\u0119, sugesti\u0119, perspektyw\u0119.&nbsp; Nie jeste\u015b tymi ptakami\u2026 jeste\u015b szeroko otwart\u0105 przestrzeni\u0105,&nbsp; &hellip; Czytaj dalej \u201ePtaki umys\u0142u\u201d","og_url":"https:\/\/elsieart.pl\/?p=631","og_site_name":"NA\u2764NA...art czyli sztuka \u017bycia Dusz\u0105","article_published_time":"2025-02-16T20:07:34+00:00","article_modified_time":"2025-02-16T20:18:41+00:00","og_image":[{"width":720,"height":929,"url":"https:\/\/elsieart.pl\/wp-content\/uploads\/2025\/02\/IMG_6376.jpeg","type":"image\/jpeg"}],"author":"Anna Krajewska","twitter_card":"summary_large_image","twitter_misc":{"Napisane przez":"Anna Krajewska","Szacowany czas czytania":"1 minuta"},"schema":{"@context":"https:\/\/schema.org","@graph":[{"@type":"Article","@id":"https:\/\/elsieart.pl\/?p=631#article","isPartOf":{"@id":"https:\/\/elsieart.pl\/?p=631"},"author":{"name":"Anna Krajewska","@id":"https:\/\/elsieart.pl\/#\/schema\/person\/818eb3c3d8144ede1c78eaca1156f3a3"},"headline":"Ptaki umys\u0142u","datePublished":"2025-02-16T20:07:34+00:00","dateModified":"2025-02-16T20:18:41+00:00","mainEntityOfPage":{"@id":"https:\/\/elsieart.pl\/?p=631"},"wordCount":187,"commentCount":0,"image":{"@id":"https:\/\/elsieart.pl\/?p=631#primaryimage"},"thumbnailUrl":"http:\/\/elsieart.pl\/wp-content\/uploads\/2025\/02\/IMG_6376.jpeg","articleSection":["Moja Droga do Mi\u0142o\u015bci"],"inLanguage":"pl-PL","potentialAction":[{"@type":"CommentAction","name":"Comment","target":["https:\/\/elsieart.pl\/?p=631#respond"]}]},{"@type":"WebPage","@id":"https:\/\/elsieart.pl\/?p=631","url":"https:\/\/elsieart.pl\/?p=631","name":"Ptaki umys\u0142u - NA\u2764NA...art czyli sztuka \u017bycia Dusz\u0105","isPartOf":{"@id":"https:\/\/elsieart.pl\/#website"},"primaryImageOfPage":{"@id":"https:\/\/elsieart.pl\/?p=631#primaryimage"},"image":{"@id":"https:\/\/elsieart.pl\/?p=631#primaryimage"},"thumbnailUrl":"http:\/\/elsieart.pl\/wp-content\/uploads\/2025\/02\/IMG_6376.jpeg","datePublished":"2025-02-16T20:07:34+00:00","dateModified":"2025-02-16T20:18:41+00:00","author":{"@id":"https:\/\/elsieart.pl\/#\/schema\/person\/818eb3c3d8144ede1c78eaca1156f3a3"},"breadcrumb":{"@id":"https:\/\/elsieart.pl\/?p=631#breadcrumb"},"inLanguage":"pl-PL","potentialAction":[{"@type":"ReadAction","target":["https:\/\/elsieart.pl\/?p=631"]}]},{"@type":"ImageObject","inLanguage":"pl-PL","@id":"https:\/\/elsieart.pl\/?p=631#primaryimage","url":"https:\/\/elsieart.pl\/wp-content\/uploads\/2025\/02\/IMG_6376.jpeg","contentUrl":"https:\/\/elsieart.pl\/wp-content\/uploads\/2025\/02\/IMG_6376.jpeg","width":720,"height":929},{"@type":"BreadcrumbList","@id":"https:\/\/elsieart.pl\/?p=631#breadcrumb","itemListElement":[{"@type":"ListItem","position":1,"name":"Strona g\u0142\u00f3wna","item":"https:\/\/elsieart.pl\/"},{"@type":"ListItem","position":2,"name":"Ptaki umys\u0142u"}]},{"@type":"WebSite","@id":"https:\/\/elsieart.pl\/#website","url":"https:\/\/elsieart.pl\/","name":"NA\u2764NA...art czyli sztuka \u017bycia Dusz\u0105","description":"Anna Krajewska | Gdzie ludzkie spotyka si\u0119 z boskim","potentialAction":[{"@type":"SearchAction","target":{"@type":"EntryPoint","urlTemplate":"https:\/\/elsieart.pl\/?s={search_term_string}"},"query-input":{"@type":"PropertyValueSpecification","valueRequired":true,"valueName":"search_term_string"}}],"inLanguage":"pl-PL"},{"@type":"Person","@id":"https:\/\/elsieart.pl\/#\/schema\/person\/818eb3c3d8144ede1c78eaca1156f3a3","name":"Anna Krajewska","image":{"@type":"ImageObject","inLanguage":"pl-PL","@id":"https:\/\/secure.gravatar.com\/avatar\/f8702c146031dc3a604b2968503f6b5a36ce29db33ea2369631cf1e9129f349d?s=96&d=mm&r=g","url":"https:\/\/secure.gravatar.com\/avatar\/f8702c146031dc3a604b2968503f6b5a36ce29db33ea2369631cf1e9129f349d?s=96&d=mm&r=g","contentUrl":"https:\/\/secure.gravatar.com\/avatar\/f8702c146031dc3a604b2968503f6b5a36ce29db33ea2369631cf1e9129f349d?s=96&d=mm&r=g","caption":"Anna Krajewska"},"sameAs":["https:\/\/elsieart.pl"],"url":"https:\/\/elsieart.pl\/?author=1"}]}},"_links":{"self":[{"href":"https:\/\/elsieart.pl\/index.php?rest_route=\/wp\/v2\/posts\/631","targetHints":{"allow":["GET"]}}],"collection":[{"href":"https:\/\/elsieart.pl\/index.php?rest_route=\/wp\/v2\/posts"}],"about":[{"href":"https:\/\/elsieart.pl\/index.php?rest_route=\/wp\/v2\/types\/post"}],"author":[{"embeddable":true,"href":"https:\/\/elsieart.pl\/index.php?rest_route=\/wp\/v2\/users\/1"}],"replies":[{"embeddable":true,"href":"https:\/\/elsieart.pl\/index.php?rest_route=%2Fwp%2Fv2%2Fcomments&post=631"}],"version-history":[{"count":5,"href":"https:\/\/elsieart.pl\/index.php?rest_route=\/wp\/v2\/posts\/631\/revisions"}],"predecessor-version":[{"id":638,"href":"https:\/\/elsieart.pl\/index.php?rest_route=\/wp\/v2\/posts\/631\/revisions\/638"}],"wp:attachment":[{"href":"https:\/\/elsieart.pl\/index.php?rest_route=%2Fwp%2Fv2%2Fmedia&parent=631"}],"wp:term":[{"taxonomy":"category","embeddable":true,"href":"https:\/\/elsieart.pl\/index.php?rest_route=%2Fwp%2Fv2%2Fcategories&post=631"},{"taxonomy":"post_tag","embeddable":true,"href":"https:\/\/elsieart.pl\/index.php?rest_route=%2Fwp%2Fv2%2Ftags&post=631"}],"curies":[{"name":"wp","href":"https:\/\/api.w.org\/{rel}","templated":true}]}}