{"id":387,"date":"2024-06-02T17:42:00","date_gmt":"2024-06-02T17:42:00","guid":{"rendered":"https:\/\/elsieart.pl\/?p=387"},"modified":"2025-02-28T13:34:12","modified_gmt":"2025-02-28T13:34:12","slug":"milosc-moja","status":"publish","type":"post","link":"https:\/\/elsieart.pl\/?p=387","title":{"rendered":"Mi\u0142o\u015b\u0107 moja&#8230;"},"content":{"rendered":"\n<p class=\"wp-block-paragraph\">Mi\u0142o\u015b\u0107 moja dla wybranej Duszy\u2026<br>jest tak\u0105 iskr\u0105, kt\u00f3ra si\u0119 wyodr\u0119bnia z pola mojego Serca.<br>I istnieje sobie indywidualnie,<br>a jednocze\u015bnie jest po\u0142\u0105czona z ca\u0142ym moim Sercem.<\/p>\n\n\n\n<p class=\"wp-block-paragraph\">Jest cudownym potencja\u0142em\u2026<\/p>\n\n\n\n<p class=\"wp-block-paragraph\">bo karmiona przeze mnie i t\u0119 wybran\u0105 Dusz\u0119\u2026ro\u015bnie, <br>pot\u0119\u017cnieje\u2026staje si\u0119 coraz wi\u0119ksza, ekspansywna, <br>pe\u0142na mocy.<\/p>\n\n\n\n<p class=\"wp-block-paragraph\">A co si\u0119 dzieje, gdy nie mog\u0119 ju\u017c jej karmi\u0107?<br>Gdy jej ju\u017c nie karmi\u0119 ani ja, ani ta wybrana Dusza\u2026<\/p>\n\n\n\n<p class=\"wp-block-paragraph\">ta mi\u0142o\u015b\u0107\u2026nie znika, <br>nie wyrzucam jej\u2026nie wypieram si\u0119 jej\u2026<br>nie oszukuj\u0119 siebie, \u017ce si\u0119 nie wydarzy\u0142a,<\/p>\n\n\n\n<p class=\"wp-block-paragraph\">bo jest cz\u0119\u015bci\u0105 mojego serca\u2026<br>I tam w\u0142a\u015bnie powr\u00f3ci\u2026do ca\u0142ej puli jego mi\u0142o\u015bci\u2026<\/p>\n\n\n\n<p class=\"wp-block-paragraph\">serce j\u0105 wch\u0142onie, przyjmie z powrotem z rado\u015bci\u0105, <br>ze zrozumieniem\u2026<br>powita swoj\u0105 cz\u0119\u015b\u0107, kt\u00f3ra wyodr\u0119bni\u0142a si\u0119, aby do\u015bwiadczy\u0107, <br>aby wzbogaci\u0107 ca\u0142e serce jako jedno\u015b\u0107\u2026<\/p>\n\n\n\n<p class=\"wp-block-paragraph\">I mi\u0142o\u015b\u0107 mojego serca powi\u0119kszy sw\u00f3j potencja\u0142, <br>swoj\u0105 moc obdarzania siebie i innych\u2026<br>coraz bardziej, coraz pi\u0119kniej, coraz pe\u0142niej.\u00a0<\/p>\n\n\n\n<p class=\"wp-block-paragraph\">W przestrzeni mojego serca, duszy mojej<br>\u2026oddzielam ziarno od plew<\/p>\n\n\n\n<p class=\"wp-block-paragraph\">i z wdzi\u0119czno\u015bci\u0105 zachowuj\u0119 to\u2026co by\u0142o jako\u015bci\u0105.\u00a0<\/p>\n\n\n\n<p class=\"wp-block-paragraph\">Dlatego\u2026zawsze warto kocha\u0107. <br>I niczego nie \u017ca\u0142owa\u0107.&nbsp;<\/p>\n\n\n\n<p class=\"wp-block-paragraph\">By\u0142o warto. Bardzo.<\/p>\n\n\n\n<figure class=\"wp-block-embed is-type-video is-provider-youtube wp-block-embed-youtube wp-embed-aspect-4-3 wp-has-aspect-ratio\"><div class=\"wp-block-embed__wrapper\">\n<iframe loading=\"lazy\" title=\"Voice Of My Heart\" width=\"525\" height=\"394\" src=\"https:\/\/www.youtube.com\/embed\/pS047eXvLjA?feature=oembed\" frameborder=\"0\" allow=\"accelerometer; autoplay; clipboard-write; encrypted-media; gyroscope; picture-in-picture; web-share\" referrerpolicy=\"strict-origin-when-cross-origin\" allowfullscreen><\/iframe>\n<\/div><\/figure>\n","protected":false},"excerpt":{"rendered":"<p>Mi\u0142o\u015b\u0107 moja dla wybranej Duszy\u2026jest tak\u0105 iskr\u0105, kt\u00f3ra si\u0119 wyodr\u0119bnia z pola mojego Serca.I istnieje sobie indywidualnie,a jednocze\u015bnie jest po\u0142\u0105czona z ca\u0142ym moim Sercem. Jest cudownym potencja\u0142em\u2026 bo karmiona przeze mnie i t\u0119 wybran\u0105 Dusz\u0119\u2026ro\u015bnie, pot\u0119\u017cnieje\u2026staje si\u0119 coraz wi\u0119ksza, ekspansywna, pe\u0142na mocy. A co si\u0119 dzieje, gdy nie mog\u0119 ju\u017c jej karmi\u0107?Gdy jej ju\u017c nie &hellip; <\/p>\n<p class=\"link-more\"><a href=\"https:\/\/elsieart.pl\/?p=387\" class=\"more-link\">Czytaj dalej<span class=\"screen-reader-text\"> \u201eMi\u0142o\u015b\u0107 moja&#8230;\u201d<\/span><\/a><\/p>\n","protected":false},"author":1,"featured_media":0,"comment_status":"open","ping_status":"open","sticky":false,"template":"","format":"standard","meta":{"footnotes":""},"categories":[5],"tags":[],"class_list":["post-387","post","type-post","status-publish","format-standard","hentry","category-moja-droga-do-milosci"],"yoast_head":"<!-- This site is optimized with the Yoast SEO plugin v28.0 - https:\/\/yoast.com\/product\/yoast-seo-wordpress\/ -->\n<title>Mi\u0142o\u015b\u0107 moja... - NA\u2764NA...art czyli sztuka \u017bycia Dusz\u0105<\/title>\n<meta name=\"robots\" content=\"index, follow, max-snippet:-1, max-image-preview:large, max-video-preview:-1\" \/>\n<link rel=\"canonical\" href=\"https:\/\/elsieart.pl\/?p=387\" \/>\n<meta property=\"og:locale\" content=\"pl_PL\" \/>\n<meta property=\"og:type\" content=\"article\" \/>\n<meta property=\"og:title\" content=\"Mi\u0142o\u015b\u0107 moja... - NA\u2764NA...art czyli sztuka \u017bycia Dusz\u0105\" \/>\n<meta property=\"og:description\" content=\"Mi\u0142o\u015b\u0107 moja dla wybranej Duszy\u2026jest tak\u0105 iskr\u0105, kt\u00f3ra si\u0119 wyodr\u0119bnia z pola mojego Serca.I istnieje sobie indywidualnie,a jednocze\u015bnie jest po\u0142\u0105czona z ca\u0142ym moim Sercem. Jest cudownym potencja\u0142em\u2026 bo karmiona przeze mnie i t\u0119 wybran\u0105 Dusz\u0119\u2026ro\u015bnie, pot\u0119\u017cnieje\u2026staje si\u0119 coraz wi\u0119ksza, ekspansywna, pe\u0142na mocy. A co si\u0119 dzieje, gdy nie mog\u0119 ju\u017c jej karmi\u0107?Gdy jej ju\u017c nie &hellip; Czytaj dalej \u201eMi\u0142o\u015b\u0107 moja&#8230;\u201d\" \/>\n<meta property=\"og:url\" content=\"https:\/\/elsieart.pl\/?p=387\" \/>\n<meta property=\"og:site_name\" content=\"NA\u2764NA...art czyli sztuka \u017bycia Dusz\u0105\" \/>\n<meta property=\"article:published_time\" content=\"2024-06-02T17:42:00+00:00\" \/>\n<meta property=\"article:modified_time\" content=\"2025-02-28T13:34:12+00:00\" \/>\n<meta name=\"author\" content=\"Anna Krajewska\" \/>\n<meta name=\"twitter:card\" content=\"summary_large_image\" \/>\n<meta name=\"twitter:label1\" content=\"Napisane przez\" \/>\n\t<meta name=\"twitter:data1\" content=\"Anna Krajewska\" \/>\n\t<meta name=\"twitter:label2\" content=\"Szacowany czas czytania\" \/>\n\t<meta name=\"twitter:data2\" content=\"1 minuta\" \/>\n<script type=\"application\/ld+json\" class=\"yoast-schema-graph\">{\"@context\":\"https:\\\/\\\/schema.org\",\"@graph\":[{\"@type\":\"Article\",\"@id\":\"https:\\\/\\\/elsieart.pl\\\/?p=387#article\",\"isPartOf\":{\"@id\":\"https:\\\/\\\/elsieart.pl\\\/?p=387\"},\"author\":{\"name\":\"Anna Krajewska\",\"@id\":\"https:\\\/\\\/elsieart.pl\\\/#\\\/schema\\\/person\\\/818eb3c3d8144ede1c78eaca1156f3a3\"},\"headline\":\"Mi\u0142o\u015b\u0107 moja&#8230;\",\"datePublished\":\"2024-06-02T17:42:00+00:00\",\"dateModified\":\"2025-02-28T13:34:12+00:00\",\"mainEntityOfPage\":{\"@id\":\"https:\\\/\\\/elsieart.pl\\\/?p=387\"},\"wordCount\":227,\"commentCount\":0,\"articleSection\":[\"Moja Droga do Mi\u0142o\u015bci\"],\"inLanguage\":\"pl-PL\",\"potentialAction\":[{\"@type\":\"CommentAction\",\"name\":\"Comment\",\"target\":[\"https:\\\/\\\/elsieart.pl\\\/?p=387#respond\"]}]},{\"@type\":\"WebPage\",\"@id\":\"https:\\\/\\\/elsieart.pl\\\/?p=387\",\"url\":\"https:\\\/\\\/elsieart.pl\\\/?p=387\",\"name\":\"Mi\u0142o\u015b\u0107 moja... - NA\u2764NA...art czyli sztuka \u017bycia Dusz\u0105\",\"isPartOf\":{\"@id\":\"https:\\\/\\\/elsieart.pl\\\/#website\"},\"datePublished\":\"2024-06-02T17:42:00+00:00\",\"dateModified\":\"2025-02-28T13:34:12+00:00\",\"author\":{\"@id\":\"https:\\\/\\\/elsieart.pl\\\/#\\\/schema\\\/person\\\/818eb3c3d8144ede1c78eaca1156f3a3\"},\"breadcrumb\":{\"@id\":\"https:\\\/\\\/elsieart.pl\\\/?p=387#breadcrumb\"},\"inLanguage\":\"pl-PL\",\"potentialAction\":[{\"@type\":\"ReadAction\",\"target\":[\"https:\\\/\\\/elsieart.pl\\\/?p=387\"]}]},{\"@type\":\"BreadcrumbList\",\"@id\":\"https:\\\/\\\/elsieart.pl\\\/?p=387#breadcrumb\",\"itemListElement\":[{\"@type\":\"ListItem\",\"position\":1,\"name\":\"Strona g\u0142\u00f3wna\",\"item\":\"https:\\\/\\\/elsieart.pl\\\/\"},{\"@type\":\"ListItem\",\"position\":2,\"name\":\"Mi\u0142o\u015b\u0107 moja&#8230;\"}]},{\"@type\":\"WebSite\",\"@id\":\"https:\\\/\\\/elsieart.pl\\\/#website\",\"url\":\"https:\\\/\\\/elsieart.pl\\\/\",\"name\":\"NA\u2764NA...art czyli sztuka \u017bycia Dusz\u0105\",\"description\":\"Anna Krajewska | Gdzie ludzkie spotyka si\u0119 z boskim\",\"potentialAction\":[{\"@type\":\"SearchAction\",\"target\":{\"@type\":\"EntryPoint\",\"urlTemplate\":\"https:\\\/\\\/elsieart.pl\\\/?s={search_term_string}\"},\"query-input\":{\"@type\":\"PropertyValueSpecification\",\"valueRequired\":true,\"valueName\":\"search_term_string\"}}],\"inLanguage\":\"pl-PL\"},{\"@type\":\"Person\",\"@id\":\"https:\\\/\\\/elsieart.pl\\\/#\\\/schema\\\/person\\\/818eb3c3d8144ede1c78eaca1156f3a3\",\"name\":\"Anna Krajewska\",\"image\":{\"@type\":\"ImageObject\",\"inLanguage\":\"pl-PL\",\"@id\":\"https:\\\/\\\/secure.gravatar.com\\\/avatar\\\/f8702c146031dc3a604b2968503f6b5a36ce29db33ea2369631cf1e9129f349d?s=96&d=mm&r=g\",\"url\":\"https:\\\/\\\/secure.gravatar.com\\\/avatar\\\/f8702c146031dc3a604b2968503f6b5a36ce29db33ea2369631cf1e9129f349d?s=96&d=mm&r=g\",\"contentUrl\":\"https:\\\/\\\/secure.gravatar.com\\\/avatar\\\/f8702c146031dc3a604b2968503f6b5a36ce29db33ea2369631cf1e9129f349d?s=96&d=mm&r=g\",\"caption\":\"Anna Krajewska\"},\"sameAs\":[\"https:\\\/\\\/elsieart.pl\"],\"url\":\"https:\\\/\\\/elsieart.pl\\\/?author=1\"}]}<\/script>\n<!-- \/ Yoast SEO plugin. -->","yoast_head_json":{"title":"Mi\u0142o\u015b\u0107 moja... - NA\u2764NA...art czyli sztuka \u017bycia Dusz\u0105","robots":{"index":"index","follow":"follow","max-snippet":"max-snippet:-1","max-image-preview":"max-image-preview:large","max-video-preview":"max-video-preview:-1"},"canonical":"https:\/\/elsieart.pl\/?p=387","og_locale":"pl_PL","og_type":"article","og_title":"Mi\u0142o\u015b\u0107 moja... - NA\u2764NA...art czyli sztuka \u017bycia Dusz\u0105","og_description":"Mi\u0142o\u015b\u0107 moja dla wybranej Duszy\u2026jest tak\u0105 iskr\u0105, kt\u00f3ra si\u0119 wyodr\u0119bnia z pola mojego Serca.I istnieje sobie indywidualnie,a jednocze\u015bnie jest po\u0142\u0105czona z ca\u0142ym moim Sercem. Jest cudownym potencja\u0142em\u2026 bo karmiona przeze mnie i t\u0119 wybran\u0105 Dusz\u0119\u2026ro\u015bnie, pot\u0119\u017cnieje\u2026staje si\u0119 coraz wi\u0119ksza, ekspansywna, pe\u0142na mocy. A co si\u0119 dzieje, gdy nie mog\u0119 ju\u017c jej karmi\u0107?Gdy jej ju\u017c nie &hellip; Czytaj dalej \u201eMi\u0142o\u015b\u0107 moja&#8230;\u201d","og_url":"https:\/\/elsieart.pl\/?p=387","og_site_name":"NA\u2764NA...art czyli sztuka \u017bycia Dusz\u0105","article_published_time":"2024-06-02T17:42:00+00:00","article_modified_time":"2025-02-28T13:34:12+00:00","author":"Anna Krajewska","twitter_card":"summary_large_image","twitter_misc":{"Napisane przez":"Anna Krajewska","Szacowany czas czytania":"1 minuta"},"schema":{"@context":"https:\/\/schema.org","@graph":[{"@type":"Article","@id":"https:\/\/elsieart.pl\/?p=387#article","isPartOf":{"@id":"https:\/\/elsieart.pl\/?p=387"},"author":{"name":"Anna Krajewska","@id":"https:\/\/elsieart.pl\/#\/schema\/person\/818eb3c3d8144ede1c78eaca1156f3a3"},"headline":"Mi\u0142o\u015b\u0107 moja&#8230;","datePublished":"2024-06-02T17:42:00+00:00","dateModified":"2025-02-28T13:34:12+00:00","mainEntityOfPage":{"@id":"https:\/\/elsieart.pl\/?p=387"},"wordCount":227,"commentCount":0,"articleSection":["Moja Droga do Mi\u0142o\u015bci"],"inLanguage":"pl-PL","potentialAction":[{"@type":"CommentAction","name":"Comment","target":["https:\/\/elsieart.pl\/?p=387#respond"]}]},{"@type":"WebPage","@id":"https:\/\/elsieart.pl\/?p=387","url":"https:\/\/elsieart.pl\/?p=387","name":"Mi\u0142o\u015b\u0107 moja... - NA\u2764NA...art czyli sztuka \u017bycia Dusz\u0105","isPartOf":{"@id":"https:\/\/elsieart.pl\/#website"},"datePublished":"2024-06-02T17:42:00+00:00","dateModified":"2025-02-28T13:34:12+00:00","author":{"@id":"https:\/\/elsieart.pl\/#\/schema\/person\/818eb3c3d8144ede1c78eaca1156f3a3"},"breadcrumb":{"@id":"https:\/\/elsieart.pl\/?p=387#breadcrumb"},"inLanguage":"pl-PL","potentialAction":[{"@type":"ReadAction","target":["https:\/\/elsieart.pl\/?p=387"]}]},{"@type":"BreadcrumbList","@id":"https:\/\/elsieart.pl\/?p=387#breadcrumb","itemListElement":[{"@type":"ListItem","position":1,"name":"Strona g\u0142\u00f3wna","item":"https:\/\/elsieart.pl\/"},{"@type":"ListItem","position":2,"name":"Mi\u0142o\u015b\u0107 moja&#8230;"}]},{"@type":"WebSite","@id":"https:\/\/elsieart.pl\/#website","url":"https:\/\/elsieart.pl\/","name":"NA\u2764NA...art czyli sztuka \u017bycia Dusz\u0105","description":"Anna Krajewska | Gdzie ludzkie spotyka si\u0119 z boskim","potentialAction":[{"@type":"SearchAction","target":{"@type":"EntryPoint","urlTemplate":"https:\/\/elsieart.pl\/?s={search_term_string}"},"query-input":{"@type":"PropertyValueSpecification","valueRequired":true,"valueName":"search_term_string"}}],"inLanguage":"pl-PL"},{"@type":"Person","@id":"https:\/\/elsieart.pl\/#\/schema\/person\/818eb3c3d8144ede1c78eaca1156f3a3","name":"Anna Krajewska","image":{"@type":"ImageObject","inLanguage":"pl-PL","@id":"https:\/\/secure.gravatar.com\/avatar\/f8702c146031dc3a604b2968503f6b5a36ce29db33ea2369631cf1e9129f349d?s=96&d=mm&r=g","url":"https:\/\/secure.gravatar.com\/avatar\/f8702c146031dc3a604b2968503f6b5a36ce29db33ea2369631cf1e9129f349d?s=96&d=mm&r=g","contentUrl":"https:\/\/secure.gravatar.com\/avatar\/f8702c146031dc3a604b2968503f6b5a36ce29db33ea2369631cf1e9129f349d?s=96&d=mm&r=g","caption":"Anna Krajewska"},"sameAs":["https:\/\/elsieart.pl"],"url":"https:\/\/elsieart.pl\/?author=1"}]}},"_links":{"self":[{"href":"https:\/\/elsieart.pl\/index.php?rest_route=\/wp\/v2\/posts\/387","targetHints":{"allow":["GET"]}}],"collection":[{"href":"https:\/\/elsieart.pl\/index.php?rest_route=\/wp\/v2\/posts"}],"about":[{"href":"https:\/\/elsieart.pl\/index.php?rest_route=\/wp\/v2\/types\/post"}],"author":[{"embeddable":true,"href":"https:\/\/elsieart.pl\/index.php?rest_route=\/wp\/v2\/users\/1"}],"replies":[{"embeddable":true,"href":"https:\/\/elsieart.pl\/index.php?rest_route=%2Fwp%2Fv2%2Fcomments&post=387"}],"version-history":[{"count":8,"href":"https:\/\/elsieart.pl\/index.php?rest_route=\/wp\/v2\/posts\/387\/revisions"}],"predecessor-version":[{"id":845,"href":"https:\/\/elsieart.pl\/index.php?rest_route=\/wp\/v2\/posts\/387\/revisions\/845"}],"wp:attachment":[{"href":"https:\/\/elsieart.pl\/index.php?rest_route=%2Fwp%2Fv2%2Fmedia&parent=387"}],"wp:term":[{"taxonomy":"category","embeddable":true,"href":"https:\/\/elsieart.pl\/index.php?rest_route=%2Fwp%2Fv2%2Fcategories&post=387"},{"taxonomy":"post_tag","embeddable":true,"href":"https:\/\/elsieart.pl\/index.php?rest_route=%2Fwp%2Fv2%2Ftags&post=387"}],"curies":[{"name":"wp","href":"https:\/\/api.w.org\/{rel}","templated":true}]}}