{"id":2778,"date":"2026-09-06T22:28:17","date_gmt":"2026-09-06T20:28:17","guid":{"rendered":"https:\/\/elsieart.pl\/?p=2778"},"modified":"2026-09-06T23:18:45","modified_gmt":"2026-09-06T21:18:45","slug":"klikalna-madrosc","status":"publish","type":"post","link":"https:\/\/elsieart.pl\/?p=2778","title":{"rendered":"Klikalna m\u0105dro\u015b\u0107"},"content":{"rendered":"\n<p class=\"wp-block-paragraph\">Tak troch\u0119 straszno, bo \u015bmieszno ju\u017c nie.<\/p>\n\n\n\n<p class=\"wp-block-paragraph\">Nie ma to jednak jak stara dobra ksi\u0105\u017cka, przy kt\u00f3rej mo\u017cna poby\u0107 cz\u0142owiekiem, przerzucaj\u0105c kartki, otulona kocykiem \u2013 plus ciep\u0142e skarpety \ud83e\udde6 obowi\u0105zkowo i z wielk\u0105 radoch\u0105 \u2013 podczas gdy przez uchylone okno wpada rze\u015bkie powietrze.<\/p>\n\n\n\n<p class=\"wp-block-paragraph\">A ja\u2026 nie jestem przebod\u017acowana, wr\u0119cz przeciwnie, wyciszona i rozlu\u017aniona, z w\u0142asn\u0105 wiedz\u0105, z w\u0142asn\u0105 m\u0105dro\u015bci\u0105, z w\u0142asn\u0105 refleksj\u0105, najlepsz\u0105, bo prawdziw\u0105, \u017cyw\u0105, nawet je\u017celi czasem kulaw\u0105.<\/p>\n\n\n\n<p class=\"wp-block-paragraph\">bo&#8230; taki dziwny stan \u2013 wchodz\u0119 do internetu i chcia\u0142oby si\u0119 znale\u017a\u0107 prawdziw\u0105 tre\u015b\u0107, napisan\u0105 b\u0105d\u017a nagran\u0105 przez prawdziw\u0105 dusz\u0119 i prawdziwy uk\u0142ad nerwowy. Lecz ju\u017c od jakiego\u015b czasu miewam obawy, czy nie zmarnuj\u0119 czasu? Czy nie oka\u017ce si\u0119, \u017ce tekstu, filmu nie stworzy\u0142 Kto\u015b, kto co\u015b rzeczywi\u015bcie prze\u017cy\u0142, lecz 'co\u015b&#8217; bez \u015bwiadomo\u015bci, serca i kontekstu.<\/p>\n\n\n\n<p class=\"wp-block-paragraph\">Ten kontekst\u2026 dzisiaj ma jeszcze wi\u0119ksze znaczenie. Dawniej te\u017c lubili\u015bmy tak upraszcza\u0107, tak generalizowa\u0107, szufladkowa\u0107 i twierdzi\u0107, \u017ce wiem, rozumiem i \u017cy\u0107ko si\u0119 \u017cy\u0142o z bananem na twarzy i ze \u015bwiadomo\u015bci\u0105, \u017ce teraz to ju\u017c &#8222;nikt mnie nie powie&#8221; \ud83d\ude43.<\/p>\n\n\n\n<p class=\"wp-block-paragraph\">Ale teraz, och teraz, to sami eksperci i ekspertki\u2026 od kobiet, od m\u0119\u017cczyzn, od wi\u0119zi, od sukcesu, od dobrostanu etc. I serio, czasem chwil\u0119 mi zaj\u0119\u0142o, nim moje ja zapyta\u0142o: &#8222;<em>ki diabe\u0142, czy p\u00f3\u0142 \u017cycia si\u0119 myli\u0142am, nie widzia\u0142am, \u015blepa by\u0142am, nie umia\u0142am?<\/em>&#8222;<\/p>\n\n\n\n<p class=\"wp-block-paragraph\">Przera\u017ca wr\u0119cz ta stanowczo\u015b\u0107, ta buta, ta nieomylno\u015b\u0107 serwowana w internecie, YouTubie, kontentach, social mediach. Najbardziej to, \u017ce dla zysk\u00f3w, zasi\u0119g\u00f3w, tworz\u0105 si\u0119 tre\u015bci vel papka internetowa do zarz\u0105dzania ludzkim uk\u0142adem nerwowym\u2026 i nikt nie bierze za to odpowiedzialno\u015bci, wszyscy maj\u0105 to po prostu w d.<\/p>\n\n\n\n<p class=\"wp-block-paragraph\">Nudzi mnie to. Ale jednocze\u015bnie wzbudza obawy.<\/p>\n\n\n\n<p class=\"wp-block-paragraph\">Trzeba nie oddawa\u0107 ksi\u0105\u017cek do bibliotek, a trzyma\u0107. Za jaki\u015b czas wszystko b\u0119dzie zrelatywizowane, poza w\u0142asn\u0105 \u015bwiadomo\u015bci\u0105 i umiej\u0119tno\u015bci\u0105 rozr\u00f3\u017cniania, a tak\u017ce pami\u0119ci\u0105, b\u0119dzie mo\u017cna szuka\u0107 wiatru w polu. <\/p>\n\n\n\n<p class=\"wp-block-paragraph\">Mo\u017ce to i dobrze, mo\u017ce Tatce o to chodzi, aby\u015bmy wreszcie polegali na sobie i na tym, co wewn\u0105trz &#8211; na sercu i \u015bwiadomo\u015bci, m\u0105dro\u015bci cia\u0142a, zamiast wlepia\u0107 oczy w ekrany, a stamt\u0105d&#8230; o tym co tam p\u0142ynie, to ju\u017c Goebbels m\u00f3wi\u0142 bez ogr\u00f3dek, a Lis powt\u00f3rzy\u0142, tyle \u017ce innymi s\u0142owy.<\/p>\n\n\n\n<p class=\"wp-block-paragraph\"><strong>P.S.<\/strong> Pi\u0119knie to wida\u0107, gdy algorytm poprawia interpunkcj\u0119, gdzie sens i prawdziwa tre\u015b\u0107 zdania jest zale\u017cna od kontekstu i intencji pisz\u0105cego.<\/p>\n\n\n\n<p class=\"wp-block-paragraph\">Jednak straszno.<\/p>\n\n\n\n<figure class=\"wp-block-image size-large\"><img loading=\"lazy\" decoding=\"async\" width=\"858\" height=\"1024\" src=\"https:\/\/elsieart.pl\/wp-content\/uploads\/2026\/09\/A8E0AC33-406B-4C81-8311-F2A8714748F6-858x1024.png\" alt=\"\" class=\"wp-image-2781\" srcset=\"https:\/\/elsieart.pl\/wp-content\/uploads\/2026\/09\/A8E0AC33-406B-4C81-8311-F2A8714748F6-858x1024.png 858w, https:\/\/elsieart.pl\/wp-content\/uploads\/2026\/09\/A8E0AC33-406B-4C81-8311-F2A8714748F6-251x300.png 251w, https:\/\/elsieart.pl\/wp-content\/uploads\/2026\/09\/A8E0AC33-406B-4C81-8311-F2A8714748F6-768x917.png 768w, https:\/\/elsieart.pl\/wp-content\/uploads\/2026\/09\/A8E0AC33-406B-4C81-8311-F2A8714748F6.png 1148w\" sizes=\"auto, (max-width: 767px) 89vw, (max-width: 1000px) 54vw, (max-width: 1071px) 543px, 580px\" \/><figcaption class=\"wp-element-caption\">Wyg.AI<\/figcaption><\/figure>\n","protected":false},"excerpt":{"rendered":"<p>Tak troch\u0119 straszno, bo \u015bmieszno ju\u017c nie. Nie ma to jednak jak stara dobra ksi\u0105\u017cka, przy kt\u00f3rej mo\u017cna poby\u0107 cz\u0142owiekiem, przerzucaj\u0105c kartki, otulona kocykiem \u2013 plus ciep\u0142e skarpety \ud83e\udde6 obowi\u0105zkowo i z wielk\u0105 radoch\u0105 \u2013 podczas gdy przez uchylone okno wpada rze\u015bkie powietrze. A ja\u2026 nie jestem przebod\u017acowana, wr\u0119cz przeciwnie, wyciszona i rozlu\u017aniona, z w\u0142asn\u0105 &hellip; <\/p>\n<p class=\"link-more\"><a href=\"https:\/\/elsieart.pl\/?p=2778\" class=\"more-link\">Czytaj dalej<span class=\"screen-reader-text\"> \u201eKlikalna m\u0105dro\u015b\u0107\u201d<\/span><\/a><\/p>\n","protected":false},"author":1,"featured_media":0,"comment_status":"open","ping_status":"open","sticky":false,"template":"","format":"standard","meta":{"footnotes":""},"categories":[72,5],"tags":[77,78,76],"class_list":["post-2778","post","type-post","status-publish","format-standard","hentry","category-codziennosc","category-moja-droga-do-milosci","tag-offline","tag-socialmedia","tag-uwaznosc"],"yoast_head":"<!-- This site is optimized with the Yoast SEO plugin v28.0 - https:\/\/yoast.com\/product\/yoast-seo-wordpress\/ -->\n<title>- NA\u2764NA...art czyli sztuka \u017bycia Dusz\u0105<\/title>\n<meta name=\"description\" content=\"Klikalna m\u0105dro\u015b\u0107 \u2013 o t\u0119sknocie za autentyczno\u015bci\u0105 w sieci. Esej o zm\u0119czeniu internetow\u0105 papk\u0105, powrocie do ksi\u0105\u017cek i ocaleniu w\u0142asnej \u015bwiadomo\u015bci.\" \/>\n<meta name=\"robots\" content=\"index, follow, max-snippet:-1, max-image-preview:large, max-video-preview:-1\" \/>\n<link rel=\"canonical\" href=\"https:\/\/elsieart.pl\/?p=2778\" \/>\n<meta property=\"og:locale\" content=\"pl_PL\" \/>\n<meta property=\"og:type\" content=\"article\" \/>\n<meta property=\"og:title\" content=\"klikalna m\u0105dro\u015b\u0107\" \/>\n<meta property=\"og:description\" content=\"Klikalna m\u0105dro\u015b\u0107 \u2013 o t\u0119sknocie za autentyczno\u015bci\u0105 w sieci. Esej o zm\u0119czeniu internetow\u0105 papk\u0105, powrocie do ksi\u0105\u017cek i ocaleniu w\u0142asnej \u015bwiadomo\u015bci.\" \/>\n<meta property=\"og:url\" content=\"https:\/\/elsieart.pl\/?p=2778\" \/>\n<meta property=\"og:site_name\" content=\"NA\u2764NA...art czyli sztuka \u017bycia Dusz\u0105\" \/>\n<meta property=\"article:published_time\" content=\"2026-09-06T20:28:17+00:00\" \/>\n<meta property=\"article:modified_time\" content=\"2026-09-06T21:18:45+00:00\" \/>\n<meta property=\"og:image\" content=\"http:\/\/elsieart.pl\/wp-content\/uploads\/2026\/09\/A8E0AC33-406B-4C81-8311-F2A8714748F6-858x1024.png\" \/>\n\t<meta property=\"og:image:width\" content=\"858\" \/>\n\t<meta property=\"og:image:height\" content=\"1024\" \/>\n\t<meta property=\"og:image:type\" content=\"image\/png\" \/>\n<meta name=\"author\" content=\"Anna Krajewska\" \/>\n<meta name=\"twitter:card\" content=\"summary_large_image\" \/>\n<meta name=\"twitter:label1\" content=\"Napisane przez\" \/>\n\t<meta name=\"twitter:data1\" content=\"Anna Krajewska\" \/>\n\t<meta name=\"twitter:label2\" content=\"Szacowany czas czytania\" \/>\n\t<meta name=\"twitter:data2\" content=\"3 minuty\" \/>\n<script type=\"application\/ld+json\" class=\"yoast-schema-graph\">{\"@context\":\"https:\\\/\\\/schema.org\",\"@graph\":[{\"@type\":[\"Article\",\"BlogPosting\"],\"@id\":\"https:\\\/\\\/elsieart.pl\\\/?p=2778#article\",\"isPartOf\":{\"@id\":\"https:\\\/\\\/elsieart.pl\\\/?p=2778\"},\"author\":{\"name\":\"Anna Krajewska\",\"@id\":\"https:\\\/\\\/elsieart.pl\\\/#\\\/schema\\\/person\\\/818eb3c3d8144ede1c78eaca1156f3a3\"},\"headline\":\"Klikalna m\u0105dro\u015b\u0107\",\"datePublished\":\"2026-09-06T20:28:17+00:00\",\"dateModified\":\"2026-09-06T21:18:45+00:00\",\"mainEntityOfPage\":{\"@id\":\"https:\\\/\\\/elsieart.pl\\\/?p=2778\"},\"wordCount\":441,\"commentCount\":0,\"image\":{\"@id\":\"https:\\\/\\\/elsieart.pl\\\/?p=2778#primaryimage\"},\"thumbnailUrl\":\"https:\\\/\\\/elsieart.pl\\\/wp-content\\\/uploads\\\/2026\\\/09\\\/A8E0AC33-406B-4C81-8311-F2A8714748F6-858x1024.png\",\"keywords\":[\"offline\",\"socialmedia\",\"uwa\u017cno\u015b\u0107\"],\"articleSection\":[\"codzienno\u015b\u0107\",\"Moja Droga do Mi\u0142o\u015bci\"],\"inLanguage\":\"pl-PL\",\"potentialAction\":[{\"@type\":\"CommentAction\",\"name\":\"Comment\",\"target\":[\"https:\\\/\\\/elsieart.pl\\\/?p=2778#respond\"]}]},{\"@type\":\"WebPage\",\"@id\":\"https:\\\/\\\/elsieart.pl\\\/?p=2778\",\"url\":\"https:\\\/\\\/elsieart.pl\\\/?p=2778\",\"name\":\"- NA\u2764NA...art czyli sztuka \u017bycia Dusz\u0105\",\"isPartOf\":{\"@id\":\"https:\\\/\\\/elsieart.pl\\\/#website\"},\"primaryImageOfPage\":{\"@id\":\"https:\\\/\\\/elsieart.pl\\\/?p=2778#primaryimage\"},\"image\":{\"@id\":\"https:\\\/\\\/elsieart.pl\\\/?p=2778#primaryimage\"},\"thumbnailUrl\":\"https:\\\/\\\/elsieart.pl\\\/wp-content\\\/uploads\\\/2026\\\/09\\\/A8E0AC33-406B-4C81-8311-F2A8714748F6-858x1024.png\",\"datePublished\":\"2026-09-06T20:28:17+00:00\",\"dateModified\":\"2026-09-06T21:18:45+00:00\",\"author\":{\"@id\":\"https:\\\/\\\/elsieart.pl\\\/#\\\/schema\\\/person\\\/818eb3c3d8144ede1c78eaca1156f3a3\"},\"description\":\"Klikalna m\u0105dro\u015b\u0107 \u2013 o t\u0119sknocie za autentyczno\u015bci\u0105 w sieci. Esej o zm\u0119czeniu internetow\u0105 papk\u0105, powrocie do ksi\u0105\u017cek i ocaleniu w\u0142asnej \u015bwiadomo\u015bci.\",\"breadcrumb\":{\"@id\":\"https:\\\/\\\/elsieart.pl\\\/?p=2778#breadcrumb\"},\"inLanguage\":\"pl-PL\",\"potentialAction\":[{\"@type\":\"ReadAction\",\"target\":[\"https:\\\/\\\/elsieart.pl\\\/?p=2778\"]}]},{\"@type\":\"ImageObject\",\"inLanguage\":\"pl-PL\",\"@id\":\"https:\\\/\\\/elsieart.pl\\\/?p=2778#primaryimage\",\"url\":\"https:\\\/\\\/elsieart.pl\\\/wp-content\\\/uploads\\\/2026\\\/09\\\/A8E0AC33-406B-4C81-8311-F2A8714748F6.png\",\"contentUrl\":\"https:\\\/\\\/elsieart.pl\\\/wp-content\\\/uploads\\\/2026\\\/09\\\/A8E0AC33-406B-4C81-8311-F2A8714748F6.png\",\"width\":1148,\"height\":1370},{\"@type\":\"BreadcrumbList\",\"@id\":\"https:\\\/\\\/elsieart.pl\\\/?p=2778#breadcrumb\",\"itemListElement\":[{\"@type\":\"ListItem\",\"position\":1,\"name\":\"Strona g\u0142\u00f3wna\",\"item\":\"https:\\\/\\\/elsieart.pl\\\/\"},{\"@type\":\"ListItem\",\"position\":2,\"name\":\"Klikalna m\u0105dro\u015b\u0107\"}]},{\"@type\":\"WebSite\",\"@id\":\"https:\\\/\\\/elsieart.pl\\\/#website\",\"url\":\"https:\\\/\\\/elsieart.pl\\\/\",\"name\":\"NA\u2764NA...art czyli sztuka \u017bycia Dusz\u0105\",\"description\":\"Anna Krajewska | Gdzie ludzkie spotyka si\u0119 z boskim\",\"potentialAction\":[{\"@type\":\"SearchAction\",\"target\":{\"@type\":\"EntryPoint\",\"urlTemplate\":\"https:\\\/\\\/elsieart.pl\\\/?s={search_term_string}\"},\"query-input\":{\"@type\":\"PropertyValueSpecification\",\"valueRequired\":true,\"valueName\":\"search_term_string\"}}],\"inLanguage\":\"pl-PL\"},{\"@type\":\"Person\",\"@id\":\"https:\\\/\\\/elsieart.pl\\\/#\\\/schema\\\/person\\\/818eb3c3d8144ede1c78eaca1156f3a3\",\"name\":\"Anna Krajewska\",\"image\":{\"@type\":\"ImageObject\",\"inLanguage\":\"pl-PL\",\"@id\":\"https:\\\/\\\/secure.gravatar.com\\\/avatar\\\/f8702c146031dc3a604b2968503f6b5a36ce29db33ea2369631cf1e9129f349d?s=96&d=mm&r=g\",\"url\":\"https:\\\/\\\/secure.gravatar.com\\\/avatar\\\/f8702c146031dc3a604b2968503f6b5a36ce29db33ea2369631cf1e9129f349d?s=96&d=mm&r=g\",\"contentUrl\":\"https:\\\/\\\/secure.gravatar.com\\\/avatar\\\/f8702c146031dc3a604b2968503f6b5a36ce29db33ea2369631cf1e9129f349d?s=96&d=mm&r=g\",\"caption\":\"Anna Krajewska\"},\"sameAs\":[\"https:\\\/\\\/elsieart.pl\"],\"url\":\"https:\\\/\\\/elsieart.pl\\\/?author=1\"}]}<\/script>\n<!-- \/ Yoast SEO plugin. -->","yoast_head_json":{"title":"- NA\u2764NA...art czyli sztuka \u017bycia Dusz\u0105","description":"Klikalna m\u0105dro\u015b\u0107 \u2013 o t\u0119sknocie za autentyczno\u015bci\u0105 w sieci. Esej o zm\u0119czeniu internetow\u0105 papk\u0105, powrocie do ksi\u0105\u017cek i ocaleniu w\u0142asnej \u015bwiadomo\u015bci.","robots":{"index":"index","follow":"follow","max-snippet":"max-snippet:-1","max-image-preview":"max-image-preview:large","max-video-preview":"max-video-preview:-1"},"canonical":"https:\/\/elsieart.pl\/?p=2778","og_locale":"pl_PL","og_type":"article","og_title":"klikalna m\u0105dro\u015b\u0107","og_description":"Klikalna m\u0105dro\u015b\u0107 \u2013 o t\u0119sknocie za autentyczno\u015bci\u0105 w sieci. Esej o zm\u0119czeniu internetow\u0105 papk\u0105, powrocie do ksi\u0105\u017cek i ocaleniu w\u0142asnej \u015bwiadomo\u015bci.","og_url":"https:\/\/elsieart.pl\/?p=2778","og_site_name":"NA\u2764NA...art czyli sztuka \u017bycia Dusz\u0105","article_published_time":"2026-09-06T20:28:17+00:00","article_modified_time":"2026-09-06T21:18:45+00:00","og_image":[{"width":858,"height":1024,"url":"http:\/\/elsieart.pl\/wp-content\/uploads\/2026\/09\/A8E0AC33-406B-4C81-8311-F2A8714748F6-858x1024.png","type":"image\/png"}],"author":"Anna Krajewska","twitter_card":"summary_large_image","twitter_misc":{"Napisane przez":"Anna Krajewska","Szacowany czas czytania":"3 minuty"},"schema":{"@context":"https:\/\/schema.org","@graph":[{"@type":["Article","BlogPosting"],"@id":"https:\/\/elsieart.pl\/?p=2778#article","isPartOf":{"@id":"https:\/\/elsieart.pl\/?p=2778"},"author":{"name":"Anna Krajewska","@id":"https:\/\/elsieart.pl\/#\/schema\/person\/818eb3c3d8144ede1c78eaca1156f3a3"},"headline":"Klikalna m\u0105dro\u015b\u0107","datePublished":"2026-09-06T20:28:17+00:00","dateModified":"2026-09-06T21:18:45+00:00","mainEntityOfPage":{"@id":"https:\/\/elsieart.pl\/?p=2778"},"wordCount":441,"commentCount":0,"image":{"@id":"https:\/\/elsieart.pl\/?p=2778#primaryimage"},"thumbnailUrl":"https:\/\/elsieart.pl\/wp-content\/uploads\/2026\/09\/A8E0AC33-406B-4C81-8311-F2A8714748F6-858x1024.png","keywords":["offline","socialmedia","uwa\u017cno\u015b\u0107"],"articleSection":["codzienno\u015b\u0107","Moja Droga do Mi\u0142o\u015bci"],"inLanguage":"pl-PL","potentialAction":[{"@type":"CommentAction","name":"Comment","target":["https:\/\/elsieart.pl\/?p=2778#respond"]}]},{"@type":"WebPage","@id":"https:\/\/elsieart.pl\/?p=2778","url":"https:\/\/elsieart.pl\/?p=2778","name":"- NA\u2764NA...art czyli sztuka \u017bycia Dusz\u0105","isPartOf":{"@id":"https:\/\/elsieart.pl\/#website"},"primaryImageOfPage":{"@id":"https:\/\/elsieart.pl\/?p=2778#primaryimage"},"image":{"@id":"https:\/\/elsieart.pl\/?p=2778#primaryimage"},"thumbnailUrl":"https:\/\/elsieart.pl\/wp-content\/uploads\/2026\/09\/A8E0AC33-406B-4C81-8311-F2A8714748F6-858x1024.png","datePublished":"2026-09-06T20:28:17+00:00","dateModified":"2026-09-06T21:18:45+00:00","author":{"@id":"https:\/\/elsieart.pl\/#\/schema\/person\/818eb3c3d8144ede1c78eaca1156f3a3"},"description":"Klikalna m\u0105dro\u015b\u0107 \u2013 o t\u0119sknocie za autentyczno\u015bci\u0105 w sieci. Esej o zm\u0119czeniu internetow\u0105 papk\u0105, powrocie do ksi\u0105\u017cek i ocaleniu w\u0142asnej \u015bwiadomo\u015bci.","breadcrumb":{"@id":"https:\/\/elsieart.pl\/?p=2778#breadcrumb"},"inLanguage":"pl-PL","potentialAction":[{"@type":"ReadAction","target":["https:\/\/elsieart.pl\/?p=2778"]}]},{"@type":"ImageObject","inLanguage":"pl-PL","@id":"https:\/\/elsieart.pl\/?p=2778#primaryimage","url":"https:\/\/elsieart.pl\/wp-content\/uploads\/2026\/09\/A8E0AC33-406B-4C81-8311-F2A8714748F6.png","contentUrl":"https:\/\/elsieart.pl\/wp-content\/uploads\/2026\/09\/A8E0AC33-406B-4C81-8311-F2A8714748F6.png","width":1148,"height":1370},{"@type":"BreadcrumbList","@id":"https:\/\/elsieart.pl\/?p=2778#breadcrumb","itemListElement":[{"@type":"ListItem","position":1,"name":"Strona g\u0142\u00f3wna","item":"https:\/\/elsieart.pl\/"},{"@type":"ListItem","position":2,"name":"Klikalna m\u0105dro\u015b\u0107"}]},{"@type":"WebSite","@id":"https:\/\/elsieart.pl\/#website","url":"https:\/\/elsieart.pl\/","name":"NA\u2764NA...art czyli sztuka \u017bycia Dusz\u0105","description":"Anna Krajewska | Gdzie ludzkie spotyka si\u0119 z boskim","potentialAction":[{"@type":"SearchAction","target":{"@type":"EntryPoint","urlTemplate":"https:\/\/elsieart.pl\/?s={search_term_string}"},"query-input":{"@type":"PropertyValueSpecification","valueRequired":true,"valueName":"search_term_string"}}],"inLanguage":"pl-PL"},{"@type":"Person","@id":"https:\/\/elsieart.pl\/#\/schema\/person\/818eb3c3d8144ede1c78eaca1156f3a3","name":"Anna Krajewska","image":{"@type":"ImageObject","inLanguage":"pl-PL","@id":"https:\/\/secure.gravatar.com\/avatar\/f8702c146031dc3a604b2968503f6b5a36ce29db33ea2369631cf1e9129f349d?s=96&d=mm&r=g","url":"https:\/\/secure.gravatar.com\/avatar\/f8702c146031dc3a604b2968503f6b5a36ce29db33ea2369631cf1e9129f349d?s=96&d=mm&r=g","contentUrl":"https:\/\/secure.gravatar.com\/avatar\/f8702c146031dc3a604b2968503f6b5a36ce29db33ea2369631cf1e9129f349d?s=96&d=mm&r=g","caption":"Anna Krajewska"},"sameAs":["https:\/\/elsieart.pl"],"url":"https:\/\/elsieart.pl\/?author=1"}]}},"_links":{"self":[{"href":"https:\/\/elsieart.pl\/index.php?rest_route=\/wp\/v2\/posts\/2778","targetHints":{"allow":["GET"]}}],"collection":[{"href":"https:\/\/elsieart.pl\/index.php?rest_route=\/wp\/v2\/posts"}],"about":[{"href":"https:\/\/elsieart.pl\/index.php?rest_route=\/wp\/v2\/types\/post"}],"author":[{"embeddable":true,"href":"https:\/\/elsieart.pl\/index.php?rest_route=\/wp\/v2\/users\/1"}],"replies":[{"embeddable":true,"href":"https:\/\/elsieart.pl\/index.php?rest_route=%2Fwp%2Fv2%2Fcomments&post=2778"}],"version-history":[{"count":8,"href":"https:\/\/elsieart.pl\/index.php?rest_route=\/wp\/v2\/posts\/2778\/revisions"}],"predecessor-version":[{"id":2793,"href":"https:\/\/elsieart.pl\/index.php?rest_route=\/wp\/v2\/posts\/2778\/revisions\/2793"}],"wp:attachment":[{"href":"https:\/\/elsieart.pl\/index.php?rest_route=%2Fwp%2Fv2%2Fmedia&parent=2778"}],"wp:term":[{"taxonomy":"category","embeddable":true,"href":"https:\/\/elsieart.pl\/index.php?rest_route=%2Fwp%2Fv2%2Fcategories&post=2778"},{"taxonomy":"post_tag","embeddable":true,"href":"https:\/\/elsieart.pl\/index.php?rest_route=%2Fwp%2Fv2%2Ftags&post=2778"}],"curies":[{"name":"wp","href":"https:\/\/api.w.org\/{rel}","templated":true}]}}