{"id":2162,"date":"2025-09-10T09:20:00","date_gmt":"2025-09-10T07:20:00","guid":{"rendered":"https:\/\/elsieart.pl\/?p=2162"},"modified":"2025-10-26T14:27:09","modified_gmt":"2025-10-26T13:27:09","slug":"2162","status":"publish","type":"post","link":"https:\/\/elsieart.pl\/?p=2162","title":{"rendered":"P\u0142ytko oddycham,"},"content":{"rendered":"\n<p class=\"wp-block-paragraph\">bracie m\u00f3j.<br>Wiem\u2026wszystko jest dobrze, <br>w moim \u015bwiecie nie ma inaczej.<br>Jeste\u015b zdrowy i u\u015bmiechni\u0119ty.<\/p>\n\n\n\n<p class=\"wp-block-paragraph\">Te wasze m\u0119skie serca\u2026tyle znosz\u0105 w ciszy, <br>bez s\u0142\u00f3w na ustach\u2026a\u017c serce si\u0119 w ko\u0144cu buntuje.<\/p>\n\n\n\n<p class=\"wp-block-paragraph\">Ale wszystko dobrze jest,&nbsp;<br>\u2026bo um\u00f3wili\u015bmy si\u0119 jesieni\u0105 na grzyby, <br>wtedy gdy poranek w lesie najpi\u0119kniej pachnie, <br>s\u0142o\u0144ce prze\u015bwieca przez korony drzew,<br>a my z rado\u015bci\u0105 znajdujemy te wilgotne g\u0142\u00f3wki, <br>ja podgrzybk\u00f3w, a Ty oczywi\u015bcie prawdziwk\u00f3w. <br>Oczywi\u015bcie, \u017ce tak.&nbsp;<\/p>\n\n\n\n<p class=\"wp-block-paragraph\">Pami\u0119taj. Dotrzymaj s\u0142owa\u2026bracie m\u00f3j.&nbsp;<br>\ud83d\udc9a<\/p>\n\n\n\n<figure class=\"wp-block-embed is-type-video is-provider-youtube wp-block-embed-youtube wp-embed-aspect-16-9 wp-has-aspect-ratio\"><div class=\"wp-block-embed__wrapper\">\n<iframe loading=\"lazy\" title=\"Ballada o dw\u00f3ch przyjacielach - Universe &amp; J. Hryniewicz\" width=\"525\" height=\"295\" src=\"https:\/\/www.youtube.com\/embed\/HcPl10437ok?feature=oembed\" frameborder=\"0\" allow=\"accelerometer; autoplay; clipboard-write; encrypted-media; gyroscope; picture-in-picture; web-share\" referrerpolicy=\"strict-origin-when-cross-origin\" allowfullscreen><\/iframe>\n<\/div><\/figure>\n\n\n\n<p class=\"wp-block-paragraph\">&#8230;apotem, jak dawniej&#8230;pos\u0142uchamy Mirka&#8230;przecie\u017c nikt nie goni nas<a href=\"https:\/\/ma.wp.pl\/redirma?SN=poczta_nh_dynamic&amp;pvid=df9274a5a3969800a7b3&amp;par=userID%3D1caf3eca-0fb9-4a98-8789-ba5c0e910fcf%26publisherID%3D308%26seatID%3De3ce220725a427169d4e93e5ebafbee1%26partnerID%3D%26pricingModel%3D-ReUJvi-quUVkHm7pjL0SxEhxSc-nY5KlqYrLJIyi20%26sn%3Dpoczta_nh_dynamic%26seatFee%3DRzu49OBAvKM5x2wZVHhJnyCcyA2g9o05wbXnRgf9ZFs%26slotID%3D053%26order%3D253286%26editedTimestamp%3D1755598592%26iabSiteCategories%3D%26inver%3D2%26iabPageCategories%3D%26medium%3Ddisplay%26test%3D0%26bidReqID%3Dc5ee72f0-bab0-439f-a982-c8719f30d474%26billing%3Dcpv%26targetDomain%3Dtolpa.pl%26source%3DTG%26hBudgetRate%3DADGJMRX%26domain%3Dpoczta.wp.pl%26ttl%3D1757630035%26isDev%3Dfalse%26platform%3D8%26conversionValue%3D0%26rekid%3D234782%26tpID%3D1328684%26emission%3D3010356%26ceeid%3D1fZf9MIQsk397plfOQC0QJwPe3SvZ6eMszZ0o%252FujnOF8vmCjCU7%252Bq9PTHKyo%253D%26utility%3DZNCIyMUUzaDKqm9-HcYb6LY3_KMBWO9aVjqvVrBLf2HjAMKL9588wOsNLb73NIIe%26is_adblock%3D0%26workfID%3D174422%26is_robot%3D0%26bidTimestamp%3D1757543635%26device%3DPERSONAL_COMPUTER%26slotSizeWxH%3D750x200%26creationID%3D1364547%26pvid%3Ddf9274a5a3969800a7b3%26geo%3D616%253B7%253B43415%26client_id%3D38851%26org_id%3D25%26ssp%3Dwp.pl%26hBidPrice%3DADGJMRX%26ltid%3DMThjaTg5PUBpbD9sQUN0R0h2dEtNSEsyTVBSTlFQTzZaWTw2bVlhcYVlfY11cXWBiYmRsX2c3d%26ip%3Dfzg4drj1WT7oXN4qNzG_BhZzWXzgUIs46t2WsGGZuYQ%26cur%3DPLN%26bidderID%3D11&amp;url=https%3A%2F%2Fkoszykrd.wp.pl%2F%3Fproduct_url%3Dhttps%253A%252F%252Ftolpa.pl%252Fhydrativ-hialuronowa-maska-kompres-2x6-ml-tth015%253Futm_campaign%253D2024%2526utm_medium%253Dwp_okazje%2526utm_source%253Dwp%2526wpclid%253DCAEQARiu-LQBIOqrDjDW_YfGBjokYzVlZTcyZjAtYmFiMC00MzlmLWE5ODItYzg3MTlmMzBkNDc0SgMwNTOKARBBREUyRjctM0FDLTEwODM2kAGeqg6YAdb5h8YGwgEHQURHSk1QUw%26stat%3D%257B%2522brid%2522%253A%2522c5ee72f0-bab0-439f-a982-c8719f30d474%2522%252C%2522view%2522%253A%2522WP_Okazje_Poczta_WP_bottom_x53%2522%252C%2522view_id%2522%253A%2522a9ad224b04%2522%252C%2522event%2522%253A%2522clicked%2522%252C%2522product_id%2522%253A%2522TTH015%2522%252C%2522product_name%2522%253A%2522to%25C5%2582pa.%2520hydrativ.%2520hialuronowa%2520maska-kompres%2520nawil%25C5%25BCaj%25C4%2585ca%2520na%2520twarz%2520i%2520pod%2520oczy%252C%25202x6%2520ml%2522%252C%2522product_price%2522%253A%252210.98%2522%252C%2522shop%2522%253A%2522%2522%252C%2522shop_category%2522%253A%2522kobieta%2520%253E%2520twarz%2520%253E%2520maseczki%2520do%2520twarzy%2522%252C%2522shop_id%2522%253A%2522%2522%252C%2522shop_prefix%2522%253A%2522ADE2F7-3AC-10836%2522%252C%2522recommender%2522%253A%2522dynamic%2522%252C%2522medium%2522%253A%2522wpkoszyk%2522%252C%2522element%2522%253A%2522dynamic-ads-element-undefined%2522%252C%2522position%2522%253A0%252C%2522rekid%2522%253A%2522234782%2522%252C%2522pvid%2522%253A%2522df9274a5a3969800a7b3%2522%252C%2522slot%2522%253A53%252C%2522emission%2522%253A%25222965038%2522%252C%2522order%2522%253A%2522234986%2522%252C%2522partnerID%2522%253A%2522ADE2F7-3AC-10836%2522%257D%26wpclid%3DCAEQARiu-LQBIOqrDjDW_YfGBjokYzVlZTcyZjAtYmFiMC00MzlmLWE5ODItYzg3MTlmMzBkNDc0SgMwNTOKARBBREUyRjctM0FDLTEwODM2kAGeqg6YAdb5h8YGwgEHQURHSk1QUw%26wp_sn%3Dpoczta_nh_dynamic\" target=\"_blank\" rel=\"noreferrer noopener\"><\/a><\/p>\n","protected":false},"excerpt":{"rendered":"<p>bracie m\u00f3j.Wiem\u2026wszystko jest dobrze, w moim \u015bwiecie nie ma inaczej.Jeste\u015b zdrowy i u\u015bmiechni\u0119ty. Te wasze m\u0119skie serca\u2026tyle znosz\u0105 w ciszy, bez s\u0142\u00f3w na ustach\u2026a\u017c serce si\u0119 w ko\u0144cu buntuje. Ale wszystko dobrze jest,&nbsp;\u2026bo um\u00f3wili\u015bmy si\u0119 jesieni\u0105 na grzyby, wtedy gdy poranek w lesie najpi\u0119kniej pachnie, s\u0142o\u0144ce prze\u015bwieca przez korony drzew,a my z rado\u015bci\u0105 znajdujemy te &hellip; <\/p>\n<p class=\"link-more\"><a href=\"https:\/\/elsieart.pl\/?p=2162\" class=\"more-link\">Czytaj dalej<span class=\"screen-reader-text\"> \u201eP\u0142ytko oddycham,\u201d<\/span><\/a><\/p>\n","protected":false},"author":1,"featured_media":0,"comment_status":"open","ping_status":"open","sticky":false,"template":"","format":"standard","meta":{"footnotes":""},"categories":[1],"tags":[],"class_list":["post-2162","post","type-post","status-publish","format-standard","hentry","category-uncategorized"],"yoast_head":"<!-- This site is optimized with the Yoast SEO plugin v28.0 - https:\/\/yoast.com\/product\/yoast-seo-wordpress\/ -->\n<title>P\u0142ytko oddycham, - NA\u2764NA...art czyli sztuka \u017bycia Dusz\u0105<\/title>\n<meta name=\"robots\" content=\"index, follow, max-snippet:-1, max-image-preview:large, max-video-preview:-1\" \/>\n<link rel=\"canonical\" href=\"https:\/\/elsieart.pl\/?p=2162\" \/>\n<meta property=\"og:locale\" content=\"pl_PL\" \/>\n<meta property=\"og:type\" content=\"article\" \/>\n<meta property=\"og:title\" content=\"P\u0142ytko oddycham, - NA\u2764NA...art czyli sztuka \u017bycia Dusz\u0105\" \/>\n<meta property=\"og:description\" content=\"bracie m\u00f3j.Wiem\u2026wszystko jest dobrze, w moim \u015bwiecie nie ma inaczej.Jeste\u015b zdrowy i u\u015bmiechni\u0119ty. Te wasze m\u0119skie serca\u2026tyle znosz\u0105 w ciszy, bez s\u0142\u00f3w na ustach\u2026a\u017c serce si\u0119 w ko\u0144cu buntuje. Ale wszystko dobrze jest,&nbsp;\u2026bo um\u00f3wili\u015bmy si\u0119 jesieni\u0105 na grzyby, wtedy gdy poranek w lesie najpi\u0119kniej pachnie, s\u0142o\u0144ce prze\u015bwieca przez korony drzew,a my z rado\u015bci\u0105 znajdujemy te &hellip; Czytaj dalej \u201eP\u0142ytko oddycham,\u201d\" \/>\n<meta property=\"og:url\" content=\"https:\/\/elsieart.pl\/?p=2162\" \/>\n<meta property=\"og:site_name\" content=\"NA\u2764NA...art czyli sztuka \u017bycia Dusz\u0105\" \/>\n<meta property=\"article:published_time\" content=\"2025-09-10T07:20:00+00:00\" \/>\n<meta property=\"article:modified_time\" content=\"2025-10-26T13:27:09+00:00\" \/>\n<meta name=\"author\" content=\"Anna Krajewska\" \/>\n<meta name=\"twitter:card\" content=\"summary_large_image\" \/>\n<meta name=\"twitter:label1\" content=\"Napisane przez\" \/>\n\t<meta name=\"twitter:data1\" content=\"Anna Krajewska\" \/>\n\t<meta name=\"twitter:label2\" content=\"Szacowany czas czytania\" \/>\n\t<meta name=\"twitter:data2\" content=\"1 minuta\" \/>\n<script type=\"application\/ld+json\" class=\"yoast-schema-graph\">{\"@context\":\"https:\\\/\\\/schema.org\",\"@graph\":[{\"@type\":\"Article\",\"@id\":\"https:\\\/\\\/elsieart.pl\\\/?p=2162#article\",\"isPartOf\":{\"@id\":\"https:\\\/\\\/elsieart.pl\\\/?p=2162\"},\"author\":{\"name\":\"Anna Krajewska\",\"@id\":\"https:\\\/\\\/elsieart.pl\\\/#\\\/schema\\\/person\\\/818eb3c3d8144ede1c78eaca1156f3a3\"},\"headline\":\"P\u0142ytko oddycham,\",\"datePublished\":\"2025-09-10T07:20:00+00:00\",\"dateModified\":\"2025-10-26T13:27:09+00:00\",\"mainEntityOfPage\":{\"@id\":\"https:\\\/\\\/elsieart.pl\\\/?p=2162\"},\"wordCount\":125,\"commentCount\":0,\"articleSection\":[\"Uncategorized\"],\"inLanguage\":\"pl-PL\",\"potentialAction\":[{\"@type\":\"CommentAction\",\"name\":\"Comment\",\"target\":[\"https:\\\/\\\/elsieart.pl\\\/?p=2162#respond\"]}]},{\"@type\":\"WebPage\",\"@id\":\"https:\\\/\\\/elsieart.pl\\\/?p=2162\",\"url\":\"https:\\\/\\\/elsieart.pl\\\/?p=2162\",\"name\":\"P\u0142ytko oddycham, - NA\u2764NA...art czyli sztuka \u017bycia Dusz\u0105\",\"isPartOf\":{\"@id\":\"https:\\\/\\\/elsieart.pl\\\/#website\"},\"datePublished\":\"2025-09-10T07:20:00+00:00\",\"dateModified\":\"2025-10-26T13:27:09+00:00\",\"author\":{\"@id\":\"https:\\\/\\\/elsieart.pl\\\/#\\\/schema\\\/person\\\/818eb3c3d8144ede1c78eaca1156f3a3\"},\"breadcrumb\":{\"@id\":\"https:\\\/\\\/elsieart.pl\\\/?p=2162#breadcrumb\"},\"inLanguage\":\"pl-PL\",\"potentialAction\":[{\"@type\":\"ReadAction\",\"target\":[\"https:\\\/\\\/elsieart.pl\\\/?p=2162\"]}]},{\"@type\":\"BreadcrumbList\",\"@id\":\"https:\\\/\\\/elsieart.pl\\\/?p=2162#breadcrumb\",\"itemListElement\":[{\"@type\":\"ListItem\",\"position\":1,\"name\":\"Strona g\u0142\u00f3wna\",\"item\":\"https:\\\/\\\/elsieart.pl\\\/\"},{\"@type\":\"ListItem\",\"position\":2,\"name\":\"P\u0142ytko oddycham,\"}]},{\"@type\":\"WebSite\",\"@id\":\"https:\\\/\\\/elsieart.pl\\\/#website\",\"url\":\"https:\\\/\\\/elsieart.pl\\\/\",\"name\":\"NA\u2764NA...art czyli sztuka \u017bycia Dusz\u0105\",\"description\":\"Anna Krajewska | Gdzie ludzkie spotyka si\u0119 z boskim\",\"potentialAction\":[{\"@type\":\"SearchAction\",\"target\":{\"@type\":\"EntryPoint\",\"urlTemplate\":\"https:\\\/\\\/elsieart.pl\\\/?s={search_term_string}\"},\"query-input\":{\"@type\":\"PropertyValueSpecification\",\"valueRequired\":true,\"valueName\":\"search_term_string\"}}],\"inLanguage\":\"pl-PL\"},{\"@type\":\"Person\",\"@id\":\"https:\\\/\\\/elsieart.pl\\\/#\\\/schema\\\/person\\\/818eb3c3d8144ede1c78eaca1156f3a3\",\"name\":\"Anna Krajewska\",\"image\":{\"@type\":\"ImageObject\",\"inLanguage\":\"pl-PL\",\"@id\":\"https:\\\/\\\/secure.gravatar.com\\\/avatar\\\/f8702c146031dc3a604b2968503f6b5a36ce29db33ea2369631cf1e9129f349d?s=96&d=mm&r=g\",\"url\":\"https:\\\/\\\/secure.gravatar.com\\\/avatar\\\/f8702c146031dc3a604b2968503f6b5a36ce29db33ea2369631cf1e9129f349d?s=96&d=mm&r=g\",\"contentUrl\":\"https:\\\/\\\/secure.gravatar.com\\\/avatar\\\/f8702c146031dc3a604b2968503f6b5a36ce29db33ea2369631cf1e9129f349d?s=96&d=mm&r=g\",\"caption\":\"Anna Krajewska\"},\"sameAs\":[\"https:\\\/\\\/elsieart.pl\"],\"url\":\"https:\\\/\\\/elsieart.pl\\\/?author=1\"}]}<\/script>\n<!-- \/ Yoast SEO plugin. -->","yoast_head_json":{"title":"P\u0142ytko oddycham, - NA\u2764NA...art czyli sztuka \u017bycia Dusz\u0105","robots":{"index":"index","follow":"follow","max-snippet":"max-snippet:-1","max-image-preview":"max-image-preview:large","max-video-preview":"max-video-preview:-1"},"canonical":"https:\/\/elsieart.pl\/?p=2162","og_locale":"pl_PL","og_type":"article","og_title":"P\u0142ytko oddycham, - NA\u2764NA...art czyli sztuka \u017bycia Dusz\u0105","og_description":"bracie m\u00f3j.Wiem\u2026wszystko jest dobrze, w moim \u015bwiecie nie ma inaczej.Jeste\u015b zdrowy i u\u015bmiechni\u0119ty. Te wasze m\u0119skie serca\u2026tyle znosz\u0105 w ciszy, bez s\u0142\u00f3w na ustach\u2026a\u017c serce si\u0119 w ko\u0144cu buntuje. Ale wszystko dobrze jest,&nbsp;\u2026bo um\u00f3wili\u015bmy si\u0119 jesieni\u0105 na grzyby, wtedy gdy poranek w lesie najpi\u0119kniej pachnie, s\u0142o\u0144ce prze\u015bwieca przez korony drzew,a my z rado\u015bci\u0105 znajdujemy te &hellip; Czytaj dalej \u201eP\u0142ytko oddycham,\u201d","og_url":"https:\/\/elsieart.pl\/?p=2162","og_site_name":"NA\u2764NA...art czyli sztuka \u017bycia Dusz\u0105","article_published_time":"2025-09-10T07:20:00+00:00","article_modified_time":"2025-10-26T13:27:09+00:00","author":"Anna Krajewska","twitter_card":"summary_large_image","twitter_misc":{"Napisane przez":"Anna Krajewska","Szacowany czas czytania":"1 minuta"},"schema":{"@context":"https:\/\/schema.org","@graph":[{"@type":"Article","@id":"https:\/\/elsieart.pl\/?p=2162#article","isPartOf":{"@id":"https:\/\/elsieart.pl\/?p=2162"},"author":{"name":"Anna Krajewska","@id":"https:\/\/elsieart.pl\/#\/schema\/person\/818eb3c3d8144ede1c78eaca1156f3a3"},"headline":"P\u0142ytko oddycham,","datePublished":"2025-09-10T07:20:00+00:00","dateModified":"2025-10-26T13:27:09+00:00","mainEntityOfPage":{"@id":"https:\/\/elsieart.pl\/?p=2162"},"wordCount":125,"commentCount":0,"articleSection":["Uncategorized"],"inLanguage":"pl-PL","potentialAction":[{"@type":"CommentAction","name":"Comment","target":["https:\/\/elsieart.pl\/?p=2162#respond"]}]},{"@type":"WebPage","@id":"https:\/\/elsieart.pl\/?p=2162","url":"https:\/\/elsieart.pl\/?p=2162","name":"P\u0142ytko oddycham, - NA\u2764NA...art czyli sztuka \u017bycia Dusz\u0105","isPartOf":{"@id":"https:\/\/elsieart.pl\/#website"},"datePublished":"2025-09-10T07:20:00+00:00","dateModified":"2025-10-26T13:27:09+00:00","author":{"@id":"https:\/\/elsieart.pl\/#\/schema\/person\/818eb3c3d8144ede1c78eaca1156f3a3"},"breadcrumb":{"@id":"https:\/\/elsieart.pl\/?p=2162#breadcrumb"},"inLanguage":"pl-PL","potentialAction":[{"@type":"ReadAction","target":["https:\/\/elsieart.pl\/?p=2162"]}]},{"@type":"BreadcrumbList","@id":"https:\/\/elsieart.pl\/?p=2162#breadcrumb","itemListElement":[{"@type":"ListItem","position":1,"name":"Strona g\u0142\u00f3wna","item":"https:\/\/elsieart.pl\/"},{"@type":"ListItem","position":2,"name":"P\u0142ytko oddycham,"}]},{"@type":"WebSite","@id":"https:\/\/elsieart.pl\/#website","url":"https:\/\/elsieart.pl\/","name":"NA\u2764NA...art czyli sztuka \u017bycia Dusz\u0105","description":"Anna Krajewska | Gdzie ludzkie spotyka si\u0119 z boskim","potentialAction":[{"@type":"SearchAction","target":{"@type":"EntryPoint","urlTemplate":"https:\/\/elsieart.pl\/?s={search_term_string}"},"query-input":{"@type":"PropertyValueSpecification","valueRequired":true,"valueName":"search_term_string"}}],"inLanguage":"pl-PL"},{"@type":"Person","@id":"https:\/\/elsieart.pl\/#\/schema\/person\/818eb3c3d8144ede1c78eaca1156f3a3","name":"Anna Krajewska","image":{"@type":"ImageObject","inLanguage":"pl-PL","@id":"https:\/\/secure.gravatar.com\/avatar\/f8702c146031dc3a604b2968503f6b5a36ce29db33ea2369631cf1e9129f349d?s=96&d=mm&r=g","url":"https:\/\/secure.gravatar.com\/avatar\/f8702c146031dc3a604b2968503f6b5a36ce29db33ea2369631cf1e9129f349d?s=96&d=mm&r=g","contentUrl":"https:\/\/secure.gravatar.com\/avatar\/f8702c146031dc3a604b2968503f6b5a36ce29db33ea2369631cf1e9129f349d?s=96&d=mm&r=g","caption":"Anna Krajewska"},"sameAs":["https:\/\/elsieart.pl"],"url":"https:\/\/elsieart.pl\/?author=1"}]}},"_links":{"self":[{"href":"https:\/\/elsieart.pl\/index.php?rest_route=\/wp\/v2\/posts\/2162","targetHints":{"allow":["GET"]}}],"collection":[{"href":"https:\/\/elsieart.pl\/index.php?rest_route=\/wp\/v2\/posts"}],"about":[{"href":"https:\/\/elsieart.pl\/index.php?rest_route=\/wp\/v2\/types\/post"}],"author":[{"embeddable":true,"href":"https:\/\/elsieart.pl\/index.php?rest_route=\/wp\/v2\/users\/1"}],"replies":[{"embeddable":true,"href":"https:\/\/elsieart.pl\/index.php?rest_route=%2Fwp%2Fv2%2Fcomments&post=2162"}],"version-history":[{"count":5,"href":"https:\/\/elsieart.pl\/index.php?rest_route=\/wp\/v2\/posts\/2162\/revisions"}],"predecessor-version":[{"id":2304,"href":"https:\/\/elsieart.pl\/index.php?rest_route=\/wp\/v2\/posts\/2162\/revisions\/2304"}],"wp:attachment":[{"href":"https:\/\/elsieart.pl\/index.php?rest_route=%2Fwp%2Fv2%2Fmedia&parent=2162"}],"wp:term":[{"taxonomy":"category","embeddable":true,"href":"https:\/\/elsieart.pl\/index.php?rest_route=%2Fwp%2Fv2%2Fcategories&post=2162"},{"taxonomy":"post_tag","embeddable":true,"href":"https:\/\/elsieart.pl\/index.php?rest_route=%2Fwp%2Fv2%2Ftags&post=2162"}],"curies":[{"name":"wp","href":"https:\/\/api.w.org\/{rel}","templated":true}]}}