{"id":2111,"date":"2025-08-31T16:59:35","date_gmt":"2025-08-31T14:59:35","guid":{"rendered":"https:\/\/elsieart.pl\/?p=2111"},"modified":"2025-08-31T16:59:35","modified_gmt":"2025-08-31T14:59:35","slug":"2111","status":"publish","type":"post","link":"https:\/\/elsieart.pl\/?p=2111","title":{"rendered":""},"content":{"rendered":"\n<p class=\"wp-block-paragraph\">Tak wszyscy patrzymy na to, co na zewn\u0105trz. <br>A to, co w \u015brodku uznawa\u0107 jeste\u015bmy sk\u0142onni pospiesznie <br>za mniej wa\u017cne, czy realne. <br>Ale przecie\u017c do\u015bwiadcza \u015bwiadomo\u015b\u0107, czyli to, co jest w \u015brodku. <br>Do\u015bwiadczamy r\u00f3wnie\u017c przez cia\u0142o, oczy, s\u0142uch, <br>ale w g\u0142\u00f3wnej mierze poprzez dusz\u0119 i serce. <br>Dlaczego wi\u0119c mia\u0142abym \u017cy\u0107 tylko tym, co na zewn\u0105trz, <br>gdy we mnie ca\u0142y wszech\u015bwiat jest.\u00a0<\/p>\n\n\n\n<p class=\"wp-block-paragraph\">Nie widzisz mi\u0142o\u015bci, nie mo\u017cesz jej dotkn\u0105\u0107 d\u0142oni\u0105,<br>ale czy to znaczy, \u017ce jej nie ma?<\/p>\n\n\n\n<p class=\"wp-block-paragraph\">Takie to wszystko ciekawe i czuj\u0119, \u017ce tego \u017cycia nie starczy, <br>aby wszystko pozna\u0107, zrozumie\u0107 albo nawet tylko zobaczy\u0107, <br>poczu\u0107 i zosta\u0107 w oniemieniu.&nbsp;<\/p>\n\n\n\n<p class=\"wp-block-paragraph\">Ta moja zach\u0142anno\u015b\u0107 na ten boski \u015bwiat, <br>ach Tatku, by\u015b jako\u015b mi przyspieszy\u0142, pokaza\u0142 wi\u0119cej \ud83d\ude0b, <br>no we\u017a, Tatku, tak po starej znajomo\u015bci.<\/p>\n\n\n\n<p class=\"wp-block-paragraph\">Tak bardzo pragn\u0119, tak mnie przyci\u0105ga, tak zaprasza, ta wiedza, <br>ten wszech\u015bwiat we mnie, w Ziemi, w ludziach\u2026w ca\u0142ym Istnieniu.<\/p>\n\n\n\n<p class=\"wp-block-paragraph\">Ale bez mi\u0142o\u015bci, bez tych dzwoneczk\u00f3w w sercu, <br>to ju\u017c te\u017c nie by\u0142by ten sam smak. Ja to wiem. <br>Bo to wszystko ze sob\u0105 si\u0119 przenika i jedno nie istnieje bez drugiego.<br>Wi\u0119c trwam, wi\u0119c kocham. Mi\u0142o\u015b\u0107 i rozw\u00f3j.<\/p>\n\n\n\n<p class=\"wp-block-paragraph\">To m\u00f3j \u015awiat.<\/p>\n\n\n\n<figure class=\"wp-block-embed is-type-video is-provider-youtube wp-block-embed-youtube wp-embed-aspect-4-3 wp-has-aspect-ratio\"><div class=\"wp-block-embed__wrapper\">\n<iframe loading=\"lazy\" title=\"Manipur Winds\" width=\"525\" height=\"394\" src=\"https:\/\/www.youtube.com\/embed\/fi3jB9XYXyE?feature=oembed\" frameborder=\"0\" allow=\"accelerometer; autoplay; clipboard-write; encrypted-media; gyroscope; picture-in-picture; web-share\" referrerpolicy=\"strict-origin-when-cross-origin\" allowfullscreen><\/iframe>\n<\/div><\/figure>\n","protected":false},"excerpt":{"rendered":"<p>Tak wszyscy patrzymy na to, co na zewn\u0105trz. A to, co w \u015brodku uznawa\u0107 jeste\u015bmy sk\u0142onni pospiesznie za mniej wa\u017cne, czy realne. Ale przecie\u017c do\u015bwiadcza \u015bwiadomo\u015b\u0107, czyli to, co jest w \u015brodku. Do\u015bwiadczamy r\u00f3wnie\u017c przez cia\u0142o, oczy, s\u0142uch, ale w g\u0142\u00f3wnej mierze poprzez dusz\u0119 i serce. Dlaczego wi\u0119c mia\u0142abym \u017cy\u0107 tylko tym, co na zewn\u0105trz, &hellip; <\/p>\n<p class=\"link-more\"><a href=\"https:\/\/elsieart.pl\/?p=2111\" class=\"more-link\">Czytaj dalej<span class=\"screen-reader-text\"> \u201e\u201d<\/span><\/a><\/p>\n","protected":false},"author":1,"featured_media":0,"comment_status":"open","ping_status":"open","sticky":false,"template":"","format":"standard","meta":{"footnotes":""},"categories":[5],"tags":[],"class_list":["post-2111","post","type-post","status-publish","format-standard","hentry","category-moja-droga-do-milosci"],"yoast_head":"<!-- This site is optimized with the Yoast SEO plugin v28.0 - https:\/\/yoast.com\/product\/yoast-seo-wordpress\/ -->\n<title>- NA\u2764NA...art czyli sztuka \u017bycia Dusz\u0105<\/title>\n<meta name=\"robots\" content=\"index, follow, max-snippet:-1, max-image-preview:large, max-video-preview:-1\" \/>\n<link rel=\"canonical\" href=\"https:\/\/elsieart.pl\/?p=2111\" \/>\n<meta property=\"og:locale\" content=\"pl_PL\" \/>\n<meta property=\"og:type\" content=\"article\" \/>\n<meta property=\"og:title\" content=\"- NA\u2764NA...art czyli sztuka \u017bycia Dusz\u0105\" \/>\n<meta property=\"og:description\" content=\"Tak wszyscy patrzymy na to, co na zewn\u0105trz. A to, co w \u015brodku uznawa\u0107 jeste\u015bmy sk\u0142onni pospiesznie za mniej wa\u017cne, czy realne. Ale przecie\u017c do\u015bwiadcza \u015bwiadomo\u015b\u0107, czyli to, co jest w \u015brodku. Do\u015bwiadczamy r\u00f3wnie\u017c przez cia\u0142o, oczy, s\u0142uch, ale w g\u0142\u00f3wnej mierze poprzez dusz\u0119 i serce. Dlaczego wi\u0119c mia\u0142abym \u017cy\u0107 tylko tym, co na zewn\u0105trz, &hellip; Czytaj dalej \u201e\u201d\" \/>\n<meta property=\"og:url\" content=\"https:\/\/elsieart.pl\/?p=2111\" \/>\n<meta property=\"og:site_name\" content=\"NA\u2764NA...art czyli sztuka \u017bycia Dusz\u0105\" \/>\n<meta property=\"article:published_time\" content=\"2025-08-31T14:59:35+00:00\" \/>\n<meta name=\"author\" content=\"Anna Krajewska\" \/>\n<meta name=\"twitter:card\" content=\"summary_large_image\" \/>\n<meta name=\"twitter:label1\" content=\"Napisane przez\" \/>\n\t<meta name=\"twitter:data1\" content=\"Anna Krajewska\" \/>\n\t<meta name=\"twitter:label2\" content=\"Szacowany czas czytania\" \/>\n\t<meta name=\"twitter:data2\" content=\"1 minuta\" \/>\n<script type=\"application\/ld+json\" class=\"yoast-schema-graph\">{\"@context\":\"https:\\\/\\\/schema.org\",\"@graph\":[{\"@type\":\"Article\",\"@id\":\"https:\\\/\\\/elsieart.pl\\\/?p=2111#article\",\"isPartOf\":{\"@id\":\"https:\\\/\\\/elsieart.pl\\\/?p=2111\"},\"author\":{\"name\":\"Anna Krajewska\",\"@id\":\"https:\\\/\\\/elsieart.pl\\\/#\\\/schema\\\/person\\\/818eb3c3d8144ede1c78eaca1156f3a3\"},\"headline\":\"Brak tytu\u0142u\",\"datePublished\":\"2025-08-31T14:59:35+00:00\",\"mainEntityOfPage\":{\"@id\":\"https:\\\/\\\/elsieart.pl\\\/?p=2111\"},\"wordCount\":231,\"commentCount\":0,\"articleSection\":[\"Moja Droga do Mi\u0142o\u015bci\"],\"inLanguage\":\"pl-PL\",\"potentialAction\":[{\"@type\":\"CommentAction\",\"name\":\"Comment\",\"target\":[\"https:\\\/\\\/elsieart.pl\\\/?p=2111#respond\"]}]},{\"@type\":\"WebPage\",\"@id\":\"https:\\\/\\\/elsieart.pl\\\/?p=2111\",\"url\":\"https:\\\/\\\/elsieart.pl\\\/?p=2111\",\"name\":\"- NA\u2764NA...art czyli sztuka \u017bycia Dusz\u0105\",\"isPartOf\":{\"@id\":\"https:\\\/\\\/elsieart.pl\\\/#website\"},\"datePublished\":\"2025-08-31T14:59:35+00:00\",\"author\":{\"@id\":\"https:\\\/\\\/elsieart.pl\\\/#\\\/schema\\\/person\\\/818eb3c3d8144ede1c78eaca1156f3a3\"},\"inLanguage\":\"pl-PL\",\"potentialAction\":[{\"@type\":\"ReadAction\",\"target\":[\"https:\\\/\\\/elsieart.pl\\\/?p=2111\"]}]},{\"@type\":\"WebSite\",\"@id\":\"https:\\\/\\\/elsieart.pl\\\/#website\",\"url\":\"https:\\\/\\\/elsieart.pl\\\/\",\"name\":\"NA\u2764NA...art czyli sztuka \u017bycia Dusz\u0105\",\"description\":\"Anna Krajewska | Gdzie ludzkie spotyka si\u0119 z boskim\",\"potentialAction\":[{\"@type\":\"SearchAction\",\"target\":{\"@type\":\"EntryPoint\",\"urlTemplate\":\"https:\\\/\\\/elsieart.pl\\\/?s={search_term_string}\"},\"query-input\":{\"@type\":\"PropertyValueSpecification\",\"valueRequired\":true,\"valueName\":\"search_term_string\"}}],\"inLanguage\":\"pl-PL\"},{\"@type\":\"Person\",\"@id\":\"https:\\\/\\\/elsieart.pl\\\/#\\\/schema\\\/person\\\/818eb3c3d8144ede1c78eaca1156f3a3\",\"name\":\"Anna Krajewska\",\"image\":{\"@type\":\"ImageObject\",\"inLanguage\":\"pl-PL\",\"@id\":\"https:\\\/\\\/secure.gravatar.com\\\/avatar\\\/f8702c146031dc3a604b2968503f6b5a36ce29db33ea2369631cf1e9129f349d?s=96&d=mm&r=g\",\"url\":\"https:\\\/\\\/secure.gravatar.com\\\/avatar\\\/f8702c146031dc3a604b2968503f6b5a36ce29db33ea2369631cf1e9129f349d?s=96&d=mm&r=g\",\"contentUrl\":\"https:\\\/\\\/secure.gravatar.com\\\/avatar\\\/f8702c146031dc3a604b2968503f6b5a36ce29db33ea2369631cf1e9129f349d?s=96&d=mm&r=g\",\"caption\":\"Anna Krajewska\"},\"sameAs\":[\"https:\\\/\\\/elsieart.pl\"],\"url\":\"https:\\\/\\\/elsieart.pl\\\/?author=1\"}]}<\/script>\n<!-- \/ Yoast SEO plugin. -->","yoast_head_json":{"title":"- NA\u2764NA...art czyli sztuka \u017bycia Dusz\u0105","robots":{"index":"index","follow":"follow","max-snippet":"max-snippet:-1","max-image-preview":"max-image-preview:large","max-video-preview":"max-video-preview:-1"},"canonical":"https:\/\/elsieart.pl\/?p=2111","og_locale":"pl_PL","og_type":"article","og_title":"- NA\u2764NA...art czyli sztuka \u017bycia Dusz\u0105","og_description":"Tak wszyscy patrzymy na to, co na zewn\u0105trz. A to, co w \u015brodku uznawa\u0107 jeste\u015bmy sk\u0142onni pospiesznie za mniej wa\u017cne, czy realne. Ale przecie\u017c do\u015bwiadcza \u015bwiadomo\u015b\u0107, czyli to, co jest w \u015brodku. Do\u015bwiadczamy r\u00f3wnie\u017c przez cia\u0142o, oczy, s\u0142uch, ale w g\u0142\u00f3wnej mierze poprzez dusz\u0119 i serce. Dlaczego wi\u0119c mia\u0142abym \u017cy\u0107 tylko tym, co na zewn\u0105trz, &hellip; Czytaj dalej \u201e\u201d","og_url":"https:\/\/elsieart.pl\/?p=2111","og_site_name":"NA\u2764NA...art czyli sztuka \u017bycia Dusz\u0105","article_published_time":"2025-08-31T14:59:35+00:00","author":"Anna Krajewska","twitter_card":"summary_large_image","twitter_misc":{"Napisane przez":"Anna Krajewska","Szacowany czas czytania":"1 minuta"},"schema":{"@context":"https:\/\/schema.org","@graph":[{"@type":"Article","@id":"https:\/\/elsieart.pl\/?p=2111#article","isPartOf":{"@id":"https:\/\/elsieart.pl\/?p=2111"},"author":{"name":"Anna Krajewska","@id":"https:\/\/elsieart.pl\/#\/schema\/person\/818eb3c3d8144ede1c78eaca1156f3a3"},"headline":"Brak tytu\u0142u","datePublished":"2025-08-31T14:59:35+00:00","mainEntityOfPage":{"@id":"https:\/\/elsieart.pl\/?p=2111"},"wordCount":231,"commentCount":0,"articleSection":["Moja Droga do Mi\u0142o\u015bci"],"inLanguage":"pl-PL","potentialAction":[{"@type":"CommentAction","name":"Comment","target":["https:\/\/elsieart.pl\/?p=2111#respond"]}]},{"@type":"WebPage","@id":"https:\/\/elsieart.pl\/?p=2111","url":"https:\/\/elsieart.pl\/?p=2111","name":"- NA\u2764NA...art czyli sztuka \u017bycia Dusz\u0105","isPartOf":{"@id":"https:\/\/elsieart.pl\/#website"},"datePublished":"2025-08-31T14:59:35+00:00","author":{"@id":"https:\/\/elsieart.pl\/#\/schema\/person\/818eb3c3d8144ede1c78eaca1156f3a3"},"inLanguage":"pl-PL","potentialAction":[{"@type":"ReadAction","target":["https:\/\/elsieart.pl\/?p=2111"]}]},{"@type":"WebSite","@id":"https:\/\/elsieart.pl\/#website","url":"https:\/\/elsieart.pl\/","name":"NA\u2764NA...art czyli sztuka \u017bycia Dusz\u0105","description":"Anna Krajewska | Gdzie ludzkie spotyka si\u0119 z boskim","potentialAction":[{"@type":"SearchAction","target":{"@type":"EntryPoint","urlTemplate":"https:\/\/elsieart.pl\/?s={search_term_string}"},"query-input":{"@type":"PropertyValueSpecification","valueRequired":true,"valueName":"search_term_string"}}],"inLanguage":"pl-PL"},{"@type":"Person","@id":"https:\/\/elsieart.pl\/#\/schema\/person\/818eb3c3d8144ede1c78eaca1156f3a3","name":"Anna Krajewska","image":{"@type":"ImageObject","inLanguage":"pl-PL","@id":"https:\/\/secure.gravatar.com\/avatar\/f8702c146031dc3a604b2968503f6b5a36ce29db33ea2369631cf1e9129f349d?s=96&d=mm&r=g","url":"https:\/\/secure.gravatar.com\/avatar\/f8702c146031dc3a604b2968503f6b5a36ce29db33ea2369631cf1e9129f349d?s=96&d=mm&r=g","contentUrl":"https:\/\/secure.gravatar.com\/avatar\/f8702c146031dc3a604b2968503f6b5a36ce29db33ea2369631cf1e9129f349d?s=96&d=mm&r=g","caption":"Anna Krajewska"},"sameAs":["https:\/\/elsieart.pl"],"url":"https:\/\/elsieart.pl\/?author=1"}]}},"_links":{"self":[{"href":"https:\/\/elsieart.pl\/index.php?rest_route=\/wp\/v2\/posts\/2111","targetHints":{"allow":["GET"]}}],"collection":[{"href":"https:\/\/elsieart.pl\/index.php?rest_route=\/wp\/v2\/posts"}],"about":[{"href":"https:\/\/elsieart.pl\/index.php?rest_route=\/wp\/v2\/types\/post"}],"author":[{"embeddable":true,"href":"https:\/\/elsieart.pl\/index.php?rest_route=\/wp\/v2\/users\/1"}],"replies":[{"embeddable":true,"href":"https:\/\/elsieart.pl\/index.php?rest_route=%2Fwp%2Fv2%2Fcomments&post=2111"}],"version-history":[{"count":4,"href":"https:\/\/elsieart.pl\/index.php?rest_route=\/wp\/v2\/posts\/2111\/revisions"}],"predecessor-version":[{"id":2115,"href":"https:\/\/elsieart.pl\/index.php?rest_route=\/wp\/v2\/posts\/2111\/revisions\/2115"}],"wp:attachment":[{"href":"https:\/\/elsieart.pl\/index.php?rest_route=%2Fwp%2Fv2%2Fmedia&parent=2111"}],"wp:term":[{"taxonomy":"category","embeddable":true,"href":"https:\/\/elsieart.pl\/index.php?rest_route=%2Fwp%2Fv2%2Fcategories&post=2111"},{"taxonomy":"post_tag","embeddable":true,"href":"https:\/\/elsieart.pl\/index.php?rest_route=%2Fwp%2Fv2%2Ftags&post=2111"}],"curies":[{"name":"wp","href":"https:\/\/api.w.org\/{rel}","templated":true}]}}