{"id":2022,"date":"2025-08-25T13:39:11","date_gmt":"2025-08-25T11:39:11","guid":{"rendered":"https:\/\/elsieart.pl\/?p=2022"},"modified":"2025-08-25T13:39:11","modified_gmt":"2025-08-25T11:39:11","slug":"2022","status":"publish","type":"post","link":"https:\/\/elsieart.pl\/?p=2022","title":{"rendered":""},"content":{"rendered":"\n<p class=\"wp-block-paragraph\">Obudzi\u0142am si\u0119 dzisiaj tak jakby inaczej, tak jakby noc\u0105, <br>gdy spa\u0142am, nast\u0105pi\u0142o uwolnienie, transformacja \u015bwiadomo\u015bci. <br>Patrz\u0119 na \u015bwiat i widz\u0119 go inaczej.<\/p>\n\n\n\n<p class=\"wp-block-paragraph\">My\u015bl\u0119 o mi\u0142o\u015bci, o ludziach, czuj\u0119 ich wszech\u015bwiaty.&nbsp;<\/p>\n\n\n\n<p class=\"wp-block-paragraph\">W sercu mam jaki\u015b b\u00f3l, b\u00f3l bycia nierozumian\u0105, <br>niewidzian\u0105 naprawd\u0119. I ja wiem, \u017ce ja te\u017c nie widz\u0119 innych naprawd\u0119. <br>Ale staram si\u0119, staram si\u0119 poczu\u0107 inne wszech\u015bwiaty, rozumie\u0107, widzie\u0107 w nich ten Wszech\u015bwiat, kt\u00f3ry jest taki jak m\u00f3j. <br>Taki jak m\u00f3j, czyli o podobnym rezonansie, blue princie. <br>Bo wiem, \u017ce tylko wtedy jest przep\u0142yw i wymiana. <br>On mo\u017ce by\u0107 tylko podobny, zbli\u017cony do mojego, <br>ale to dobrze, to pi\u0119knie, bo przecie\u017c pragn\u0119 odkrywa\u0107, <br>pragn\u0119 w tej mojej jedynej &#8211; tej dla mnie duszy, <br>codziennie znajdowa\u0107&#8230;kolejne bry\u0142ki z\u0142ota. <br>A On, aby te bry\u0142ki znajdowa\u0142 we mnie. <br>I gdy to wszystko jest i jest rezonans, to to jest dla mnie mi\u0142o\u015b\u0107, <br>gdy moje oczy b\u0142yszcz\u0105 z rado\u015bci\u0105 i ciekawo\u015bci\u0105, gdy serce radosne, <br>poruszone, wdzi\u0119czne, wdzi\u0119czne za t\u0119 mo\u017cliwo\u015b\u0107. <br>Za ten dar pozwolenia dla mnie, zaproszenia z czystym i ufnym sercem, <br>abym go eksplorowa\u0142a, mog\u0142a poznawa\u0107 codziennie i podziwia\u0107. <br>A ja pragn\u0119 by\u0107 dla niego\u2026tym samym. Nie dlatego \u017ce nie wiem kim jestem albo on nie wie kim jest, a dlatego, \u017ce to daje rado\u015b\u0107 memu sercu, gdy mam zaproszenie: <br><br>poznawaj mnie, pragn\u0119 dzieli\u0107 si\u0119 sob\u0105 z tob\u0105. <br><br>Gdy dusze ze sob\u0105 ta\u0144cz\u0105, serce przy sercu, i wszystko p\u0142ynie, <br>\u015bwiat jest jeszcze pi\u0119kniejszy i m\u00f3j dzie\u0144 jest pi\u0119kniejszy i radosny. <br>I tylko tak chc\u0119 \u017cy\u0107.<\/p>\n\n\n\n<figure class=\"wp-block-image size-large\"><img loading=\"lazy\" decoding=\"async\" width=\"1024\" height=\"768\" src=\"http:\/\/elsieart.pl\/wp-content\/uploads\/2025\/08\/IMG_3039-1024x768.jpeg\" alt=\"\" class=\"wp-image-2033\" srcset=\"https:\/\/elsieart.pl\/wp-content\/uploads\/2025\/08\/IMG_3039-1024x768.jpeg 1024w, https:\/\/elsieart.pl\/wp-content\/uploads\/2025\/08\/IMG_3039-300x225.jpeg 300w, https:\/\/elsieart.pl\/wp-content\/uploads\/2025\/08\/IMG_3039-768x576.jpeg 768w, https:\/\/elsieart.pl\/wp-content\/uploads\/2025\/08\/IMG_3039-1536x1152.jpeg 1536w, https:\/\/elsieart.pl\/wp-content\/uploads\/2025\/08\/IMG_3039-2048x1536.jpeg 2048w\" sizes=\"auto, (max-width: 767px) 89vw, (max-width: 1000px) 54vw, (max-width: 1071px) 543px, 580px\" \/><\/figure>\n","protected":false},"excerpt":{"rendered":"<p>Obudzi\u0142am si\u0119 dzisiaj tak jakby inaczej, tak jakby noc\u0105, gdy spa\u0142am, nast\u0105pi\u0142o uwolnienie, transformacja \u015bwiadomo\u015bci. Patrz\u0119 na \u015bwiat i widz\u0119 go inaczej. My\u015bl\u0119 o mi\u0142o\u015bci, o ludziach, czuj\u0119 ich wszech\u015bwiaty.&nbsp; W sercu mam jaki\u015b b\u00f3l, b\u00f3l bycia nierozumian\u0105, niewidzian\u0105 naprawd\u0119. I ja wiem, \u017ce ja te\u017c nie widz\u0119 innych naprawd\u0119. Ale staram si\u0119, staram si\u0119 &hellip; <\/p>\n<p class=\"link-more\"><a href=\"https:\/\/elsieart.pl\/?p=2022\" class=\"more-link\">Czytaj dalej<span class=\"screen-reader-text\"> \u201e\u201d<\/span><\/a><\/p>\n","protected":false},"author":1,"featured_media":0,"comment_status":"open","ping_status":"open","sticky":false,"template":"","format":"standard","meta":{"footnotes":""},"categories":[5],"tags":[],"class_list":["post-2022","post","type-post","status-publish","format-standard","hentry","category-moja-droga-do-milosci"],"yoast_head":"<!-- This site is optimized with the Yoast SEO plugin v28.0 - https:\/\/yoast.com\/product\/yoast-seo-wordpress\/ -->\n<title>- NA\u2764NA...art czyli sztuka \u017bycia Dusz\u0105<\/title>\n<meta name=\"robots\" content=\"index, follow, max-snippet:-1, max-image-preview:large, max-video-preview:-1\" \/>\n<link rel=\"canonical\" href=\"https:\/\/elsieart.pl\/?p=2022\" \/>\n<meta property=\"og:locale\" content=\"pl_PL\" \/>\n<meta property=\"og:type\" content=\"article\" \/>\n<meta property=\"og:title\" content=\"- NA\u2764NA...art czyli sztuka \u017bycia Dusz\u0105\" \/>\n<meta property=\"og:description\" content=\"Obudzi\u0142am si\u0119 dzisiaj tak jakby inaczej, tak jakby noc\u0105, gdy spa\u0142am, nast\u0105pi\u0142o uwolnienie, transformacja \u015bwiadomo\u015bci. Patrz\u0119 na \u015bwiat i widz\u0119 go inaczej. My\u015bl\u0119 o mi\u0142o\u015bci, o ludziach, czuj\u0119 ich wszech\u015bwiaty.&nbsp; W sercu mam jaki\u015b b\u00f3l, b\u00f3l bycia nierozumian\u0105, niewidzian\u0105 naprawd\u0119. I ja wiem, \u017ce ja te\u017c nie widz\u0119 innych naprawd\u0119. Ale staram si\u0119, staram si\u0119 &hellip; Czytaj dalej \u201e\u201d\" \/>\n<meta property=\"og:url\" content=\"https:\/\/elsieart.pl\/?p=2022\" \/>\n<meta property=\"og:site_name\" content=\"NA\u2764NA...art czyli sztuka \u017bycia Dusz\u0105\" \/>\n<meta property=\"article:published_time\" content=\"2025-08-25T11:39:11+00:00\" \/>\n<meta property=\"og:image\" content=\"https:\/\/elsieart.pl\/wp-content\/uploads\/2025\/08\/IMG_3039-scaled.jpeg\" \/>\n\t<meta property=\"og:image:width\" content=\"2560\" \/>\n\t<meta property=\"og:image:height\" content=\"1920\" \/>\n\t<meta property=\"og:image:type\" content=\"image\/jpeg\" \/>\n<meta name=\"author\" content=\"Anna Krajewska\" \/>\n<meta name=\"twitter:card\" content=\"summary_large_image\" \/>\n<meta name=\"twitter:label1\" content=\"Napisane przez\" \/>\n\t<meta name=\"twitter:data1\" content=\"Anna Krajewska\" \/>\n\t<meta name=\"twitter:label2\" content=\"Szacowany czas czytania\" \/>\n\t<meta name=\"twitter:data2\" content=\"1 minuta\" \/>\n<script type=\"application\/ld+json\" class=\"yoast-schema-graph\">{\"@context\":\"https:\\\/\\\/schema.org\",\"@graph\":[{\"@type\":\"Article\",\"@id\":\"https:\\\/\\\/elsieart.pl\\\/?p=2022#article\",\"isPartOf\":{\"@id\":\"https:\\\/\\\/elsieart.pl\\\/?p=2022\"},\"author\":{\"name\":\"Anna Krajewska\",\"@id\":\"https:\\\/\\\/elsieart.pl\\\/#\\\/schema\\\/person\\\/818eb3c3d8144ede1c78eaca1156f3a3\"},\"headline\":\"Brak tytu\u0142u\",\"datePublished\":\"2025-08-25T11:39:11+00:00\",\"mainEntityOfPage\":{\"@id\":\"https:\\\/\\\/elsieart.pl\\\/?p=2022\"},\"wordCount\":283,\"commentCount\":0,\"image\":{\"@id\":\"https:\\\/\\\/elsieart.pl\\\/?p=2022#primaryimage\"},\"thumbnailUrl\":\"http:\\\/\\\/elsieart.pl\\\/wp-content\\\/uploads\\\/2025\\\/08\\\/IMG_3039-1024x768.jpeg\",\"articleSection\":[\"Moja Droga do Mi\u0142o\u015bci\"],\"inLanguage\":\"pl-PL\",\"potentialAction\":[{\"@type\":\"CommentAction\",\"name\":\"Comment\",\"target\":[\"https:\\\/\\\/elsieart.pl\\\/?p=2022#respond\"]}]},{\"@type\":\"WebPage\",\"@id\":\"https:\\\/\\\/elsieart.pl\\\/?p=2022\",\"url\":\"https:\\\/\\\/elsieart.pl\\\/?p=2022\",\"name\":\"- NA\u2764NA...art czyli sztuka \u017bycia Dusz\u0105\",\"isPartOf\":{\"@id\":\"https:\\\/\\\/elsieart.pl\\\/#website\"},\"primaryImageOfPage\":{\"@id\":\"https:\\\/\\\/elsieart.pl\\\/?p=2022#primaryimage\"},\"image\":{\"@id\":\"https:\\\/\\\/elsieart.pl\\\/?p=2022#primaryimage\"},\"thumbnailUrl\":\"http:\\\/\\\/elsieart.pl\\\/wp-content\\\/uploads\\\/2025\\\/08\\\/IMG_3039-1024x768.jpeg\",\"datePublished\":\"2025-08-25T11:39:11+00:00\",\"author\":{\"@id\":\"https:\\\/\\\/elsieart.pl\\\/#\\\/schema\\\/person\\\/818eb3c3d8144ede1c78eaca1156f3a3\"},\"inLanguage\":\"pl-PL\",\"potentialAction\":[{\"@type\":\"ReadAction\",\"target\":[\"https:\\\/\\\/elsieart.pl\\\/?p=2022\"]}]},{\"@type\":\"ImageObject\",\"inLanguage\":\"pl-PL\",\"@id\":\"https:\\\/\\\/elsieart.pl\\\/?p=2022#primaryimage\",\"url\":\"https:\\\/\\\/elsieart.pl\\\/wp-content\\\/uploads\\\/2025\\\/08\\\/IMG_3039-scaled.jpeg\",\"contentUrl\":\"https:\\\/\\\/elsieart.pl\\\/wp-content\\\/uploads\\\/2025\\\/08\\\/IMG_3039-scaled.jpeg\",\"width\":2560,\"height\":1920},{\"@type\":\"WebSite\",\"@id\":\"https:\\\/\\\/elsieart.pl\\\/#website\",\"url\":\"https:\\\/\\\/elsieart.pl\\\/\",\"name\":\"NA\u2764NA...art czyli sztuka \u017bycia Dusz\u0105\",\"description\":\"Anna Krajewska | Gdzie ludzkie spotyka si\u0119 z boskim\",\"potentialAction\":[{\"@type\":\"SearchAction\",\"target\":{\"@type\":\"EntryPoint\",\"urlTemplate\":\"https:\\\/\\\/elsieart.pl\\\/?s={search_term_string}\"},\"query-input\":{\"@type\":\"PropertyValueSpecification\",\"valueRequired\":true,\"valueName\":\"search_term_string\"}}],\"inLanguage\":\"pl-PL\"},{\"@type\":\"Person\",\"@id\":\"https:\\\/\\\/elsieart.pl\\\/#\\\/schema\\\/person\\\/818eb3c3d8144ede1c78eaca1156f3a3\",\"name\":\"Anna Krajewska\",\"image\":{\"@type\":\"ImageObject\",\"inLanguage\":\"pl-PL\",\"@id\":\"https:\\\/\\\/secure.gravatar.com\\\/avatar\\\/f8702c146031dc3a604b2968503f6b5a36ce29db33ea2369631cf1e9129f349d?s=96&d=mm&r=g\",\"url\":\"https:\\\/\\\/secure.gravatar.com\\\/avatar\\\/f8702c146031dc3a604b2968503f6b5a36ce29db33ea2369631cf1e9129f349d?s=96&d=mm&r=g\",\"contentUrl\":\"https:\\\/\\\/secure.gravatar.com\\\/avatar\\\/f8702c146031dc3a604b2968503f6b5a36ce29db33ea2369631cf1e9129f349d?s=96&d=mm&r=g\",\"caption\":\"Anna Krajewska\"},\"sameAs\":[\"https:\\\/\\\/elsieart.pl\"],\"url\":\"https:\\\/\\\/elsieart.pl\\\/?author=1\"}]}<\/script>\n<!-- \/ Yoast SEO plugin. -->","yoast_head_json":{"title":"- NA\u2764NA...art czyli sztuka \u017bycia Dusz\u0105","robots":{"index":"index","follow":"follow","max-snippet":"max-snippet:-1","max-image-preview":"max-image-preview:large","max-video-preview":"max-video-preview:-1"},"canonical":"https:\/\/elsieart.pl\/?p=2022","og_locale":"pl_PL","og_type":"article","og_title":"- NA\u2764NA...art czyli sztuka \u017bycia Dusz\u0105","og_description":"Obudzi\u0142am si\u0119 dzisiaj tak jakby inaczej, tak jakby noc\u0105, gdy spa\u0142am, nast\u0105pi\u0142o uwolnienie, transformacja \u015bwiadomo\u015bci. Patrz\u0119 na \u015bwiat i widz\u0119 go inaczej. My\u015bl\u0119 o mi\u0142o\u015bci, o ludziach, czuj\u0119 ich wszech\u015bwiaty.&nbsp; W sercu mam jaki\u015b b\u00f3l, b\u00f3l bycia nierozumian\u0105, niewidzian\u0105 naprawd\u0119. I ja wiem, \u017ce ja te\u017c nie widz\u0119 innych naprawd\u0119. Ale staram si\u0119, staram si\u0119 &hellip; Czytaj dalej \u201e\u201d","og_url":"https:\/\/elsieart.pl\/?p=2022","og_site_name":"NA\u2764NA...art czyli sztuka \u017bycia Dusz\u0105","article_published_time":"2025-08-25T11:39:11+00:00","og_image":[{"width":2560,"height":1920,"url":"https:\/\/elsieart.pl\/wp-content\/uploads\/2025\/08\/IMG_3039-scaled.jpeg","type":"image\/jpeg"}],"author":"Anna Krajewska","twitter_card":"summary_large_image","twitter_misc":{"Napisane przez":"Anna Krajewska","Szacowany czas czytania":"1 minuta"},"schema":{"@context":"https:\/\/schema.org","@graph":[{"@type":"Article","@id":"https:\/\/elsieart.pl\/?p=2022#article","isPartOf":{"@id":"https:\/\/elsieart.pl\/?p=2022"},"author":{"name":"Anna Krajewska","@id":"https:\/\/elsieart.pl\/#\/schema\/person\/818eb3c3d8144ede1c78eaca1156f3a3"},"headline":"Brak tytu\u0142u","datePublished":"2025-08-25T11:39:11+00:00","mainEntityOfPage":{"@id":"https:\/\/elsieart.pl\/?p=2022"},"wordCount":283,"commentCount":0,"image":{"@id":"https:\/\/elsieart.pl\/?p=2022#primaryimage"},"thumbnailUrl":"http:\/\/elsieart.pl\/wp-content\/uploads\/2025\/08\/IMG_3039-1024x768.jpeg","articleSection":["Moja Droga do Mi\u0142o\u015bci"],"inLanguage":"pl-PL","potentialAction":[{"@type":"CommentAction","name":"Comment","target":["https:\/\/elsieart.pl\/?p=2022#respond"]}]},{"@type":"WebPage","@id":"https:\/\/elsieart.pl\/?p=2022","url":"https:\/\/elsieart.pl\/?p=2022","name":"- NA\u2764NA...art czyli sztuka \u017bycia Dusz\u0105","isPartOf":{"@id":"https:\/\/elsieart.pl\/#website"},"primaryImageOfPage":{"@id":"https:\/\/elsieart.pl\/?p=2022#primaryimage"},"image":{"@id":"https:\/\/elsieart.pl\/?p=2022#primaryimage"},"thumbnailUrl":"http:\/\/elsieart.pl\/wp-content\/uploads\/2025\/08\/IMG_3039-1024x768.jpeg","datePublished":"2025-08-25T11:39:11+00:00","author":{"@id":"https:\/\/elsieart.pl\/#\/schema\/person\/818eb3c3d8144ede1c78eaca1156f3a3"},"inLanguage":"pl-PL","potentialAction":[{"@type":"ReadAction","target":["https:\/\/elsieart.pl\/?p=2022"]}]},{"@type":"ImageObject","inLanguage":"pl-PL","@id":"https:\/\/elsieart.pl\/?p=2022#primaryimage","url":"https:\/\/elsieart.pl\/wp-content\/uploads\/2025\/08\/IMG_3039-scaled.jpeg","contentUrl":"https:\/\/elsieart.pl\/wp-content\/uploads\/2025\/08\/IMG_3039-scaled.jpeg","width":2560,"height":1920},{"@type":"WebSite","@id":"https:\/\/elsieart.pl\/#website","url":"https:\/\/elsieart.pl\/","name":"NA\u2764NA...art czyli sztuka \u017bycia Dusz\u0105","description":"Anna Krajewska | Gdzie ludzkie spotyka si\u0119 z boskim","potentialAction":[{"@type":"SearchAction","target":{"@type":"EntryPoint","urlTemplate":"https:\/\/elsieart.pl\/?s={search_term_string}"},"query-input":{"@type":"PropertyValueSpecification","valueRequired":true,"valueName":"search_term_string"}}],"inLanguage":"pl-PL"},{"@type":"Person","@id":"https:\/\/elsieart.pl\/#\/schema\/person\/818eb3c3d8144ede1c78eaca1156f3a3","name":"Anna Krajewska","image":{"@type":"ImageObject","inLanguage":"pl-PL","@id":"https:\/\/secure.gravatar.com\/avatar\/f8702c146031dc3a604b2968503f6b5a36ce29db33ea2369631cf1e9129f349d?s=96&d=mm&r=g","url":"https:\/\/secure.gravatar.com\/avatar\/f8702c146031dc3a604b2968503f6b5a36ce29db33ea2369631cf1e9129f349d?s=96&d=mm&r=g","contentUrl":"https:\/\/secure.gravatar.com\/avatar\/f8702c146031dc3a604b2968503f6b5a36ce29db33ea2369631cf1e9129f349d?s=96&d=mm&r=g","caption":"Anna Krajewska"},"sameAs":["https:\/\/elsieart.pl"],"url":"https:\/\/elsieart.pl\/?author=1"}]}},"_links":{"self":[{"href":"https:\/\/elsieart.pl\/index.php?rest_route=\/wp\/v2\/posts\/2022","targetHints":{"allow":["GET"]}}],"collection":[{"href":"https:\/\/elsieart.pl\/index.php?rest_route=\/wp\/v2\/posts"}],"about":[{"href":"https:\/\/elsieart.pl\/index.php?rest_route=\/wp\/v2\/types\/post"}],"author":[{"embeddable":true,"href":"https:\/\/elsieart.pl\/index.php?rest_route=\/wp\/v2\/users\/1"}],"replies":[{"embeddable":true,"href":"https:\/\/elsieart.pl\/index.php?rest_route=%2Fwp%2Fv2%2Fcomments&post=2022"}],"version-history":[{"count":11,"href":"https:\/\/elsieart.pl\/index.php?rest_route=\/wp\/v2\/posts\/2022\/revisions"}],"predecessor-version":[{"id":2042,"href":"https:\/\/elsieart.pl\/index.php?rest_route=\/wp\/v2\/posts\/2022\/revisions\/2042"}],"wp:attachment":[{"href":"https:\/\/elsieart.pl\/index.php?rest_route=%2Fwp%2Fv2%2Fmedia&parent=2022"}],"wp:term":[{"taxonomy":"category","embeddable":true,"href":"https:\/\/elsieart.pl\/index.php?rest_route=%2Fwp%2Fv2%2Fcategories&post=2022"},{"taxonomy":"post_tag","embeddable":true,"href":"https:\/\/elsieart.pl\/index.php?rest_route=%2Fwp%2Fv2%2Ftags&post=2022"}],"curies":[{"name":"wp","href":"https:\/\/api.w.org\/{rel}","templated":true}]}}