{"id":1554,"date":"2025-05-24T16:27:31","date_gmt":"2025-05-24T14:27:31","guid":{"rendered":"https:\/\/elsieart.pl\/?p=1554"},"modified":"2025-05-27T02:54:47","modified_gmt":"2025-05-27T00:54:47","slug":"do-poludniowej-wyroczni","status":"publish","type":"post","link":"https:\/\/elsieart.pl\/?p=1554","title":{"rendered":"Do Po\u0142udniowej Wyroczni\u2026"},"content":{"rendered":"\n<p class=\"wp-block-paragraph\">\u2026i\u015b\u0107, ci\u0105gle i\u015b\u0107\u2026<\/p>\n\n\n\n<p class=\"wp-block-paragraph\">odpoczynek, s\u0142odkie lenistwo, zaci\u0105gni\u0119te zas\u0142ony, <br>wyciszony telefon, herbata z cytrynkom, cieplutki kocyk, <br>bo ciep\u0142ych i ukochanych ramion brak. <br>Poczu\u0142am, \u017ce potrzebuj\u0119 zaton\u0105\u0107 w sobie, moim \u015bwiecie, <br>tote\u017c ogl\u0105dam stary film o krainie Fantazji, <br>kt\u00f3r\u0105 Atreyu musi uratowa\u0107, ocali\u0107 od zag\u0142ady <br>ten nasz \u015bwiat marze\u0144 i pragnie\u0144 serca.<br>Id\u0119 razem z nim.<br><br>G\u0142o\u015bniczek dzia\u0142a cudownie \ud83d\udc9d, pi\u0119knie wype\u0142niaj\u0105c przestrze\u0144, <br>kocing i relaks, ale och to\u0107 przypadk\u00f3w nie ma i nawet w relaksie <br>moja dusza ma swoje trzy grosze do wrzucenia.<br>Bo w\u0142a\u015bciwie o czym ten film, jak nie o nas, <br>o nas ca\u0142ych i pi\u0119knych, naprawd\u0119 warto\u015bciowych.<br><br>I jest i Brama Sfinksa &#8211; co nosisz w sercu? <br>Wierzysz w siebie?<br>I jest Brama Magicznego Lustra &#8211; zmierzenie si\u0119 z samym sob\u0105, <br>z prawd\u0105 o sobie, po obu biegunach,<br>jest i Bagno Smutku&#8230;ale jest tak\u017ce <br>Morze Mo\u017cliwo\u015bci, <br>bo zawsze mamy tak, jak wybieramy.<br><br>Wszystko po to, aby m\u00f3c dost\u0105pi\u0107 spotkania <br>z Po\u0142udniow\u0105 Wyroczni\u0105&#8230;Bogiem w nas i wok\u00f3\u0142 nas, <br>czyli Prawd\u0105 o nas.<br>\u201eDlaczego Fantazja si\u0119 rozpada? <br>Poniewa\u017c ludzie przestali marzy\u0107 i wierzy\u0107 w swoje sny. <br>Nico\u015b\u0107 si\u0119 powi\u0119ksza.\u201d <br>Czym jest Nico\u015b\u0107? <br>Pustk\u0105, to jak rozpacz, kt\u00f3ra niszczy nasz \u015bwiat.<\/p>\n\n\n\n<figure class=\"wp-block-image size-large\"><img loading=\"lazy\" decoding=\"async\" width=\"1024\" height=\"743\" src=\"http:\/\/elsieart.pl\/wp-content\/uploads\/2025\/05\/IMG_7744-1024x743.jpeg\" alt=\"\" class=\"wp-image-1557\" srcset=\"https:\/\/elsieart.pl\/wp-content\/uploads\/2025\/05\/IMG_7744-1024x743.jpeg 1024w, https:\/\/elsieart.pl\/wp-content\/uploads\/2025\/05\/IMG_7744-300x218.jpeg 300w, https:\/\/elsieart.pl\/wp-content\/uploads\/2025\/05\/IMG_7744-768x557.jpeg 768w, https:\/\/elsieart.pl\/wp-content\/uploads\/2025\/05\/IMG_7744-1536x1114.jpeg 1536w, https:\/\/elsieart.pl\/wp-content\/uploads\/2025\/05\/IMG_7744-2048x1485.jpeg 2048w\" sizes=\"auto, (max-width: 767px) 89vw, (max-width: 1000px) 54vw, (max-width: 1071px) 543px, 580px\" \/><\/figure>\n\n\n\n<p class=\"wp-block-paragraph\">I nie pozw\u00f3l by smutek Ci\u0119 opanowa\u0142, <br>bo wci\u0105gnie Ci\u0119 bagno:<\/p>\n\n\n\n<figure class=\"wp-block-video\"><video height=\"1080\" style=\"aspect-ratio: 1920 \/ 1080;\" width=\"1920\" controls src=\"http:\/\/elsieart.pl\/wp-content\/uploads\/2025\/05\/IMG_7736.mov\"><\/video><figcaption class=\"wp-element-caption\">Prawa do u\u017cytych na stronie kadr\u00f3w oraz fragment\u00f3w filmu (31:00-32:40 min.) nale\u017c\u0105 do ich dystrybutor\u00f3w. S\u0105 one wykorzystywane w ramach prawa cytatu.<br>\u00a9 1984 Michael Ende Productions i See-Saw Films &#8222;Nieko\u0144cz\u0105ca si\u0119 opowie\u015b\u0107&#8221;.<\/figcaption><\/figure>\n","protected":false},"excerpt":{"rendered":"<p>\u2026i\u015b\u0107, ci\u0105gle i\u015b\u0107\u2026 odpoczynek, s\u0142odkie lenistwo, zaci\u0105gni\u0119te zas\u0142ony, wyciszony telefon, herbata z cytrynkom, cieplutki kocyk, bo ciep\u0142ych i ukochanych ramion brak. Poczu\u0142am, \u017ce potrzebuj\u0119 zaton\u0105\u0107 w sobie, moim \u015bwiecie, tote\u017c ogl\u0105dam stary film o krainie Fantazji, kt\u00f3r\u0105 Atreyu musi uratowa\u0107, ocali\u0107 od zag\u0142ady ten nasz \u015bwiat marze\u0144 i pragnie\u0144 serca.Id\u0119 razem z nim. G\u0142o\u015bniczek dzia\u0142a &hellip; <\/p>\n<p class=\"link-more\"><a href=\"https:\/\/elsieart.pl\/?p=1554\" class=\"more-link\">Czytaj dalej<span class=\"screen-reader-text\"> \u201eDo Po\u0142udniowej Wyroczni\u2026\u201d<\/span><\/a><\/p>\n","protected":false},"author":1,"featured_media":0,"comment_status":"open","ping_status":"open","sticky":false,"template":"","format":"standard","meta":{"footnotes":""},"categories":[5],"tags":[],"class_list":["post-1554","post","type-post","status-publish","format-standard","hentry","category-moja-droga-do-milosci"],"yoast_head":"<!-- This site is optimized with the Yoast SEO plugin v28.0 - https:\/\/yoast.com\/product\/yoast-seo-wordpress\/ -->\n<title>Do Po\u0142udniowej Wyroczni\u2026 - NA\u2764NA...art czyli sztuka \u017bycia Dusz\u0105<\/title>\n<meta name=\"robots\" content=\"index, follow, max-snippet:-1, max-image-preview:large, max-video-preview:-1\" \/>\n<link rel=\"canonical\" href=\"https:\/\/elsieart.pl\/?p=1554\" \/>\n<meta property=\"og:locale\" content=\"pl_PL\" \/>\n<meta property=\"og:type\" content=\"article\" \/>\n<meta property=\"og:title\" content=\"Do Po\u0142udniowej Wyroczni\u2026 - NA\u2764NA...art czyli sztuka \u017bycia Dusz\u0105\" \/>\n<meta property=\"og:description\" content=\"\u2026i\u015b\u0107, ci\u0105gle i\u015b\u0107\u2026 odpoczynek, s\u0142odkie lenistwo, zaci\u0105gni\u0119te zas\u0142ony, wyciszony telefon, herbata z cytrynkom, cieplutki kocyk, bo ciep\u0142ych i ukochanych ramion brak. Poczu\u0142am, \u017ce potrzebuj\u0119 zaton\u0105\u0107 w sobie, moim \u015bwiecie, tote\u017c ogl\u0105dam stary film o krainie Fantazji, kt\u00f3r\u0105 Atreyu musi uratowa\u0107, ocali\u0107 od zag\u0142ady ten nasz \u015bwiat marze\u0144 i pragnie\u0144 serca.Id\u0119 razem z nim. G\u0142o\u015bniczek dzia\u0142a &hellip; Czytaj dalej \u201eDo Po\u0142udniowej Wyroczni\u2026\u201d\" \/>\n<meta property=\"og:url\" content=\"https:\/\/elsieart.pl\/?p=1554\" \/>\n<meta property=\"og:site_name\" content=\"NA\u2764NA...art czyli sztuka \u017bycia Dusz\u0105\" \/>\n<meta property=\"article:published_time\" content=\"2025-05-24T14:27:31+00:00\" \/>\n<meta property=\"article:modified_time\" content=\"2025-05-27T00:54:47+00:00\" \/>\n<meta property=\"og:image\" content=\"https:\/\/elsieart.pl\/wp-content\/uploads\/2025\/05\/IMG_7744-scaled.jpeg\" \/>\n\t<meta property=\"og:image:width\" content=\"2560\" \/>\n\t<meta property=\"og:image:height\" content=\"1857\" \/>\n\t<meta property=\"og:image:type\" content=\"image\/jpeg\" \/>\n<meta name=\"author\" content=\"Anna Krajewska\" \/>\n<meta name=\"twitter:card\" content=\"summary_large_image\" \/>\n<meta name=\"twitter:label1\" content=\"Napisane przez\" \/>\n\t<meta name=\"twitter:data1\" content=\"Anna Krajewska\" \/>\n\t<meta name=\"twitter:label2\" content=\"Szacowany czas czytania\" \/>\n\t<meta name=\"twitter:data2\" content=\"1 minuta\" \/>\n<script type=\"application\/ld+json\" class=\"yoast-schema-graph\">{\"@context\":\"https:\\\/\\\/schema.org\",\"@graph\":[{\"@type\":\"Article\",\"@id\":\"https:\\\/\\\/elsieart.pl\\\/?p=1554#article\",\"isPartOf\":{\"@id\":\"https:\\\/\\\/elsieart.pl\\\/?p=1554\"},\"author\":{\"name\":\"Anna Krajewska\",\"@id\":\"https:\\\/\\\/elsieart.pl\\\/#\\\/schema\\\/person\\\/818eb3c3d8144ede1c78eaca1156f3a3\"},\"headline\":\"Do Po\u0142udniowej Wyroczni\u2026\",\"datePublished\":\"2025-05-24T14:27:31+00:00\",\"dateModified\":\"2025-05-27T00:54:47+00:00\",\"mainEntityOfPage\":{\"@id\":\"https:\\\/\\\/elsieart.pl\\\/?p=1554\"},\"wordCount\":275,\"commentCount\":0,\"image\":{\"@id\":\"https:\\\/\\\/elsieart.pl\\\/?p=1554#primaryimage\"},\"thumbnailUrl\":\"http:\\\/\\\/elsieart.pl\\\/wp-content\\\/uploads\\\/2025\\\/05\\\/IMG_7744-1024x743.jpeg\",\"articleSection\":[\"Moja Droga do Mi\u0142o\u015bci\"],\"inLanguage\":\"pl-PL\",\"potentialAction\":[{\"@type\":\"CommentAction\",\"name\":\"Comment\",\"target\":[\"https:\\\/\\\/elsieart.pl\\\/?p=1554#respond\"]}]},{\"@type\":\"WebPage\",\"@id\":\"https:\\\/\\\/elsieart.pl\\\/?p=1554\",\"url\":\"https:\\\/\\\/elsieart.pl\\\/?p=1554\",\"name\":\"Do Po\u0142udniowej Wyroczni\u2026 - NA\u2764NA...art czyli sztuka \u017bycia Dusz\u0105\",\"isPartOf\":{\"@id\":\"https:\\\/\\\/elsieart.pl\\\/#website\"},\"primaryImageOfPage\":{\"@id\":\"https:\\\/\\\/elsieart.pl\\\/?p=1554#primaryimage\"},\"image\":{\"@id\":\"https:\\\/\\\/elsieart.pl\\\/?p=1554#primaryimage\"},\"thumbnailUrl\":\"http:\\\/\\\/elsieart.pl\\\/wp-content\\\/uploads\\\/2025\\\/05\\\/IMG_7744-1024x743.jpeg\",\"datePublished\":\"2025-05-24T14:27:31+00:00\",\"dateModified\":\"2025-05-27T00:54:47+00:00\",\"author\":{\"@id\":\"https:\\\/\\\/elsieart.pl\\\/#\\\/schema\\\/person\\\/818eb3c3d8144ede1c78eaca1156f3a3\"},\"breadcrumb\":{\"@id\":\"https:\\\/\\\/elsieart.pl\\\/?p=1554#breadcrumb\"},\"inLanguage\":\"pl-PL\",\"potentialAction\":[{\"@type\":\"ReadAction\",\"target\":[\"https:\\\/\\\/elsieart.pl\\\/?p=1554\"]}]},{\"@type\":\"ImageObject\",\"inLanguage\":\"pl-PL\",\"@id\":\"https:\\\/\\\/elsieart.pl\\\/?p=1554#primaryimage\",\"url\":\"https:\\\/\\\/elsieart.pl\\\/wp-content\\\/uploads\\\/2025\\\/05\\\/IMG_7744-scaled.jpeg\",\"contentUrl\":\"https:\\\/\\\/elsieart.pl\\\/wp-content\\\/uploads\\\/2025\\\/05\\\/IMG_7744-scaled.jpeg\",\"width\":2560,\"height\":1857},{\"@type\":\"BreadcrumbList\",\"@id\":\"https:\\\/\\\/elsieart.pl\\\/?p=1554#breadcrumb\",\"itemListElement\":[{\"@type\":\"ListItem\",\"position\":1,\"name\":\"Strona g\u0142\u00f3wna\",\"item\":\"https:\\\/\\\/elsieart.pl\\\/\"},{\"@type\":\"ListItem\",\"position\":2,\"name\":\"Do Po\u0142udniowej Wyroczni\u2026\"}]},{\"@type\":\"WebSite\",\"@id\":\"https:\\\/\\\/elsieart.pl\\\/#website\",\"url\":\"https:\\\/\\\/elsieart.pl\\\/\",\"name\":\"NA\u2764NA...art czyli sztuka \u017bycia Dusz\u0105\",\"description\":\"Anna Krajewska | Gdzie ludzkie spotyka si\u0119 z boskim\",\"potentialAction\":[{\"@type\":\"SearchAction\",\"target\":{\"@type\":\"EntryPoint\",\"urlTemplate\":\"https:\\\/\\\/elsieart.pl\\\/?s={search_term_string}\"},\"query-input\":{\"@type\":\"PropertyValueSpecification\",\"valueRequired\":true,\"valueName\":\"search_term_string\"}}],\"inLanguage\":\"pl-PL\"},{\"@type\":\"Person\",\"@id\":\"https:\\\/\\\/elsieart.pl\\\/#\\\/schema\\\/person\\\/818eb3c3d8144ede1c78eaca1156f3a3\",\"name\":\"Anna Krajewska\",\"image\":{\"@type\":\"ImageObject\",\"inLanguage\":\"pl-PL\",\"@id\":\"https:\\\/\\\/secure.gravatar.com\\\/avatar\\\/f8702c146031dc3a604b2968503f6b5a36ce29db33ea2369631cf1e9129f349d?s=96&d=mm&r=g\",\"url\":\"https:\\\/\\\/secure.gravatar.com\\\/avatar\\\/f8702c146031dc3a604b2968503f6b5a36ce29db33ea2369631cf1e9129f349d?s=96&d=mm&r=g\",\"contentUrl\":\"https:\\\/\\\/secure.gravatar.com\\\/avatar\\\/f8702c146031dc3a604b2968503f6b5a36ce29db33ea2369631cf1e9129f349d?s=96&d=mm&r=g\",\"caption\":\"Anna Krajewska\"},\"sameAs\":[\"https:\\\/\\\/elsieart.pl\"],\"url\":\"https:\\\/\\\/elsieart.pl\\\/?author=1\"}]}<\/script>\n<!-- \/ Yoast SEO plugin. -->","yoast_head_json":{"title":"Do Po\u0142udniowej Wyroczni\u2026 - NA\u2764NA...art czyli sztuka \u017bycia Dusz\u0105","robots":{"index":"index","follow":"follow","max-snippet":"max-snippet:-1","max-image-preview":"max-image-preview:large","max-video-preview":"max-video-preview:-1"},"canonical":"https:\/\/elsieart.pl\/?p=1554","og_locale":"pl_PL","og_type":"article","og_title":"Do Po\u0142udniowej Wyroczni\u2026 - NA\u2764NA...art czyli sztuka \u017bycia Dusz\u0105","og_description":"\u2026i\u015b\u0107, ci\u0105gle i\u015b\u0107\u2026 odpoczynek, s\u0142odkie lenistwo, zaci\u0105gni\u0119te zas\u0142ony, wyciszony telefon, herbata z cytrynkom, cieplutki kocyk, bo ciep\u0142ych i ukochanych ramion brak. Poczu\u0142am, \u017ce potrzebuj\u0119 zaton\u0105\u0107 w sobie, moim \u015bwiecie, tote\u017c ogl\u0105dam stary film o krainie Fantazji, kt\u00f3r\u0105 Atreyu musi uratowa\u0107, ocali\u0107 od zag\u0142ady ten nasz \u015bwiat marze\u0144 i pragnie\u0144 serca.Id\u0119 razem z nim. G\u0142o\u015bniczek dzia\u0142a &hellip; Czytaj dalej \u201eDo Po\u0142udniowej Wyroczni\u2026\u201d","og_url":"https:\/\/elsieart.pl\/?p=1554","og_site_name":"NA\u2764NA...art czyli sztuka \u017bycia Dusz\u0105","article_published_time":"2025-05-24T14:27:31+00:00","article_modified_time":"2025-05-27T00:54:47+00:00","og_image":[{"width":2560,"height":1857,"url":"https:\/\/elsieart.pl\/wp-content\/uploads\/2025\/05\/IMG_7744-scaled.jpeg","type":"image\/jpeg"}],"author":"Anna Krajewska","twitter_card":"summary_large_image","twitter_misc":{"Napisane przez":"Anna Krajewska","Szacowany czas czytania":"1 minuta"},"schema":{"@context":"https:\/\/schema.org","@graph":[{"@type":"Article","@id":"https:\/\/elsieart.pl\/?p=1554#article","isPartOf":{"@id":"https:\/\/elsieart.pl\/?p=1554"},"author":{"name":"Anna Krajewska","@id":"https:\/\/elsieart.pl\/#\/schema\/person\/818eb3c3d8144ede1c78eaca1156f3a3"},"headline":"Do Po\u0142udniowej Wyroczni\u2026","datePublished":"2025-05-24T14:27:31+00:00","dateModified":"2025-05-27T00:54:47+00:00","mainEntityOfPage":{"@id":"https:\/\/elsieart.pl\/?p=1554"},"wordCount":275,"commentCount":0,"image":{"@id":"https:\/\/elsieart.pl\/?p=1554#primaryimage"},"thumbnailUrl":"http:\/\/elsieart.pl\/wp-content\/uploads\/2025\/05\/IMG_7744-1024x743.jpeg","articleSection":["Moja Droga do Mi\u0142o\u015bci"],"inLanguage":"pl-PL","potentialAction":[{"@type":"CommentAction","name":"Comment","target":["https:\/\/elsieart.pl\/?p=1554#respond"]}]},{"@type":"WebPage","@id":"https:\/\/elsieart.pl\/?p=1554","url":"https:\/\/elsieart.pl\/?p=1554","name":"Do Po\u0142udniowej Wyroczni\u2026 - NA\u2764NA...art czyli sztuka \u017bycia Dusz\u0105","isPartOf":{"@id":"https:\/\/elsieart.pl\/#website"},"primaryImageOfPage":{"@id":"https:\/\/elsieart.pl\/?p=1554#primaryimage"},"image":{"@id":"https:\/\/elsieart.pl\/?p=1554#primaryimage"},"thumbnailUrl":"http:\/\/elsieart.pl\/wp-content\/uploads\/2025\/05\/IMG_7744-1024x743.jpeg","datePublished":"2025-05-24T14:27:31+00:00","dateModified":"2025-05-27T00:54:47+00:00","author":{"@id":"https:\/\/elsieart.pl\/#\/schema\/person\/818eb3c3d8144ede1c78eaca1156f3a3"},"breadcrumb":{"@id":"https:\/\/elsieart.pl\/?p=1554#breadcrumb"},"inLanguage":"pl-PL","potentialAction":[{"@type":"ReadAction","target":["https:\/\/elsieart.pl\/?p=1554"]}]},{"@type":"ImageObject","inLanguage":"pl-PL","@id":"https:\/\/elsieart.pl\/?p=1554#primaryimage","url":"https:\/\/elsieart.pl\/wp-content\/uploads\/2025\/05\/IMG_7744-scaled.jpeg","contentUrl":"https:\/\/elsieart.pl\/wp-content\/uploads\/2025\/05\/IMG_7744-scaled.jpeg","width":2560,"height":1857},{"@type":"BreadcrumbList","@id":"https:\/\/elsieart.pl\/?p=1554#breadcrumb","itemListElement":[{"@type":"ListItem","position":1,"name":"Strona g\u0142\u00f3wna","item":"https:\/\/elsieart.pl\/"},{"@type":"ListItem","position":2,"name":"Do Po\u0142udniowej Wyroczni\u2026"}]},{"@type":"WebSite","@id":"https:\/\/elsieart.pl\/#website","url":"https:\/\/elsieart.pl\/","name":"NA\u2764NA...art czyli sztuka \u017bycia Dusz\u0105","description":"Anna Krajewska | Gdzie ludzkie spotyka si\u0119 z boskim","potentialAction":[{"@type":"SearchAction","target":{"@type":"EntryPoint","urlTemplate":"https:\/\/elsieart.pl\/?s={search_term_string}"},"query-input":{"@type":"PropertyValueSpecification","valueRequired":true,"valueName":"search_term_string"}}],"inLanguage":"pl-PL"},{"@type":"Person","@id":"https:\/\/elsieart.pl\/#\/schema\/person\/818eb3c3d8144ede1c78eaca1156f3a3","name":"Anna Krajewska","image":{"@type":"ImageObject","inLanguage":"pl-PL","@id":"https:\/\/secure.gravatar.com\/avatar\/f8702c146031dc3a604b2968503f6b5a36ce29db33ea2369631cf1e9129f349d?s=96&d=mm&r=g","url":"https:\/\/secure.gravatar.com\/avatar\/f8702c146031dc3a604b2968503f6b5a36ce29db33ea2369631cf1e9129f349d?s=96&d=mm&r=g","contentUrl":"https:\/\/secure.gravatar.com\/avatar\/f8702c146031dc3a604b2968503f6b5a36ce29db33ea2369631cf1e9129f349d?s=96&d=mm&r=g","caption":"Anna Krajewska"},"sameAs":["https:\/\/elsieart.pl"],"url":"https:\/\/elsieart.pl\/?author=1"}]}},"_links":{"self":[{"href":"https:\/\/elsieart.pl\/index.php?rest_route=\/wp\/v2\/posts\/1554","targetHints":{"allow":["GET"]}}],"collection":[{"href":"https:\/\/elsieart.pl\/index.php?rest_route=\/wp\/v2\/posts"}],"about":[{"href":"https:\/\/elsieart.pl\/index.php?rest_route=\/wp\/v2\/types\/post"}],"author":[{"embeddable":true,"href":"https:\/\/elsieart.pl\/index.php?rest_route=\/wp\/v2\/users\/1"}],"replies":[{"embeddable":true,"href":"https:\/\/elsieart.pl\/index.php?rest_route=%2Fwp%2Fv2%2Fcomments&post=1554"}],"version-history":[{"count":9,"href":"https:\/\/elsieart.pl\/index.php?rest_route=\/wp\/v2\/posts\/1554\/revisions"}],"predecessor-version":[{"id":1572,"href":"https:\/\/elsieart.pl\/index.php?rest_route=\/wp\/v2\/posts\/1554\/revisions\/1572"}],"wp:attachment":[{"href":"https:\/\/elsieart.pl\/index.php?rest_route=%2Fwp%2Fv2%2Fmedia&parent=1554"}],"wp:term":[{"taxonomy":"category","embeddable":true,"href":"https:\/\/elsieart.pl\/index.php?rest_route=%2Fwp%2Fv2%2Fcategories&post=1554"},{"taxonomy":"post_tag","embeddable":true,"href":"https:\/\/elsieart.pl\/index.php?rest_route=%2Fwp%2Fv2%2Ftags&post=1554"}],"curies":[{"name":"wp","href":"https:\/\/api.w.org\/{rel}","templated":true}]}}