{"id":1526,"date":"2025-05-20T22:22:00","date_gmt":"2025-05-20T20:22:00","guid":{"rendered":"https:\/\/elsieart.pl\/?p=1526"},"modified":"2025-05-20T20:39:14","modified_gmt":"2025-05-20T18:39:14","slug":"gdy-i-ja-projektuje-na-innych","status":"publish","type":"post","link":"https:\/\/elsieart.pl\/?p=1526","title":{"rendered":"Gdy i ja projektuj\u0119 na innych"},"content":{"rendered":"\n<p class=\"wp-block-paragraph\">Nie projektuj na mnie, prosz\u0119, samego siebie\u2026<br>Nie projektuj na mnie, prosz\u0119\u2026swojej przesz\u0142o\u015bci<br>Nie projektuj na mnie, prosz\u0119\u2026swojego wyobra\u017cenia o mi\u0142o\u015bci\u00a0<\/p>\n\n\n\n<p class=\"wp-block-paragraph\">Nie projektuj na mnie swego marzenia\u2026bo si\u0119 zawiedziesz&#8230;&nbsp;<\/p>\n\n\n\n<p class=\"wp-block-paragraph\">Nie projektuj na mnie\u2026<\/p>\n\n\n\n<p class=\"wp-block-paragraph\">Jestem sob\u0105 i inna nie b\u0119d\u0119, <br>b\u0119d\u0119 szuka\u0107 i eksplorowa\u0107, b\u0119d\u0119 wiedzie\u0107 i nie wiedzie\u0107, <br>b\u0119d\u0119 odwa\u017cna i b\u0119d\u0119 si\u0119 ba\u0107, b\u0119d\u0119 tuli\u0107 ciebie i b\u0119d\u0119 tuli\u0107 tylko siebie, <br>b\u0119d\u0119 kocha\u0107 i na chwil\u0119 nienawidzi\u0107, ale wiem, <br>\u017ce zawsze b\u0119d\u0119 wraca\u0107 do siebie, do tego kim jestem, <br>do tego co jest moim pragnieniem, <br>aby do\u015bwiadcza\u0107 Boga, poprzez inne dusze i przez moj\u0105 w\u0142asn\u0105. <br>Ja ucz\u0119 si\u0119 codziennie i tak cz\u0119sto jeszcze mi nie wychodzi.<\/p>\n\n\n\n<p class=\"wp-block-paragraph\">Ale droga przed nami\u2026<br>I tak do ko\u0144ca naszych dni.<\/p>\n\n\n\n<p class=\"wp-block-paragraph\">Zobacz mnie\u2026zobacz mnie zwyk\u0142\u0105 i przez to prawdziw\u0105, <br>bo inna nie jestem\u2026i nigdy nie b\u0119d\u0119.<\/p>\n\n\n\n<figure class=\"wp-block-image size-large\"><img loading=\"lazy\" decoding=\"async\" width=\"1024\" height=\"577\" src=\"http:\/\/elsieart.pl\/wp-content\/uploads\/2025\/05\/IMG_4097-1024x577.jpeg\" alt=\"\" class=\"wp-image-1527\" srcset=\"https:\/\/elsieart.pl\/wp-content\/uploads\/2025\/05\/IMG_4097-1024x577.jpeg 1024w, https:\/\/elsieart.pl\/wp-content\/uploads\/2025\/05\/IMG_4097-300x169.jpeg 300w, https:\/\/elsieart.pl\/wp-content\/uploads\/2025\/05\/IMG_4097-768x433.jpeg 768w, https:\/\/elsieart.pl\/wp-content\/uploads\/2025\/05\/IMG_4097-1536x866.jpeg 1536w, https:\/\/elsieart.pl\/wp-content\/uploads\/2025\/05\/IMG_4097.jpeg 2048w\" sizes=\"auto, (max-width: 767px) 89vw, (max-width: 1000px) 54vw, (max-width: 1071px) 543px, 580px\" \/><figcaption class=\"wp-element-caption\">fot.Internet <\/figcaption><\/figure>\n","protected":false},"excerpt":{"rendered":"<p>Nie projektuj na mnie, prosz\u0119, samego siebie\u2026Nie projektuj na mnie, prosz\u0119\u2026swojej przesz\u0142o\u015bciNie projektuj na mnie, prosz\u0119\u2026swojego wyobra\u017cenia o mi\u0142o\u015bci\u00a0 Nie projektuj na mnie swego marzenia\u2026bo si\u0119 zawiedziesz&#8230;&nbsp; Nie projektuj na mnie\u2026 Jestem sob\u0105 i inna nie b\u0119d\u0119, b\u0119d\u0119 szuka\u0107 i eksplorowa\u0107, b\u0119d\u0119 wiedzie\u0107 i nie wiedzie\u0107, b\u0119d\u0119 odwa\u017cna i b\u0119d\u0119 si\u0119 ba\u0107, b\u0119d\u0119 tuli\u0107 ciebie &hellip; <\/p>\n<p class=\"link-more\"><a href=\"https:\/\/elsieart.pl\/?p=1526\" class=\"more-link\">Czytaj dalej<span class=\"screen-reader-text\"> \u201eGdy i ja projektuj\u0119 na innych\u201d<\/span><\/a><\/p>\n","protected":false},"author":1,"featured_media":0,"comment_status":"open","ping_status":"open","sticky":false,"template":"","format":"standard","meta":{"footnotes":""},"categories":[5],"tags":[],"class_list":["post-1526","post","type-post","status-publish","format-standard","hentry","category-moja-droga-do-milosci"],"yoast_head":"<!-- This site is optimized with the Yoast SEO plugin v28.0 - https:\/\/yoast.com\/product\/yoast-seo-wordpress\/ -->\n<title>Gdy i ja projektuj\u0119 na innych - NA\u2764NA...art czyli sztuka \u017bycia Dusz\u0105<\/title>\n<meta name=\"robots\" content=\"index, follow, max-snippet:-1, max-image-preview:large, max-video-preview:-1\" \/>\n<link rel=\"canonical\" href=\"https:\/\/elsieart.pl\/?p=1526\" \/>\n<meta property=\"og:locale\" content=\"pl_PL\" \/>\n<meta property=\"og:type\" content=\"article\" \/>\n<meta property=\"og:title\" content=\"Gdy i ja projektuj\u0119 na innych - NA\u2764NA...art czyli sztuka \u017bycia Dusz\u0105\" \/>\n<meta property=\"og:description\" content=\"Nie projektuj na mnie, prosz\u0119, samego siebie\u2026Nie projektuj na mnie, prosz\u0119\u2026swojej przesz\u0142o\u015bciNie projektuj na mnie, prosz\u0119\u2026swojego wyobra\u017cenia o mi\u0142o\u015bci\u00a0 Nie projektuj na mnie swego marzenia\u2026bo si\u0119 zawiedziesz&#8230;&nbsp; Nie projektuj na mnie\u2026 Jestem sob\u0105 i inna nie b\u0119d\u0119, b\u0119d\u0119 szuka\u0107 i eksplorowa\u0107, b\u0119d\u0119 wiedzie\u0107 i nie wiedzie\u0107, b\u0119d\u0119 odwa\u017cna i b\u0119d\u0119 si\u0119 ba\u0107, b\u0119d\u0119 tuli\u0107 ciebie &hellip; Czytaj dalej \u201eGdy i ja projektuj\u0119 na innych\u201d\" \/>\n<meta property=\"og:url\" content=\"https:\/\/elsieart.pl\/?p=1526\" \/>\n<meta property=\"og:site_name\" content=\"NA\u2764NA...art czyli sztuka \u017bycia Dusz\u0105\" \/>\n<meta property=\"article:published_time\" content=\"2025-05-20T20:22:00+00:00\" \/>\n<meta property=\"og:image\" content=\"https:\/\/elsieart.pl\/wp-content\/uploads\/2025\/05\/IMG_4097.jpeg\" \/>\n\t<meta property=\"og:image:width\" content=\"2048\" \/>\n\t<meta property=\"og:image:height\" content=\"1154\" \/>\n\t<meta property=\"og:image:type\" content=\"image\/jpeg\" \/>\n<meta name=\"author\" content=\"Anna Krajewska\" \/>\n<meta name=\"twitter:card\" content=\"summary_large_image\" \/>\n<meta name=\"twitter:label1\" content=\"Napisane przez\" \/>\n\t<meta name=\"twitter:data1\" content=\"Anna Krajewska\" \/>\n\t<meta name=\"twitter:label2\" content=\"Szacowany czas czytania\" \/>\n\t<meta name=\"twitter:data2\" content=\"1 minuta\" \/>\n<script type=\"application\/ld+json\" class=\"yoast-schema-graph\">{\"@context\":\"https:\\\/\\\/schema.org\",\"@graph\":[{\"@type\":\"Article\",\"@id\":\"https:\\\/\\\/elsieart.pl\\\/?p=1526#article\",\"isPartOf\":{\"@id\":\"https:\\\/\\\/elsieart.pl\\\/?p=1526\"},\"author\":{\"name\":\"Anna Krajewska\",\"@id\":\"https:\\\/\\\/elsieart.pl\\\/#\\\/schema\\\/person\\\/818eb3c3d8144ede1c78eaca1156f3a3\"},\"headline\":\"Gdy i ja projektuj\u0119 na innych\",\"datePublished\":\"2025-05-20T20:22:00+00:00\",\"mainEntityOfPage\":{\"@id\":\"https:\\\/\\\/elsieart.pl\\\/?p=1526\"},\"wordCount\":165,\"commentCount\":0,\"image\":{\"@id\":\"https:\\\/\\\/elsieart.pl\\\/?p=1526#primaryimage\"},\"thumbnailUrl\":\"http:\\\/\\\/elsieart.pl\\\/wp-content\\\/uploads\\\/2025\\\/05\\\/IMG_4097-1024x577.jpeg\",\"articleSection\":[\"Moja Droga do Mi\u0142o\u015bci\"],\"inLanguage\":\"pl-PL\",\"potentialAction\":[{\"@type\":\"CommentAction\",\"name\":\"Comment\",\"target\":[\"https:\\\/\\\/elsieart.pl\\\/?p=1526#respond\"]}]},{\"@type\":\"WebPage\",\"@id\":\"https:\\\/\\\/elsieart.pl\\\/?p=1526\",\"url\":\"https:\\\/\\\/elsieart.pl\\\/?p=1526\",\"name\":\"Gdy i ja projektuj\u0119 na innych - NA\u2764NA...art czyli sztuka \u017bycia Dusz\u0105\",\"isPartOf\":{\"@id\":\"https:\\\/\\\/elsieart.pl\\\/#website\"},\"primaryImageOfPage\":{\"@id\":\"https:\\\/\\\/elsieart.pl\\\/?p=1526#primaryimage\"},\"image\":{\"@id\":\"https:\\\/\\\/elsieart.pl\\\/?p=1526#primaryimage\"},\"thumbnailUrl\":\"http:\\\/\\\/elsieart.pl\\\/wp-content\\\/uploads\\\/2025\\\/05\\\/IMG_4097-1024x577.jpeg\",\"datePublished\":\"2025-05-20T20:22:00+00:00\",\"author\":{\"@id\":\"https:\\\/\\\/elsieart.pl\\\/#\\\/schema\\\/person\\\/818eb3c3d8144ede1c78eaca1156f3a3\"},\"breadcrumb\":{\"@id\":\"https:\\\/\\\/elsieart.pl\\\/?p=1526#breadcrumb\"},\"inLanguage\":\"pl-PL\",\"potentialAction\":[{\"@type\":\"ReadAction\",\"target\":[\"https:\\\/\\\/elsieart.pl\\\/?p=1526\"]}]},{\"@type\":\"ImageObject\",\"inLanguage\":\"pl-PL\",\"@id\":\"https:\\\/\\\/elsieart.pl\\\/?p=1526#primaryimage\",\"url\":\"https:\\\/\\\/elsieart.pl\\\/wp-content\\\/uploads\\\/2025\\\/05\\\/IMG_4097.jpeg\",\"contentUrl\":\"https:\\\/\\\/elsieart.pl\\\/wp-content\\\/uploads\\\/2025\\\/05\\\/IMG_4097.jpeg\",\"width\":2048,\"height\":1154},{\"@type\":\"BreadcrumbList\",\"@id\":\"https:\\\/\\\/elsieart.pl\\\/?p=1526#breadcrumb\",\"itemListElement\":[{\"@type\":\"ListItem\",\"position\":1,\"name\":\"Strona g\u0142\u00f3wna\",\"item\":\"https:\\\/\\\/elsieart.pl\\\/\"},{\"@type\":\"ListItem\",\"position\":2,\"name\":\"Gdy i ja projektuj\u0119 na innych\"}]},{\"@type\":\"WebSite\",\"@id\":\"https:\\\/\\\/elsieart.pl\\\/#website\",\"url\":\"https:\\\/\\\/elsieart.pl\\\/\",\"name\":\"NA\u2764NA...art czyli sztuka \u017bycia Dusz\u0105\",\"description\":\"Anna Krajewska | Gdzie ludzkie spotyka si\u0119 z boskim\",\"potentialAction\":[{\"@type\":\"SearchAction\",\"target\":{\"@type\":\"EntryPoint\",\"urlTemplate\":\"https:\\\/\\\/elsieart.pl\\\/?s={search_term_string}\"},\"query-input\":{\"@type\":\"PropertyValueSpecification\",\"valueRequired\":true,\"valueName\":\"search_term_string\"}}],\"inLanguage\":\"pl-PL\"},{\"@type\":\"Person\",\"@id\":\"https:\\\/\\\/elsieart.pl\\\/#\\\/schema\\\/person\\\/818eb3c3d8144ede1c78eaca1156f3a3\",\"name\":\"Anna Krajewska\",\"image\":{\"@type\":\"ImageObject\",\"inLanguage\":\"pl-PL\",\"@id\":\"https:\\\/\\\/secure.gravatar.com\\\/avatar\\\/f8702c146031dc3a604b2968503f6b5a36ce29db33ea2369631cf1e9129f349d?s=96&d=mm&r=g\",\"url\":\"https:\\\/\\\/secure.gravatar.com\\\/avatar\\\/f8702c146031dc3a604b2968503f6b5a36ce29db33ea2369631cf1e9129f349d?s=96&d=mm&r=g\",\"contentUrl\":\"https:\\\/\\\/secure.gravatar.com\\\/avatar\\\/f8702c146031dc3a604b2968503f6b5a36ce29db33ea2369631cf1e9129f349d?s=96&d=mm&r=g\",\"caption\":\"Anna Krajewska\"},\"sameAs\":[\"https:\\\/\\\/elsieart.pl\"],\"url\":\"https:\\\/\\\/elsieart.pl\\\/?author=1\"}]}<\/script>\n<!-- \/ Yoast SEO plugin. -->","yoast_head_json":{"title":"Gdy i ja projektuj\u0119 na innych - NA\u2764NA...art czyli sztuka \u017bycia Dusz\u0105","robots":{"index":"index","follow":"follow","max-snippet":"max-snippet:-1","max-image-preview":"max-image-preview:large","max-video-preview":"max-video-preview:-1"},"canonical":"https:\/\/elsieart.pl\/?p=1526","og_locale":"pl_PL","og_type":"article","og_title":"Gdy i ja projektuj\u0119 na innych - NA\u2764NA...art czyli sztuka \u017bycia Dusz\u0105","og_description":"Nie projektuj na mnie, prosz\u0119, samego siebie\u2026Nie projektuj na mnie, prosz\u0119\u2026swojej przesz\u0142o\u015bciNie projektuj na mnie, prosz\u0119\u2026swojego wyobra\u017cenia o mi\u0142o\u015bci\u00a0 Nie projektuj na mnie swego marzenia\u2026bo si\u0119 zawiedziesz&#8230;&nbsp; Nie projektuj na mnie\u2026 Jestem sob\u0105 i inna nie b\u0119d\u0119, b\u0119d\u0119 szuka\u0107 i eksplorowa\u0107, b\u0119d\u0119 wiedzie\u0107 i nie wiedzie\u0107, b\u0119d\u0119 odwa\u017cna i b\u0119d\u0119 si\u0119 ba\u0107, b\u0119d\u0119 tuli\u0107 ciebie &hellip; Czytaj dalej \u201eGdy i ja projektuj\u0119 na innych\u201d","og_url":"https:\/\/elsieart.pl\/?p=1526","og_site_name":"NA\u2764NA...art czyli sztuka \u017bycia Dusz\u0105","article_published_time":"2025-05-20T20:22:00+00:00","og_image":[{"width":2048,"height":1154,"url":"https:\/\/elsieart.pl\/wp-content\/uploads\/2025\/05\/IMG_4097.jpeg","type":"image\/jpeg"}],"author":"Anna Krajewska","twitter_card":"summary_large_image","twitter_misc":{"Napisane przez":"Anna Krajewska","Szacowany czas czytania":"1 minuta"},"schema":{"@context":"https:\/\/schema.org","@graph":[{"@type":"Article","@id":"https:\/\/elsieart.pl\/?p=1526#article","isPartOf":{"@id":"https:\/\/elsieart.pl\/?p=1526"},"author":{"name":"Anna Krajewska","@id":"https:\/\/elsieart.pl\/#\/schema\/person\/818eb3c3d8144ede1c78eaca1156f3a3"},"headline":"Gdy i ja projektuj\u0119 na innych","datePublished":"2025-05-20T20:22:00+00:00","mainEntityOfPage":{"@id":"https:\/\/elsieart.pl\/?p=1526"},"wordCount":165,"commentCount":0,"image":{"@id":"https:\/\/elsieart.pl\/?p=1526#primaryimage"},"thumbnailUrl":"http:\/\/elsieart.pl\/wp-content\/uploads\/2025\/05\/IMG_4097-1024x577.jpeg","articleSection":["Moja Droga do Mi\u0142o\u015bci"],"inLanguage":"pl-PL","potentialAction":[{"@type":"CommentAction","name":"Comment","target":["https:\/\/elsieart.pl\/?p=1526#respond"]}]},{"@type":"WebPage","@id":"https:\/\/elsieart.pl\/?p=1526","url":"https:\/\/elsieart.pl\/?p=1526","name":"Gdy i ja projektuj\u0119 na innych - NA\u2764NA...art czyli sztuka \u017bycia Dusz\u0105","isPartOf":{"@id":"https:\/\/elsieart.pl\/#website"},"primaryImageOfPage":{"@id":"https:\/\/elsieart.pl\/?p=1526#primaryimage"},"image":{"@id":"https:\/\/elsieart.pl\/?p=1526#primaryimage"},"thumbnailUrl":"http:\/\/elsieart.pl\/wp-content\/uploads\/2025\/05\/IMG_4097-1024x577.jpeg","datePublished":"2025-05-20T20:22:00+00:00","author":{"@id":"https:\/\/elsieart.pl\/#\/schema\/person\/818eb3c3d8144ede1c78eaca1156f3a3"},"breadcrumb":{"@id":"https:\/\/elsieart.pl\/?p=1526#breadcrumb"},"inLanguage":"pl-PL","potentialAction":[{"@type":"ReadAction","target":["https:\/\/elsieart.pl\/?p=1526"]}]},{"@type":"ImageObject","inLanguage":"pl-PL","@id":"https:\/\/elsieart.pl\/?p=1526#primaryimage","url":"https:\/\/elsieart.pl\/wp-content\/uploads\/2025\/05\/IMG_4097.jpeg","contentUrl":"https:\/\/elsieart.pl\/wp-content\/uploads\/2025\/05\/IMG_4097.jpeg","width":2048,"height":1154},{"@type":"BreadcrumbList","@id":"https:\/\/elsieart.pl\/?p=1526#breadcrumb","itemListElement":[{"@type":"ListItem","position":1,"name":"Strona g\u0142\u00f3wna","item":"https:\/\/elsieart.pl\/"},{"@type":"ListItem","position":2,"name":"Gdy i ja projektuj\u0119 na innych"}]},{"@type":"WebSite","@id":"https:\/\/elsieart.pl\/#website","url":"https:\/\/elsieart.pl\/","name":"NA\u2764NA...art czyli sztuka \u017bycia Dusz\u0105","description":"Anna Krajewska | Gdzie ludzkie spotyka si\u0119 z boskim","potentialAction":[{"@type":"SearchAction","target":{"@type":"EntryPoint","urlTemplate":"https:\/\/elsieart.pl\/?s={search_term_string}"},"query-input":{"@type":"PropertyValueSpecification","valueRequired":true,"valueName":"search_term_string"}}],"inLanguage":"pl-PL"},{"@type":"Person","@id":"https:\/\/elsieart.pl\/#\/schema\/person\/818eb3c3d8144ede1c78eaca1156f3a3","name":"Anna Krajewska","image":{"@type":"ImageObject","inLanguage":"pl-PL","@id":"https:\/\/secure.gravatar.com\/avatar\/f8702c146031dc3a604b2968503f6b5a36ce29db33ea2369631cf1e9129f349d?s=96&d=mm&r=g","url":"https:\/\/secure.gravatar.com\/avatar\/f8702c146031dc3a604b2968503f6b5a36ce29db33ea2369631cf1e9129f349d?s=96&d=mm&r=g","contentUrl":"https:\/\/secure.gravatar.com\/avatar\/f8702c146031dc3a604b2968503f6b5a36ce29db33ea2369631cf1e9129f349d?s=96&d=mm&r=g","caption":"Anna Krajewska"},"sameAs":["https:\/\/elsieart.pl"],"url":"https:\/\/elsieart.pl\/?author=1"}]}},"_links":{"self":[{"href":"https:\/\/elsieart.pl\/index.php?rest_route=\/wp\/v2\/posts\/1526","targetHints":{"allow":["GET"]}}],"collection":[{"href":"https:\/\/elsieart.pl\/index.php?rest_route=\/wp\/v2\/posts"}],"about":[{"href":"https:\/\/elsieart.pl\/index.php?rest_route=\/wp\/v2\/types\/post"}],"author":[{"embeddable":true,"href":"https:\/\/elsieart.pl\/index.php?rest_route=\/wp\/v2\/users\/1"}],"replies":[{"embeddable":true,"href":"https:\/\/elsieart.pl\/index.php?rest_route=%2Fwp%2Fv2%2Fcomments&post=1526"}],"version-history":[{"count":3,"href":"https:\/\/elsieart.pl\/index.php?rest_route=\/wp\/v2\/posts\/1526\/revisions"}],"predecessor-version":[{"id":1532,"href":"https:\/\/elsieart.pl\/index.php?rest_route=\/wp\/v2\/posts\/1526\/revisions\/1532"}],"wp:attachment":[{"href":"https:\/\/elsieart.pl\/index.php?rest_route=%2Fwp%2Fv2%2Fmedia&parent=1526"}],"wp:term":[{"taxonomy":"category","embeddable":true,"href":"https:\/\/elsieart.pl\/index.php?rest_route=%2Fwp%2Fv2%2Fcategories&post=1526"},{"taxonomy":"post_tag","embeddable":true,"href":"https:\/\/elsieart.pl\/index.php?rest_route=%2Fwp%2Fv2%2Ftags&post=1526"}],"curies":[{"name":"wp","href":"https:\/\/api.w.org\/{rel}","templated":true}]}}