{"id":1508,"date":"2025-05-18T19:19:01","date_gmt":"2025-05-18T17:19:01","guid":{"rendered":"https:\/\/elsieart.pl\/?p=1508"},"modified":"2025-05-19T22:01:10","modified_gmt":"2025-05-19T20:01:10","slug":"ciemnosc-widze-ciemnosc-%f0%9f%98%8b","status":"publish","type":"post","link":"https:\/\/elsieart.pl\/?p=1508","title":{"rendered":"Ciemno\u015b\u0107&#8230;widz\u0119 ciemno\u015b\u0107 \ud83d\ude0b"},"content":{"rendered":"\n<p class=\"wp-block-paragraph\">Szacunek\u2026do w\u0142asnego cia\u0142a. <br>Do tego naczynia, w kt\u00f3rym do\u015bwiadcza dusza. <br>Czasem si\u0119 zastanawiam, co czuje dusza, <br>gdy si\u0119 nie dzia\u0142a w zgodzie z ni\u0105. <br>Czuj\u0119, \u017ce si\u0119 po prostu odcina. Gdy nast\u0119puje dzia\u0142anie z ego, <br>jedynie z potrzeb Ni\u017cszego Ja, bo ono ma swoje potrzeby, oczywi\u015bcie. <br>Tak jak pilnuje, abym si\u0119 napi\u0142a wody, zjad\u0142a, zasn\u0119\u0142a, <br>tak dba te\u017c o mi\u0142osne potrzeby cia\u0142a, normalne. <br>Jednak dzisiejszy \u015bwiat to czasem ju\u017c ma dos\u0142ownie w ty\u0142ku poprzewracane\u2026<br>jak dla mnie oczywi\u015bcie, to moje \u017cycie i lubi\u0119 \u017cy\u0107 je po mojemu.&nbsp;<\/p>\n\n\n\n<p class=\"wp-block-paragraph\">Obserwuj\u0119 czasami takie totalne odci\u0119cie i zagubienie. <br>A w dzisiejszych czasach tak nonszalancko akceptowane, <br>takie modne nawet, takie cool nawet. <br>P\u00f3\u0142 biedy, gdy mowa o m\u0119\u017cczyznach, cho\u0107 to te\u017c nie do ko\u0144ca prawda, <br>i my\u015bl\u0119, \u017ce to jest celowo promowane, aby rozkrada\u0107, rozrzedza\u0107 <br>energi\u0119 m\u0119\u017cczyzny, pozbawia\u0107 go mocy. <br>Bo to jest puste, to chwilowy strza\u0142 dopaminy dla ego. <br>Potwierdzaj\u0105 to m\u0119\u017cczy\u017ani, z kt\u00f3rymi mog\u0119 porozmawia\u0107 na tym poziomie, <br>nawet sami o tym m\u00f3wi\u0105 (nie ci co chc\u0105 si\u0119 przypodoba\u0107). <br>A ego os\u0142abia, ego to nie si\u0142a, to nie moc, to nie z tej przestrzeni p\u0142ynie, o nie. <br>Je\u017celi chodzi o m\u0119\u017cczyzn, oni maj\u0105 inn\u0105 energetyk\u0119, <br>wi\u0119c to tak nie szkodzi bardzo jak kobiecie, cho\u0107 na pewno nie jest oboj\u0119tne. <br>Obni\u017cenie jako\u015bci energii wymiany w akcie mi\u0142osnym, <br>musi odbija\u0107 si\u0119 i na kobiecie i na m\u0119\u017cczy\u017anie.<br>Pytanie&#8230;komu to tak naprawd\u0119 pasuje, kto tym tak steruje.<br>Obserwuj\u0119 wydrenowanie dzisiejszych kobiet, szczeg\u00f3lnie m\u0142odszych. <br>Kole\u017canka nazwa\u0142a moje do\u015bwiadczenie ciemnogrodem. <br>Tak. Podzi\u0119kowa\u0142am za komplement, wol\u0119 m\u00f3j ciemnogr\u00f3d ni\u017c pieprzogr\u00f3d. <br>Wybieram moje nieo\u015bwiecenie, aby m\u00f3j ogr\u00f3d zosta\u0142 o\u015bwietlony\u2026przez dusz\u0119, <br>kt\u00f3r\u0105 wybra\u0142a moja dusza, gdy da\u0142a zgod\u0119, to si\u0119 czuje w ca\u0142ym ciele i sercu.<\/p>\n\n\n\n<p class=\"wp-block-paragraph\">Wszystko jest energi\u0105, ka\u017cda my\u015bl, uczucie, dzia\u0142anie. <br>Co wprowadzam do swojego wn\u0119trza, do w\u0142asnego pola energetycznego, <br>gdy \u0142\u0105cz\u0119 si\u0119 bez mi\u0142o\u015bci, czu\u0142o\u015bci, szacunku do siebie i do drugiego cz\u0142owieka? <br>Czujesz si\u0119 nakarmiona\/y, czy wydrenowana\/y?<\/p>\n\n\n\n<p class=\"wp-block-paragraph\">Czuj\u0119, \u017ce to dlatego nie potrafi\u0119. Bo moja dusza jest zawsze na wierzchu <br>i zapewne powiedzia\u0142aby, \u017ce si\u0119 nie zgadza. Tak bez niej, tak \u017ceby j\u0105 pomin\u0105\u0107, <br>wystawia\u0107 za drzwi, kaza\u0107 siedzie\u0107 cicho. <br>O nie, moja by si\u0119 dar\u0142a na ca\u0142y regulator\u2026\u017ce ona nie daje zgody.&nbsp;<\/p>\n\n\n\n<p class=\"wp-block-paragraph\">To po\u0142\u0105czenie trzech Ja\u017ani we mnie\u2026cudowne\u2026i tak chroni, <br>tak pi\u0119knie chroni.&nbsp;<\/p>\n\n\n\n<p class=\"wp-block-paragraph\">Tak wszystko\u2026jest na miejscu. Tak mog\u0119 po prostu\u2026ufa\u0107 sobie.<\/p>\n\n\n\n<p class=\"wp-block-paragraph\">Jako\u015b nigdy nie mia\u0142am tego w do\u015bwiadczeniu, jako\u015b zawsze wiedzia\u0142am, <br>dlatego nigdy nie by\u0142o tego u mnie na tapecie. Zapewne dlatego, \u017ce ta moja kochana\u2026Cholera od zawsze siedzia\u0142a na tronie i dar\u0142a g\u0119bulk\u0119. <br>Tak to. Ale to i dobrze i ja czuj\u0119 i mog\u0119 powiedzie\u0107 z rado\u015bci\u0105<br> jak ten krecik z czeskiej bajki: to je fajneee.<br><br><\/p>\n\n\n\n<figure class=\"wp-block-image size-large\"><img loading=\"lazy\" decoding=\"async\" width=\"605\" height=\"1024\" src=\"http:\/\/elsieart.pl\/wp-content\/uploads\/2025\/05\/IMG_6782-605x1024.jpeg\" alt=\"\" class=\"wp-image-1509\" srcset=\"https:\/\/elsieart.pl\/wp-content\/uploads\/2025\/05\/IMG_6782-605x1024.jpeg 605w, https:\/\/elsieart.pl\/wp-content\/uploads\/2025\/05\/IMG_6782-177x300.jpeg 177w, https:\/\/elsieart.pl\/wp-content\/uploads\/2025\/05\/IMG_6782.jpeg 720w\" sizes=\"auto, (max-width: 605px) 100vw, 605px\" \/><figcaption class=\"wp-element-caption\">fot.Internet <\/figcaption><\/figure>\n","protected":false},"excerpt":{"rendered":"<p>Szacunek\u2026do w\u0142asnego cia\u0142a. Do tego naczynia, w kt\u00f3rym do\u015bwiadcza dusza. Czasem si\u0119 zastanawiam, co czuje dusza, gdy si\u0119 nie dzia\u0142a w zgodzie z ni\u0105. Czuj\u0119, \u017ce si\u0119 po prostu odcina. Gdy nast\u0119puje dzia\u0142anie z ego, jedynie z potrzeb Ni\u017cszego Ja, bo ono ma swoje potrzeby, oczywi\u015bcie. Tak jak pilnuje, abym si\u0119 napi\u0142a wody, zjad\u0142a, zasn\u0119\u0142a, &hellip; <\/p>\n<p class=\"link-more\"><a href=\"https:\/\/elsieart.pl\/?p=1508\" class=\"more-link\">Czytaj dalej<span class=\"screen-reader-text\"> \u201eCiemno\u015b\u0107&#8230;widz\u0119 ciemno\u015b\u0107 \ud83d\ude0b\u201d<\/span><\/a><\/p>\n","protected":false},"author":1,"featured_media":0,"comment_status":"open","ping_status":"open","sticky":false,"template":"","format":"standard","meta":{"footnotes":""},"categories":[5],"tags":[],"class_list":["post-1508","post","type-post","status-publish","format-standard","hentry","category-moja-droga-do-milosci"],"yoast_head":"<!-- This site is optimized with the Yoast SEO plugin v28.0 - https:\/\/yoast.com\/product\/yoast-seo-wordpress\/ -->\n<title>Ciemno\u015b\u0107...widz\u0119 ciemno\u015b\u0107 \ud83d\ude0b - NA\u2764NA...art czyli sztuka \u017bycia Dusz\u0105<\/title>\n<meta name=\"robots\" content=\"index, follow, max-snippet:-1, max-image-preview:large, max-video-preview:-1\" \/>\n<link rel=\"canonical\" href=\"https:\/\/elsieart.pl\/?p=1508\" \/>\n<meta property=\"og:locale\" content=\"pl_PL\" \/>\n<meta property=\"og:type\" content=\"article\" \/>\n<meta property=\"og:title\" content=\"Ciemno\u015b\u0107...widz\u0119 ciemno\u015b\u0107 \ud83d\ude0b - NA\u2764NA...art czyli sztuka \u017bycia Dusz\u0105\" \/>\n<meta property=\"og:description\" content=\"Szacunek\u2026do w\u0142asnego cia\u0142a. Do tego naczynia, w kt\u00f3rym do\u015bwiadcza dusza. Czasem si\u0119 zastanawiam, co czuje dusza, gdy si\u0119 nie dzia\u0142a w zgodzie z ni\u0105. Czuj\u0119, \u017ce si\u0119 po prostu odcina. Gdy nast\u0119puje dzia\u0142anie z ego, jedynie z potrzeb Ni\u017cszego Ja, bo ono ma swoje potrzeby, oczywi\u015bcie. Tak jak pilnuje, abym si\u0119 napi\u0142a wody, zjad\u0142a, zasn\u0119\u0142a, &hellip; Czytaj dalej \u201eCiemno\u015b\u0107&#8230;widz\u0119 ciemno\u015b\u0107 \ud83d\ude0b\u201d\" \/>\n<meta property=\"og:url\" content=\"https:\/\/elsieart.pl\/?p=1508\" \/>\n<meta property=\"og:site_name\" content=\"NA\u2764NA...art czyli sztuka \u017bycia Dusz\u0105\" \/>\n<meta property=\"article:published_time\" content=\"2025-05-18T17:19:01+00:00\" \/>\n<meta property=\"article:modified_time\" content=\"2025-05-19T20:01:10+00:00\" \/>\n<meta property=\"og:image\" content=\"https:\/\/elsieart.pl\/wp-content\/uploads\/2025\/05\/IMG_6782.jpeg\" \/>\n\t<meta property=\"og:image:width\" content=\"720\" \/>\n\t<meta property=\"og:image:height\" content=\"1219\" \/>\n\t<meta property=\"og:image:type\" content=\"image\/jpeg\" \/>\n<meta name=\"author\" content=\"Anna Krajewska\" \/>\n<meta name=\"twitter:card\" content=\"summary_large_image\" \/>\n<meta name=\"twitter:label1\" content=\"Napisane przez\" \/>\n\t<meta name=\"twitter:data1\" content=\"Anna Krajewska\" \/>\n\t<meta name=\"twitter:label2\" content=\"Szacowany czas czytania\" \/>\n\t<meta name=\"twitter:data2\" content=\"3 minuty\" \/>\n<script type=\"application\/ld+json\" class=\"yoast-schema-graph\">{\"@context\":\"https:\\\/\\\/schema.org\",\"@graph\":[{\"@type\":\"Article\",\"@id\":\"https:\\\/\\\/elsieart.pl\\\/?p=1508#article\",\"isPartOf\":{\"@id\":\"https:\\\/\\\/elsieart.pl\\\/?p=1508\"},\"author\":{\"name\":\"Anna Krajewska\",\"@id\":\"https:\\\/\\\/elsieart.pl\\\/#\\\/schema\\\/person\\\/818eb3c3d8144ede1c78eaca1156f3a3\"},\"headline\":\"Ciemno\u015b\u0107&#8230;widz\u0119 ciemno\u015b\u0107 \ud83d\ude0b\",\"datePublished\":\"2025-05-18T17:19:01+00:00\",\"dateModified\":\"2025-05-19T20:01:10+00:00\",\"mainEntityOfPage\":{\"@id\":\"https:\\\/\\\/elsieart.pl\\\/?p=1508\"},\"wordCount\":530,\"commentCount\":0,\"image\":{\"@id\":\"https:\\\/\\\/elsieart.pl\\\/?p=1508#primaryimage\"},\"thumbnailUrl\":\"http:\\\/\\\/elsieart.pl\\\/wp-content\\\/uploads\\\/2025\\\/05\\\/IMG_6782-605x1024.jpeg\",\"articleSection\":[\"Moja Droga do Mi\u0142o\u015bci\"],\"inLanguage\":\"pl-PL\",\"potentialAction\":[{\"@type\":\"CommentAction\",\"name\":\"Comment\",\"target\":[\"https:\\\/\\\/elsieart.pl\\\/?p=1508#respond\"]}]},{\"@type\":\"WebPage\",\"@id\":\"https:\\\/\\\/elsieart.pl\\\/?p=1508\",\"url\":\"https:\\\/\\\/elsieart.pl\\\/?p=1508\",\"name\":\"Ciemno\u015b\u0107...widz\u0119 ciemno\u015b\u0107 \ud83d\ude0b - NA\u2764NA...art czyli sztuka \u017bycia Dusz\u0105\",\"isPartOf\":{\"@id\":\"https:\\\/\\\/elsieart.pl\\\/#website\"},\"primaryImageOfPage\":{\"@id\":\"https:\\\/\\\/elsieart.pl\\\/?p=1508#primaryimage\"},\"image\":{\"@id\":\"https:\\\/\\\/elsieart.pl\\\/?p=1508#primaryimage\"},\"thumbnailUrl\":\"http:\\\/\\\/elsieart.pl\\\/wp-content\\\/uploads\\\/2025\\\/05\\\/IMG_6782-605x1024.jpeg\",\"datePublished\":\"2025-05-18T17:19:01+00:00\",\"dateModified\":\"2025-05-19T20:01:10+00:00\",\"author\":{\"@id\":\"https:\\\/\\\/elsieart.pl\\\/#\\\/schema\\\/person\\\/818eb3c3d8144ede1c78eaca1156f3a3\"},\"breadcrumb\":{\"@id\":\"https:\\\/\\\/elsieart.pl\\\/?p=1508#breadcrumb\"},\"inLanguage\":\"pl-PL\",\"potentialAction\":[{\"@type\":\"ReadAction\",\"target\":[\"https:\\\/\\\/elsieart.pl\\\/?p=1508\"]}]},{\"@type\":\"ImageObject\",\"inLanguage\":\"pl-PL\",\"@id\":\"https:\\\/\\\/elsieart.pl\\\/?p=1508#primaryimage\",\"url\":\"https:\\\/\\\/elsieart.pl\\\/wp-content\\\/uploads\\\/2025\\\/05\\\/IMG_6782.jpeg\",\"contentUrl\":\"https:\\\/\\\/elsieart.pl\\\/wp-content\\\/uploads\\\/2025\\\/05\\\/IMG_6782.jpeg\",\"width\":720,\"height\":1219},{\"@type\":\"BreadcrumbList\",\"@id\":\"https:\\\/\\\/elsieart.pl\\\/?p=1508#breadcrumb\",\"itemListElement\":[{\"@type\":\"ListItem\",\"position\":1,\"name\":\"Strona g\u0142\u00f3wna\",\"item\":\"https:\\\/\\\/elsieart.pl\\\/\"},{\"@type\":\"ListItem\",\"position\":2,\"name\":\"Ciemno\u015b\u0107&#8230;widz\u0119 ciemno\u015b\u0107 \ud83d\ude0b\"}]},{\"@type\":\"WebSite\",\"@id\":\"https:\\\/\\\/elsieart.pl\\\/#website\",\"url\":\"https:\\\/\\\/elsieart.pl\\\/\",\"name\":\"NA\u2764NA...art czyli sztuka \u017bycia Dusz\u0105\",\"description\":\"Anna Krajewska | Gdzie ludzkie spotyka si\u0119 z boskim\",\"potentialAction\":[{\"@type\":\"SearchAction\",\"target\":{\"@type\":\"EntryPoint\",\"urlTemplate\":\"https:\\\/\\\/elsieart.pl\\\/?s={search_term_string}\"},\"query-input\":{\"@type\":\"PropertyValueSpecification\",\"valueRequired\":true,\"valueName\":\"search_term_string\"}}],\"inLanguage\":\"pl-PL\"},{\"@type\":\"Person\",\"@id\":\"https:\\\/\\\/elsieart.pl\\\/#\\\/schema\\\/person\\\/818eb3c3d8144ede1c78eaca1156f3a3\",\"name\":\"Anna Krajewska\",\"image\":{\"@type\":\"ImageObject\",\"inLanguage\":\"pl-PL\",\"@id\":\"https:\\\/\\\/secure.gravatar.com\\\/avatar\\\/f8702c146031dc3a604b2968503f6b5a36ce29db33ea2369631cf1e9129f349d?s=96&d=mm&r=g\",\"url\":\"https:\\\/\\\/secure.gravatar.com\\\/avatar\\\/f8702c146031dc3a604b2968503f6b5a36ce29db33ea2369631cf1e9129f349d?s=96&d=mm&r=g\",\"contentUrl\":\"https:\\\/\\\/secure.gravatar.com\\\/avatar\\\/f8702c146031dc3a604b2968503f6b5a36ce29db33ea2369631cf1e9129f349d?s=96&d=mm&r=g\",\"caption\":\"Anna Krajewska\"},\"sameAs\":[\"https:\\\/\\\/elsieart.pl\"],\"url\":\"https:\\\/\\\/elsieart.pl\\\/?author=1\"}]}<\/script>\n<!-- \/ Yoast SEO plugin. -->","yoast_head_json":{"title":"Ciemno\u015b\u0107...widz\u0119 ciemno\u015b\u0107 \ud83d\ude0b - NA\u2764NA...art czyli sztuka \u017bycia Dusz\u0105","robots":{"index":"index","follow":"follow","max-snippet":"max-snippet:-1","max-image-preview":"max-image-preview:large","max-video-preview":"max-video-preview:-1"},"canonical":"https:\/\/elsieart.pl\/?p=1508","og_locale":"pl_PL","og_type":"article","og_title":"Ciemno\u015b\u0107...widz\u0119 ciemno\u015b\u0107 \ud83d\ude0b - NA\u2764NA...art czyli sztuka \u017bycia Dusz\u0105","og_description":"Szacunek\u2026do w\u0142asnego cia\u0142a. Do tego naczynia, w kt\u00f3rym do\u015bwiadcza dusza. Czasem si\u0119 zastanawiam, co czuje dusza, gdy si\u0119 nie dzia\u0142a w zgodzie z ni\u0105. Czuj\u0119, \u017ce si\u0119 po prostu odcina. Gdy nast\u0119puje dzia\u0142anie z ego, jedynie z potrzeb Ni\u017cszego Ja, bo ono ma swoje potrzeby, oczywi\u015bcie. Tak jak pilnuje, abym si\u0119 napi\u0142a wody, zjad\u0142a, zasn\u0119\u0142a, &hellip; Czytaj dalej \u201eCiemno\u015b\u0107&#8230;widz\u0119 ciemno\u015b\u0107 \ud83d\ude0b\u201d","og_url":"https:\/\/elsieart.pl\/?p=1508","og_site_name":"NA\u2764NA...art czyli sztuka \u017bycia Dusz\u0105","article_published_time":"2025-05-18T17:19:01+00:00","article_modified_time":"2025-05-19T20:01:10+00:00","og_image":[{"width":720,"height":1219,"url":"https:\/\/elsieart.pl\/wp-content\/uploads\/2025\/05\/IMG_6782.jpeg","type":"image\/jpeg"}],"author":"Anna Krajewska","twitter_card":"summary_large_image","twitter_misc":{"Napisane przez":"Anna Krajewska","Szacowany czas czytania":"3 minuty"},"schema":{"@context":"https:\/\/schema.org","@graph":[{"@type":"Article","@id":"https:\/\/elsieart.pl\/?p=1508#article","isPartOf":{"@id":"https:\/\/elsieart.pl\/?p=1508"},"author":{"name":"Anna Krajewska","@id":"https:\/\/elsieart.pl\/#\/schema\/person\/818eb3c3d8144ede1c78eaca1156f3a3"},"headline":"Ciemno\u015b\u0107&#8230;widz\u0119 ciemno\u015b\u0107 \ud83d\ude0b","datePublished":"2025-05-18T17:19:01+00:00","dateModified":"2025-05-19T20:01:10+00:00","mainEntityOfPage":{"@id":"https:\/\/elsieart.pl\/?p=1508"},"wordCount":530,"commentCount":0,"image":{"@id":"https:\/\/elsieart.pl\/?p=1508#primaryimage"},"thumbnailUrl":"http:\/\/elsieart.pl\/wp-content\/uploads\/2025\/05\/IMG_6782-605x1024.jpeg","articleSection":["Moja Droga do Mi\u0142o\u015bci"],"inLanguage":"pl-PL","potentialAction":[{"@type":"CommentAction","name":"Comment","target":["https:\/\/elsieart.pl\/?p=1508#respond"]}]},{"@type":"WebPage","@id":"https:\/\/elsieart.pl\/?p=1508","url":"https:\/\/elsieart.pl\/?p=1508","name":"Ciemno\u015b\u0107...widz\u0119 ciemno\u015b\u0107 \ud83d\ude0b - NA\u2764NA...art czyli sztuka \u017bycia Dusz\u0105","isPartOf":{"@id":"https:\/\/elsieart.pl\/#website"},"primaryImageOfPage":{"@id":"https:\/\/elsieart.pl\/?p=1508#primaryimage"},"image":{"@id":"https:\/\/elsieart.pl\/?p=1508#primaryimage"},"thumbnailUrl":"http:\/\/elsieart.pl\/wp-content\/uploads\/2025\/05\/IMG_6782-605x1024.jpeg","datePublished":"2025-05-18T17:19:01+00:00","dateModified":"2025-05-19T20:01:10+00:00","author":{"@id":"https:\/\/elsieart.pl\/#\/schema\/person\/818eb3c3d8144ede1c78eaca1156f3a3"},"breadcrumb":{"@id":"https:\/\/elsieart.pl\/?p=1508#breadcrumb"},"inLanguage":"pl-PL","potentialAction":[{"@type":"ReadAction","target":["https:\/\/elsieart.pl\/?p=1508"]}]},{"@type":"ImageObject","inLanguage":"pl-PL","@id":"https:\/\/elsieart.pl\/?p=1508#primaryimage","url":"https:\/\/elsieart.pl\/wp-content\/uploads\/2025\/05\/IMG_6782.jpeg","contentUrl":"https:\/\/elsieart.pl\/wp-content\/uploads\/2025\/05\/IMG_6782.jpeg","width":720,"height":1219},{"@type":"BreadcrumbList","@id":"https:\/\/elsieart.pl\/?p=1508#breadcrumb","itemListElement":[{"@type":"ListItem","position":1,"name":"Strona g\u0142\u00f3wna","item":"https:\/\/elsieart.pl\/"},{"@type":"ListItem","position":2,"name":"Ciemno\u015b\u0107&#8230;widz\u0119 ciemno\u015b\u0107 \ud83d\ude0b"}]},{"@type":"WebSite","@id":"https:\/\/elsieart.pl\/#website","url":"https:\/\/elsieart.pl\/","name":"NA\u2764NA...art czyli sztuka \u017bycia Dusz\u0105","description":"Anna Krajewska | Gdzie ludzkie spotyka si\u0119 z boskim","potentialAction":[{"@type":"SearchAction","target":{"@type":"EntryPoint","urlTemplate":"https:\/\/elsieart.pl\/?s={search_term_string}"},"query-input":{"@type":"PropertyValueSpecification","valueRequired":true,"valueName":"search_term_string"}}],"inLanguage":"pl-PL"},{"@type":"Person","@id":"https:\/\/elsieart.pl\/#\/schema\/person\/818eb3c3d8144ede1c78eaca1156f3a3","name":"Anna Krajewska","image":{"@type":"ImageObject","inLanguage":"pl-PL","@id":"https:\/\/secure.gravatar.com\/avatar\/f8702c146031dc3a604b2968503f6b5a36ce29db33ea2369631cf1e9129f349d?s=96&d=mm&r=g","url":"https:\/\/secure.gravatar.com\/avatar\/f8702c146031dc3a604b2968503f6b5a36ce29db33ea2369631cf1e9129f349d?s=96&d=mm&r=g","contentUrl":"https:\/\/secure.gravatar.com\/avatar\/f8702c146031dc3a604b2968503f6b5a36ce29db33ea2369631cf1e9129f349d?s=96&d=mm&r=g","caption":"Anna Krajewska"},"sameAs":["https:\/\/elsieart.pl"],"url":"https:\/\/elsieart.pl\/?author=1"}]}},"_links":{"self":[{"href":"https:\/\/elsieart.pl\/index.php?rest_route=\/wp\/v2\/posts\/1508","targetHints":{"allow":["GET"]}}],"collection":[{"href":"https:\/\/elsieart.pl\/index.php?rest_route=\/wp\/v2\/posts"}],"about":[{"href":"https:\/\/elsieart.pl\/index.php?rest_route=\/wp\/v2\/types\/post"}],"author":[{"embeddable":true,"href":"https:\/\/elsieart.pl\/index.php?rest_route=\/wp\/v2\/users\/1"}],"replies":[{"embeddable":true,"href":"https:\/\/elsieart.pl\/index.php?rest_route=%2Fwp%2Fv2%2Fcomments&post=1508"}],"version-history":[{"count":8,"href":"https:\/\/elsieart.pl\/index.php?rest_route=\/wp\/v2\/posts\/1508\/revisions"}],"predecessor-version":[{"id":1523,"href":"https:\/\/elsieart.pl\/index.php?rest_route=\/wp\/v2\/posts\/1508\/revisions\/1523"}],"wp:attachment":[{"href":"https:\/\/elsieart.pl\/index.php?rest_route=%2Fwp%2Fv2%2Fmedia&parent=1508"}],"wp:term":[{"taxonomy":"category","embeddable":true,"href":"https:\/\/elsieart.pl\/index.php?rest_route=%2Fwp%2Fv2%2Fcategories&post=1508"},{"taxonomy":"post_tag","embeddable":true,"href":"https:\/\/elsieart.pl\/index.php?rest_route=%2Fwp%2Fv2%2Ftags&post=1508"}],"curies":[{"name":"wp","href":"https:\/\/api.w.org\/{rel}","templated":true}]}}