{"id":1498,"date":"2025-05-18T04:17:20","date_gmt":"2025-05-18T02:17:20","guid":{"rendered":"https:\/\/elsieart.pl\/?p=1498"},"modified":"2025-05-18T04:23:54","modified_gmt":"2025-05-18T02:23:54","slug":"czwarta-nad-ranem","status":"publish","type":"post","link":"https:\/\/elsieart.pl\/?p=1498","title":{"rendered":"Czwarta nad ranem\u2026"},"content":{"rendered":"\n<p class=\"wp-block-paragraph\">mo\u017ce sen przyjdzie, mo\u017ce mnie odwiedzisz\u2026<\/p>\n\n\n\n<p class=\"wp-block-paragraph\">Myszkowski \u015bpiewa\u0142. A ja sobie s\u0142ucham duszy\u2026<br>o tym, gdy daj\u0119 to, co we mnie najpi\u0119kniejsze.<\/p>\n\n\n\n<p class=\"wp-block-paragraph\">Zawsze mog\u0119\u2026<\/p>\n\n\n\n<p class=\"wp-block-paragraph\">nie ma niczego bardziej karmi\u0105cego ni\u017c to, <br>gdy mo\u017cesz podzieli\u0107 si\u0119, obdarowa\u0107 tym, co nosisz w sobie, <br>co urzeczywistnione, po prostu p\u0142ynie\u2026w lekko\u015bci i z rado\u015bci\u0105\u2026<br>energi\u0119 serca, \u015bwiadomo\u015b\u0107, naturalno\u015b\u0107, czu\u0142o\u015b\u0107, obecno\u015b\u0107.<\/p>\n\n\n\n<p class=\"wp-block-paragraph\">I to jest.\u00a0<br>I jest cudowne.<\/p>\n\n\n\n<p class=\"wp-block-paragraph\">Ale musz\u0119 nauczy\u0107 si\u0119 rozpoznawa\u0107.<\/p>\n\n\n\n<p class=\"wp-block-paragraph\">Bo nie tylko dar nieprzyj\u0119ty boli, <br>bo dar wzi\u0119ty jakby by\u0142 byle czym i rzucony w k\u0105t\u2026rani.\u00a0<\/p>\n\n\n\n<p class=\"wp-block-paragraph\">Musisz\u2026nauczy\u0107 si\u0119 rozpoznawa\u0107.<\/p>\n\n\n\n<p class=\"wp-block-paragraph\">Czasem z rado\u015bci\u0105 wybieramy, najpierw d\u0142ugo szukaj\u0105c, <br>dbaj\u0105c o to, aby by\u0142 jak najbardziej trafny, aby ucieszy\u0142, <br>wywo\u0142a\u0142 niezaprzeczaln\u0105 rado\u015b\u0107, nie zwa\u017caj\u0105c na cen\u0119 <br>i tw\u00f3j czas potrzebny na jego znalezienie, kt\u00f3ry po\u015bwi\u0119ci\u0142e\u015b&#8230;<br>i kt\u00f3rego nikt ci nie zwr\u00f3ci.\u00a0<\/p>\n\n\n\n<p class=\"wp-block-paragraph\">Czas naszego \u017cycia, <br>to jedna z najcenniejszych warto\u015bci, niezaprzeczalnie. <br>Czas jest te\u017c czym\u015b najwa\u017cniejszym, czym mo\u017cesz obdarowa\u0107 innych.<\/p>\n\n\n\n<p class=\"wp-block-paragraph\">Bywa jednak, \u017ce\u00a0\u00a0to nie mia\u0142o najmniejszego znaczenia. <br>\u017be przyszed\u0142e\u015b na przyj\u0119cie\u2026tylko jako jeden z wielu go\u015bci, <br>tylko po to, aby zape\u0142ni\u0107\u2026puste miejsca przy stole\u2026tylko \u017ceby to \u2026wygl\u0105da\u0142o.\u00a0<\/p>\n\n\n\n<p class=\"wp-block-paragraph\">Nie ka\u017cdy te\u017c\u00a0\u00a0jest otwarty na przyj\u0119cie, niekt\u00f3rzy czuj\u0105 si\u0119 wr\u0119cz nieswojo przyjmuj\u0105c. Nauka przyjmowania jest sztuk\u0105, wbrew pozorom wcale nie\u2026\u0142atw\u0105. <br>Jak cz\u0119sto chcemy, ale nie potrafimy przyj\u0105\u0107?\u00a0<\/p>\n\n\n\n<p class=\"wp-block-paragraph\">Ja kiedy\u015b nie potrafi\u0142am. <br>I uczy\u0142am si\u0119 tego po prostu, raz za razem przygl\u0105daj\u0105c si\u0119 sobie <br>i pytaj\u0105c: co we mnie wierzy, \u017ce nie zas\u0142uguj\u0119? <br>A innym razem: kto nauczy\u0142 mnie, \u017ce musz\u0119 zas\u0142u\u017cy\u0107? <br>Kto wmawia\u0142 mi, \u017ce musz\u0119 si\u0119 stara\u0107, zamiast by\u0107 sob\u0105?<\/p>\n\n\n\n<p class=\"wp-block-paragraph\">Musisz nauczy\u0107 si\u0119 rozpoznawa\u0107.<\/p>\n\n\n\n<p class=\"wp-block-paragraph\">A cz\u0119sto nie chcemy\u2026<br>widzie\u0107.<\/p>\n\n\n\n<p class=\"wp-block-paragraph\">Najpierw mamy pragnienia. <br>Ale tu\u017c zaraz\u2026tu\u017c zaraz za nimi kroczy najwa\u017cniejsze\u2026czy umiem przyj\u0105\u0107? <br>I dopiero po tym spe\u0142nienie marzenia dokonuje si\u0119 w pe\u0142ni.\u00a0<\/p>\n\n\n\n<p class=\"wp-block-paragraph\">\u017bycie rzuca prezenty pod nogi, <br>jeden, drugi, trzeci\u2026ale czy umiesz przyj\u0105\u0107? <br>Czy schylisz si\u0119 i podniesiesz? <br>Czy chwytasz w d\u0142onie?<br><br><\/p>\n\n\n\n<figure class=\"wp-block-image size-full\"><img loading=\"lazy\" decoding=\"async\" width=\"960\" height=\"850\" src=\"http:\/\/elsieart.pl\/wp-content\/uploads\/2025\/05\/IMG_4508.jpeg\" alt=\"\" class=\"wp-image-1499\" srcset=\"https:\/\/elsieart.pl\/wp-content\/uploads\/2025\/05\/IMG_4508.jpeg 960w, https:\/\/elsieart.pl\/wp-content\/uploads\/2025\/05\/IMG_4508-300x266.jpeg 300w, https:\/\/elsieart.pl\/wp-content\/uploads\/2025\/05\/IMG_4508-768x680.jpeg 768w\" sizes=\"auto, (max-width: 767px) 89vw, (max-width: 1000px) 54vw, (max-width: 1071px) 543px, 580px\" \/><figcaption class=\"wp-element-caption\">fot.Internet <\/figcaption><\/figure>\n","protected":false},"excerpt":{"rendered":"<p>mo\u017ce sen przyjdzie, mo\u017ce mnie odwiedzisz\u2026 Myszkowski \u015bpiewa\u0142. A ja sobie s\u0142ucham duszy\u2026o tym, gdy daj\u0119 to, co we mnie najpi\u0119kniejsze. Zawsze mog\u0119\u2026 nie ma niczego bardziej karmi\u0105cego ni\u017c to, gdy mo\u017cesz podzieli\u0107 si\u0119, obdarowa\u0107 tym, co nosisz w sobie, co urzeczywistnione, po prostu p\u0142ynie\u2026w lekko\u015bci i z rado\u015bci\u0105\u2026energi\u0119 serca, \u015bwiadomo\u015b\u0107, naturalno\u015b\u0107, czu\u0142o\u015b\u0107, obecno\u015b\u0107. I &hellip; <\/p>\n<p class=\"link-more\"><a href=\"https:\/\/elsieart.pl\/?p=1498\" class=\"more-link\">Czytaj dalej<span class=\"screen-reader-text\"> \u201eCzwarta nad ranem\u2026\u201d<\/span><\/a><\/p>\n","protected":false},"author":1,"featured_media":0,"comment_status":"closed","ping_status":"open","sticky":false,"template":"","format":"standard","meta":{"footnotes":""},"categories":[5],"tags":[],"class_list":["post-1498","post","type-post","status-publish","format-standard","hentry","category-moja-droga-do-milosci"],"yoast_head":"<!-- This site is optimized with the Yoast SEO plugin v28.0 - https:\/\/yoast.com\/product\/yoast-seo-wordpress\/ -->\n<title>Czwarta nad ranem\u2026 - NA\u2764NA...art czyli sztuka \u017bycia Dusz\u0105<\/title>\n<meta name=\"robots\" content=\"index, follow, max-snippet:-1, max-image-preview:large, max-video-preview:-1\" \/>\n<link rel=\"canonical\" href=\"https:\/\/elsieart.pl\/?p=1498\" \/>\n<meta property=\"og:locale\" content=\"pl_PL\" \/>\n<meta property=\"og:type\" content=\"article\" \/>\n<meta property=\"og:title\" content=\"Czwarta nad ranem\u2026 - NA\u2764NA...art czyli sztuka \u017bycia Dusz\u0105\" \/>\n<meta property=\"og:description\" content=\"mo\u017ce sen przyjdzie, mo\u017ce mnie odwiedzisz\u2026 Myszkowski \u015bpiewa\u0142. A ja sobie s\u0142ucham duszy\u2026o tym, gdy daj\u0119 to, co we mnie najpi\u0119kniejsze. Zawsze mog\u0119\u2026 nie ma niczego bardziej karmi\u0105cego ni\u017c to, gdy mo\u017cesz podzieli\u0107 si\u0119, obdarowa\u0107 tym, co nosisz w sobie, co urzeczywistnione, po prostu p\u0142ynie\u2026w lekko\u015bci i z rado\u015bci\u0105\u2026energi\u0119 serca, \u015bwiadomo\u015b\u0107, naturalno\u015b\u0107, czu\u0142o\u015b\u0107, obecno\u015b\u0107. I &hellip; Czytaj dalej \u201eCzwarta nad ranem\u2026\u201d\" \/>\n<meta property=\"og:url\" content=\"https:\/\/elsieart.pl\/?p=1498\" \/>\n<meta property=\"og:site_name\" content=\"NA\u2764NA...art czyli sztuka \u017bycia Dusz\u0105\" \/>\n<meta property=\"article:published_time\" content=\"2025-05-18T02:17:20+00:00\" \/>\n<meta property=\"article:modified_time\" content=\"2025-05-18T02:23:54+00:00\" \/>\n<meta property=\"og:image\" content=\"https:\/\/elsieart.pl\/wp-content\/uploads\/2025\/05\/IMG_4508.jpeg\" \/>\n\t<meta property=\"og:image:width\" content=\"960\" \/>\n\t<meta property=\"og:image:height\" content=\"850\" \/>\n\t<meta property=\"og:image:type\" content=\"image\/jpeg\" \/>\n<meta name=\"author\" content=\"Anna Krajewska\" \/>\n<meta name=\"twitter:card\" content=\"summary_large_image\" \/>\n<meta name=\"twitter:label1\" content=\"Napisane przez\" \/>\n\t<meta name=\"twitter:data1\" content=\"Anna Krajewska\" \/>\n\t<meta name=\"twitter:label2\" content=\"Szacowany czas czytania\" \/>\n\t<meta name=\"twitter:data2\" content=\"2 minuty\" \/>\n<script type=\"application\/ld+json\" class=\"yoast-schema-graph\">{\"@context\":\"https:\\\/\\\/schema.org\",\"@graph\":[{\"@type\":\"Article\",\"@id\":\"https:\\\/\\\/elsieart.pl\\\/?p=1498#article\",\"isPartOf\":{\"@id\":\"https:\\\/\\\/elsieart.pl\\\/?p=1498\"},\"author\":{\"name\":\"Anna Krajewska\",\"@id\":\"https:\\\/\\\/elsieart.pl\\\/#\\\/schema\\\/person\\\/818eb3c3d8144ede1c78eaca1156f3a3\"},\"headline\":\"Czwarta nad ranem\u2026\",\"datePublished\":\"2025-05-18T02:17:20+00:00\",\"dateModified\":\"2025-05-18T02:23:54+00:00\",\"mainEntityOfPage\":{\"@id\":\"https:\\\/\\\/elsieart.pl\\\/?p=1498\"},\"wordCount\":367,\"image\":{\"@id\":\"https:\\\/\\\/elsieart.pl\\\/?p=1498#primaryimage\"},\"thumbnailUrl\":\"http:\\\/\\\/elsieart.pl\\\/wp-content\\\/uploads\\\/2025\\\/05\\\/IMG_4508.jpeg\",\"articleSection\":[\"Moja Droga do Mi\u0142o\u015bci\"],\"inLanguage\":\"pl-PL\"},{\"@type\":\"WebPage\",\"@id\":\"https:\\\/\\\/elsieart.pl\\\/?p=1498\",\"url\":\"https:\\\/\\\/elsieart.pl\\\/?p=1498\",\"name\":\"Czwarta nad ranem\u2026 - NA\u2764NA...art czyli sztuka \u017bycia Dusz\u0105\",\"isPartOf\":{\"@id\":\"https:\\\/\\\/elsieart.pl\\\/#website\"},\"primaryImageOfPage\":{\"@id\":\"https:\\\/\\\/elsieart.pl\\\/?p=1498#primaryimage\"},\"image\":{\"@id\":\"https:\\\/\\\/elsieart.pl\\\/?p=1498#primaryimage\"},\"thumbnailUrl\":\"http:\\\/\\\/elsieart.pl\\\/wp-content\\\/uploads\\\/2025\\\/05\\\/IMG_4508.jpeg\",\"datePublished\":\"2025-05-18T02:17:20+00:00\",\"dateModified\":\"2025-05-18T02:23:54+00:00\",\"author\":{\"@id\":\"https:\\\/\\\/elsieart.pl\\\/#\\\/schema\\\/person\\\/818eb3c3d8144ede1c78eaca1156f3a3\"},\"breadcrumb\":{\"@id\":\"https:\\\/\\\/elsieart.pl\\\/?p=1498#breadcrumb\"},\"inLanguage\":\"pl-PL\",\"potentialAction\":[{\"@type\":\"ReadAction\",\"target\":[\"https:\\\/\\\/elsieart.pl\\\/?p=1498\"]}]},{\"@type\":\"ImageObject\",\"inLanguage\":\"pl-PL\",\"@id\":\"https:\\\/\\\/elsieart.pl\\\/?p=1498#primaryimage\",\"url\":\"https:\\\/\\\/elsieart.pl\\\/wp-content\\\/uploads\\\/2025\\\/05\\\/IMG_4508.jpeg\",\"contentUrl\":\"https:\\\/\\\/elsieart.pl\\\/wp-content\\\/uploads\\\/2025\\\/05\\\/IMG_4508.jpeg\",\"width\":960,\"height\":850},{\"@type\":\"BreadcrumbList\",\"@id\":\"https:\\\/\\\/elsieart.pl\\\/?p=1498#breadcrumb\",\"itemListElement\":[{\"@type\":\"ListItem\",\"position\":1,\"name\":\"Strona g\u0142\u00f3wna\",\"item\":\"https:\\\/\\\/elsieart.pl\\\/\"},{\"@type\":\"ListItem\",\"position\":2,\"name\":\"Czwarta nad ranem\u2026\"}]},{\"@type\":\"WebSite\",\"@id\":\"https:\\\/\\\/elsieart.pl\\\/#website\",\"url\":\"https:\\\/\\\/elsieart.pl\\\/\",\"name\":\"NA\u2764NA...art czyli sztuka \u017bycia Dusz\u0105\",\"description\":\"Anna Krajewska | Gdzie ludzkie spotyka si\u0119 z boskim\",\"potentialAction\":[{\"@type\":\"SearchAction\",\"target\":{\"@type\":\"EntryPoint\",\"urlTemplate\":\"https:\\\/\\\/elsieart.pl\\\/?s={search_term_string}\"},\"query-input\":{\"@type\":\"PropertyValueSpecification\",\"valueRequired\":true,\"valueName\":\"search_term_string\"}}],\"inLanguage\":\"pl-PL\"},{\"@type\":\"Person\",\"@id\":\"https:\\\/\\\/elsieart.pl\\\/#\\\/schema\\\/person\\\/818eb3c3d8144ede1c78eaca1156f3a3\",\"name\":\"Anna Krajewska\",\"image\":{\"@type\":\"ImageObject\",\"inLanguage\":\"pl-PL\",\"@id\":\"https:\\\/\\\/secure.gravatar.com\\\/avatar\\\/f8702c146031dc3a604b2968503f6b5a36ce29db33ea2369631cf1e9129f349d?s=96&d=mm&r=g\",\"url\":\"https:\\\/\\\/secure.gravatar.com\\\/avatar\\\/f8702c146031dc3a604b2968503f6b5a36ce29db33ea2369631cf1e9129f349d?s=96&d=mm&r=g\",\"contentUrl\":\"https:\\\/\\\/secure.gravatar.com\\\/avatar\\\/f8702c146031dc3a604b2968503f6b5a36ce29db33ea2369631cf1e9129f349d?s=96&d=mm&r=g\",\"caption\":\"Anna Krajewska\"},\"sameAs\":[\"https:\\\/\\\/elsieart.pl\"],\"url\":\"https:\\\/\\\/elsieart.pl\\\/?author=1\"}]}<\/script>\n<!-- \/ Yoast SEO plugin. -->","yoast_head_json":{"title":"Czwarta nad ranem\u2026 - NA\u2764NA...art czyli sztuka \u017bycia Dusz\u0105","robots":{"index":"index","follow":"follow","max-snippet":"max-snippet:-1","max-image-preview":"max-image-preview:large","max-video-preview":"max-video-preview:-1"},"canonical":"https:\/\/elsieart.pl\/?p=1498","og_locale":"pl_PL","og_type":"article","og_title":"Czwarta nad ranem\u2026 - NA\u2764NA...art czyli sztuka \u017bycia Dusz\u0105","og_description":"mo\u017ce sen przyjdzie, mo\u017ce mnie odwiedzisz\u2026 Myszkowski \u015bpiewa\u0142. A ja sobie s\u0142ucham duszy\u2026o tym, gdy daj\u0119 to, co we mnie najpi\u0119kniejsze. Zawsze mog\u0119\u2026 nie ma niczego bardziej karmi\u0105cego ni\u017c to, gdy mo\u017cesz podzieli\u0107 si\u0119, obdarowa\u0107 tym, co nosisz w sobie, co urzeczywistnione, po prostu p\u0142ynie\u2026w lekko\u015bci i z rado\u015bci\u0105\u2026energi\u0119 serca, \u015bwiadomo\u015b\u0107, naturalno\u015b\u0107, czu\u0142o\u015b\u0107, obecno\u015b\u0107. I &hellip; Czytaj dalej \u201eCzwarta nad ranem\u2026\u201d","og_url":"https:\/\/elsieart.pl\/?p=1498","og_site_name":"NA\u2764NA...art czyli sztuka \u017bycia Dusz\u0105","article_published_time":"2025-05-18T02:17:20+00:00","article_modified_time":"2025-05-18T02:23:54+00:00","og_image":[{"width":960,"height":850,"url":"https:\/\/elsieart.pl\/wp-content\/uploads\/2025\/05\/IMG_4508.jpeg","type":"image\/jpeg"}],"author":"Anna Krajewska","twitter_card":"summary_large_image","twitter_misc":{"Napisane przez":"Anna Krajewska","Szacowany czas czytania":"2 minuty"},"schema":{"@context":"https:\/\/schema.org","@graph":[{"@type":"Article","@id":"https:\/\/elsieart.pl\/?p=1498#article","isPartOf":{"@id":"https:\/\/elsieart.pl\/?p=1498"},"author":{"name":"Anna Krajewska","@id":"https:\/\/elsieart.pl\/#\/schema\/person\/818eb3c3d8144ede1c78eaca1156f3a3"},"headline":"Czwarta nad ranem\u2026","datePublished":"2025-05-18T02:17:20+00:00","dateModified":"2025-05-18T02:23:54+00:00","mainEntityOfPage":{"@id":"https:\/\/elsieart.pl\/?p=1498"},"wordCount":367,"image":{"@id":"https:\/\/elsieart.pl\/?p=1498#primaryimage"},"thumbnailUrl":"http:\/\/elsieart.pl\/wp-content\/uploads\/2025\/05\/IMG_4508.jpeg","articleSection":["Moja Droga do Mi\u0142o\u015bci"],"inLanguage":"pl-PL"},{"@type":"WebPage","@id":"https:\/\/elsieart.pl\/?p=1498","url":"https:\/\/elsieart.pl\/?p=1498","name":"Czwarta nad ranem\u2026 - NA\u2764NA...art czyli sztuka \u017bycia Dusz\u0105","isPartOf":{"@id":"https:\/\/elsieart.pl\/#website"},"primaryImageOfPage":{"@id":"https:\/\/elsieart.pl\/?p=1498#primaryimage"},"image":{"@id":"https:\/\/elsieart.pl\/?p=1498#primaryimage"},"thumbnailUrl":"http:\/\/elsieart.pl\/wp-content\/uploads\/2025\/05\/IMG_4508.jpeg","datePublished":"2025-05-18T02:17:20+00:00","dateModified":"2025-05-18T02:23:54+00:00","author":{"@id":"https:\/\/elsieart.pl\/#\/schema\/person\/818eb3c3d8144ede1c78eaca1156f3a3"},"breadcrumb":{"@id":"https:\/\/elsieart.pl\/?p=1498#breadcrumb"},"inLanguage":"pl-PL","potentialAction":[{"@type":"ReadAction","target":["https:\/\/elsieart.pl\/?p=1498"]}]},{"@type":"ImageObject","inLanguage":"pl-PL","@id":"https:\/\/elsieart.pl\/?p=1498#primaryimage","url":"https:\/\/elsieart.pl\/wp-content\/uploads\/2025\/05\/IMG_4508.jpeg","contentUrl":"https:\/\/elsieart.pl\/wp-content\/uploads\/2025\/05\/IMG_4508.jpeg","width":960,"height":850},{"@type":"BreadcrumbList","@id":"https:\/\/elsieart.pl\/?p=1498#breadcrumb","itemListElement":[{"@type":"ListItem","position":1,"name":"Strona g\u0142\u00f3wna","item":"https:\/\/elsieart.pl\/"},{"@type":"ListItem","position":2,"name":"Czwarta nad ranem\u2026"}]},{"@type":"WebSite","@id":"https:\/\/elsieart.pl\/#website","url":"https:\/\/elsieart.pl\/","name":"NA\u2764NA...art czyli sztuka \u017bycia Dusz\u0105","description":"Anna Krajewska | Gdzie ludzkie spotyka si\u0119 z boskim","potentialAction":[{"@type":"SearchAction","target":{"@type":"EntryPoint","urlTemplate":"https:\/\/elsieart.pl\/?s={search_term_string}"},"query-input":{"@type":"PropertyValueSpecification","valueRequired":true,"valueName":"search_term_string"}}],"inLanguage":"pl-PL"},{"@type":"Person","@id":"https:\/\/elsieart.pl\/#\/schema\/person\/818eb3c3d8144ede1c78eaca1156f3a3","name":"Anna Krajewska","image":{"@type":"ImageObject","inLanguage":"pl-PL","@id":"https:\/\/secure.gravatar.com\/avatar\/f8702c146031dc3a604b2968503f6b5a36ce29db33ea2369631cf1e9129f349d?s=96&d=mm&r=g","url":"https:\/\/secure.gravatar.com\/avatar\/f8702c146031dc3a604b2968503f6b5a36ce29db33ea2369631cf1e9129f349d?s=96&d=mm&r=g","contentUrl":"https:\/\/secure.gravatar.com\/avatar\/f8702c146031dc3a604b2968503f6b5a36ce29db33ea2369631cf1e9129f349d?s=96&d=mm&r=g","caption":"Anna Krajewska"},"sameAs":["https:\/\/elsieart.pl"],"url":"https:\/\/elsieart.pl\/?author=1"}]}},"_links":{"self":[{"href":"https:\/\/elsieart.pl\/index.php?rest_route=\/wp\/v2\/posts\/1498","targetHints":{"allow":["GET"]}}],"collection":[{"href":"https:\/\/elsieart.pl\/index.php?rest_route=\/wp\/v2\/posts"}],"about":[{"href":"https:\/\/elsieart.pl\/index.php?rest_route=\/wp\/v2\/types\/post"}],"author":[{"embeddable":true,"href":"https:\/\/elsieart.pl\/index.php?rest_route=\/wp\/v2\/users\/1"}],"replies":[{"embeddable":true,"href":"https:\/\/elsieart.pl\/index.php?rest_route=%2Fwp%2Fv2%2Fcomments&post=1498"}],"version-history":[{"count":4,"href":"https:\/\/elsieart.pl\/index.php?rest_route=\/wp\/v2\/posts\/1498\/revisions"}],"predecessor-version":[{"id":1503,"href":"https:\/\/elsieart.pl\/index.php?rest_route=\/wp\/v2\/posts\/1498\/revisions\/1503"}],"wp:attachment":[{"href":"https:\/\/elsieart.pl\/index.php?rest_route=%2Fwp%2Fv2%2Fmedia&parent=1498"}],"wp:term":[{"taxonomy":"category","embeddable":true,"href":"https:\/\/elsieart.pl\/index.php?rest_route=%2Fwp%2Fv2%2Fcategories&post=1498"},{"taxonomy":"post_tag","embeddable":true,"href":"https:\/\/elsieart.pl\/index.php?rest_route=%2Fwp%2Fv2%2Ftags&post=1498"}],"curies":[{"name":"wp","href":"https:\/\/api.w.org\/{rel}","templated":true}]}}