{"id":1457,"date":"2025-05-16T11:06:38","date_gmt":"2025-05-16T09:06:38","guid":{"rendered":"https:\/\/elsieart.pl\/?p=1457"},"modified":"2025-05-16T12:08:09","modified_gmt":"2025-05-16T10:08:09","slug":"1457","status":"publish","type":"post","link":"https:\/\/elsieart.pl\/?p=1457","title":{"rendered":""},"content":{"rendered":"\n<p class=\"wp-block-paragraph\">Nie przychodzimy na ten \u015bwiat ju\u017c doskonali i zrobieni. <br>Ani te\u017c nie mamy od razu na dzie\u0144 dobry idealnych warunk\u00f3w, <br>gdzie dane jest nam wzrasta\u0107 w pe\u0142ni mi\u0142o\u015bci, rado\u015bci i szcz\u0119\u015bliwo\u015bci. <br>Mamy rodzic\u00f3w takich, a nie innych, kt\u00f3rym te\u017c nie by\u0142o dane od razu <br>ciastko z kremem, oni te\u017c zastali, to co my. <br>W nich, tak jak w nas, s\u0105 te ma\u0142e, zranione, nieukochane i niewidziane dzieci. <br>Oni tylko wygl\u0105daj\u0105 na doros\u0142ych, dzieci w doros\u0142ych cia\u0142ach. <br>Zreszt\u0105, kto powiedzia\u0142, \u017ce doros\u0142y wie, \u017ce doros\u0142o\u015b\u0107 to \u015bwiadomo\u015b\u0107, <br>to najcz\u0119\u015bciej totalne z\u0142udzenie.&nbsp;<\/p>\n\n\n\n<p class=\"wp-block-paragraph\">Wi\u0119c na dobr\u0105 spraw\u0119 nie ma do kogo mie\u0107 pretensji. <br>Czemu oni s\u0105 winni? Niczemu. Oni tak jak i my. <br>Dzia\u0142amy tak, jak potrafimy na dan\u0105 chwil\u0119 naszej \u015bwiadomo\u015bci. <br>Nikt nie nauczy\u0142 ich, a oni nie potrafili nauczy\u0107 nas. <br>Ale mo\u017cemy zrobi\u0107 to sami, gdy uwa\u017cnie patrzymy w siebie.<\/p>\n\n\n\n<p class=\"wp-block-paragraph\">Wa\u017cne jest to, kim jeste\u015bmy w tym biegu \u017bycia, <br>co wybieramy dla siebie i dla innych, <br>bo zawsze i we wszystkim s\u0105 dwa bieguny. <br>Ode mnie zale\u017cy, w kt\u00f3r\u0105 stron\u0119 przesun\u0119 m\u00f3j suwak, jak zobacz\u0119, <br>wybior\u0119 i zapami\u0119tam kolejne rozdzia\u0142y mojego \u017bycia. <br>W jakiej pozycji ustawi\u0119 Siebie w tym obrazie rzeczywisto\u015bci. <br>Nawet je\u017celi do\u015bwiadcz\u0119 shitu, to i tak to mnie nie definiuje. <br>Nie definiuje nigdy.&nbsp;<\/p>\n\n\n\n<p class=\"wp-block-paragraph\">Wiem te\u017c, mam \u015bwiadomo\u015b\u0107, \u017ce mog\u0119 wszystko zmieni\u0107, <br>dos\u0142ownie wszystko.&nbsp;<\/p>\n\n\n\n<p class=\"wp-block-paragraph\">Oczywi\u015bcie nie mam udawa\u0107, \u017ce nie do\u015bwiadczy\u0142am badziewia, <br>skoro do\u015bwiadczy\u0142am i to nigdy nie usprawiedliwia nikogo, <br>bo niezale\u017cnie od tego jak si\u0119 nauczy\u0142am, to mam woln\u0105 wol\u0119 <br>i nie musz\u0119 wybiera\u0107 dzia\u0142ania, jakie mi przypad\u0142o w udziale, <br>inaczej powielaliby\u015bmy wci\u0105\u017c te same wzorce, krzywdy, <br>i ka\u017cdy ka\u017cdemu. <br>Nie jest te\u017c jednak moim zadaniem r\u00f3wnie\u017c nikogo wybiela\u0107, <br>ani usprawiedliwia\u0107.<\/p>\n\n\n\n<p class=\"wp-block-paragraph\">Ka\u017cdy z nas dosta\u0142 wewn\u0119trzny kompas, kt\u00f3ry m\u00f3wi, <br>co jest dobre, a co z\u0142e. <br>My to po prostu wiemy.&nbsp;<br>I to my wybieramy.<\/p>\n\n\n\n<p class=\"wp-block-paragraph\">Ale wa\u017cne jest to, aby mie\u0107 \u015bwiadomo\u015b\u0107 kim jestem, <br>wa\u017cne jest to, aby wybaczy\u0107, bo shit zawsze wynika z braku \u015bwiadomo\u015bci\u2026i u mnie i u innych. <br>Tak si\u0119 kr\u0119cimy w tych naszych przer\u00f3\u017cnych wirkach, <br>p\u00f3ki ich w pe\u0142ni nie zobaczymy, a najcz\u0119\u015bciej niestety widz\u0119 poprzez b\u00f3l, <br>kt\u00f3rego do\u015bwiadczam i kt\u00f3rego potrafi\u0119 nie projektowa\u0107 na innych, <br>\u017ce to oni mi zrobili. Zrobili przez w\u0142asne wirki. To by\u0142o o nich. <br>A moje wirki by\u0142y o mnie. <br>Po prostu. <br>Ale to jak ja zareaguj\u0119, jest ju\u017c tylko moje i ma niebagatelne znaczenie <br>dla mojej dalszej drogi w danym obszarze \u017cycia.&nbsp;<\/p>\n\n\n\n<p class=\"wp-block-paragraph\">Wa\u017cne jest te\u017c, aby nie obwinia\u0107 r\u00f3wnie\u017c siebie, <br>wybaczy\u0107 r\u00f3wnie\u017c sobie, bo wiem, <br>\u017ce gdy by\u0142am w oku cyklonu takiego wirka, <br>to nie by\u0142am w stanie zobaczy\u0107 naprawd\u0119, tak dzia\u0142a wirek, program. <br>Przy\u0107miewa, emocje buzuj\u0105, jestem wtedy w reakcji, <br>a nie w \u015bwiadomo\u015bci, \u015bwiadomo\u015b\u0107 jest zaw\u0119\u017cona. <br>Jest to podobne do bycia pod wp\u0142ywem narkotyku, <br>nie umiem zobaczy\u0107 na trze\u017awo i przytomnie. <br>Jak cz\u0119sto robimy co\u015b g\u0142upiego pod wp\u0142ywem substancji albo emocji, <br>a potem \u017ca\u0142ujemy. <br>I pytamy, gdzie ja by\u0142am, gdy mnie u siebie nie by\u0142o? <br>To musz\u0119 te\u017c sobie wybaczy\u0107 i wybaczam. <br>I dalej mog\u0119 siebie kocha\u0107 i dalej mog\u0119 nie obwinia\u0107 innych.\u00a0<\/p>\n\n\n\n<p class=\"wp-block-paragraph\">A to daje mi wolno\u015b\u0107.<\/p>\n\n\n\n<figure class=\"wp-block-image size-large\"><img loading=\"lazy\" decoding=\"async\" width=\"683\" height=\"1024\" src=\"http:\/\/elsieart.pl\/wp-content\/uploads\/2025\/05\/20120BCA-9AC2-4451-895B-0006E8412FBC-683x1024.png\" alt=\"\" class=\"wp-image-1459\" srcset=\"https:\/\/elsieart.pl\/wp-content\/uploads\/2025\/05\/20120BCA-9AC2-4451-895B-0006E8412FBC-683x1024.png 683w, https:\/\/elsieart.pl\/wp-content\/uploads\/2025\/05\/20120BCA-9AC2-4451-895B-0006E8412FBC-200x300.png 200w, https:\/\/elsieart.pl\/wp-content\/uploads\/2025\/05\/20120BCA-9AC2-4451-895B-0006E8412FBC-768x1152.png 768w, https:\/\/elsieart.pl\/wp-content\/uploads\/2025\/05\/20120BCA-9AC2-4451-895B-0006E8412FBC.png 1024w\" sizes=\"auto, (max-width: 683px) 100vw, 683px\" \/><\/figure>\n","protected":false},"excerpt":{"rendered":"<p>Nie przychodzimy na ten \u015bwiat ju\u017c doskonali i zrobieni. Ani te\u017c nie mamy od razu na dzie\u0144 dobry idealnych warunk\u00f3w, gdzie dane jest nam wzrasta\u0107 w pe\u0142ni mi\u0142o\u015bci, rado\u015bci i szcz\u0119\u015bliwo\u015bci. Mamy rodzic\u00f3w takich, a nie innych, kt\u00f3rym te\u017c nie by\u0142o dane od razu ciastko z kremem, oni te\u017c zastali, to co my. W nich, &hellip; <\/p>\n<p class=\"link-more\"><a href=\"https:\/\/elsieart.pl\/?p=1457\" class=\"more-link\">Czytaj dalej<span class=\"screen-reader-text\"> \u201e\u201d<\/span><\/a><\/p>\n","protected":false},"author":1,"featured_media":0,"comment_status":"closed","ping_status":"open","sticky":false,"template":"","format":"standard","meta":{"footnotes":""},"categories":[5],"tags":[],"class_list":["post-1457","post","type-post","status-publish","format-standard","hentry","category-moja-droga-do-milosci"],"yoast_head":"<!-- This site is optimized with the Yoast SEO plugin v28.0 - https:\/\/yoast.com\/product\/yoast-seo-wordpress\/ -->\n<title>- NA\u2764NA...art czyli sztuka \u017bycia Dusz\u0105<\/title>\n<meta name=\"robots\" content=\"index, follow, max-snippet:-1, max-image-preview:large, max-video-preview:-1\" \/>\n<link rel=\"canonical\" href=\"https:\/\/elsieart.pl\/?p=1457\" \/>\n<meta property=\"og:locale\" content=\"pl_PL\" \/>\n<meta property=\"og:type\" content=\"article\" \/>\n<meta property=\"og:title\" content=\"- NA\u2764NA...art czyli sztuka \u017bycia Dusz\u0105\" \/>\n<meta property=\"og:description\" content=\"Nie przychodzimy na ten \u015bwiat ju\u017c doskonali i zrobieni. Ani te\u017c nie mamy od razu na dzie\u0144 dobry idealnych warunk\u00f3w, gdzie dane jest nam wzrasta\u0107 w pe\u0142ni mi\u0142o\u015bci, rado\u015bci i szcz\u0119\u015bliwo\u015bci. Mamy rodzic\u00f3w takich, a nie innych, kt\u00f3rym te\u017c nie by\u0142o dane od razu ciastko z kremem, oni te\u017c zastali, to co my. W nich, &hellip; Czytaj dalej \u201e\u201d\" \/>\n<meta property=\"og:url\" content=\"https:\/\/elsieart.pl\/?p=1457\" \/>\n<meta property=\"og:site_name\" content=\"NA\u2764NA...art czyli sztuka \u017bycia Dusz\u0105\" \/>\n<meta property=\"article:published_time\" content=\"2025-05-16T09:06:38+00:00\" \/>\n<meta property=\"article:modified_time\" content=\"2025-05-16T10:08:09+00:00\" \/>\n<meta property=\"og:image\" content=\"https:\/\/elsieart.pl\/wp-content\/uploads\/2025\/05\/20120BCA-9AC2-4451-895B-0006E8412FBC-683x1024.png\" \/>\n\t<meta property=\"og:image:width\" content=\"683\" \/>\n\t<meta property=\"og:image:height\" content=\"1024\" \/>\n\t<meta property=\"og:image:type\" content=\"image\/png\" \/>\n<meta name=\"author\" content=\"Anna Krajewska\" \/>\n<meta name=\"twitter:card\" content=\"summary_large_image\" \/>\n<meta name=\"twitter:label1\" content=\"Napisane przez\" \/>\n\t<meta name=\"twitter:data1\" content=\"Anna Krajewska\" \/>\n\t<meta name=\"twitter:label2\" content=\"Szacowany czas czytania\" \/>\n\t<meta name=\"twitter:data2\" content=\"3 minuty\" \/>\n<script type=\"application\/ld+json\" class=\"yoast-schema-graph\">{\"@context\":\"https:\\\/\\\/schema.org\",\"@graph\":[{\"@type\":\"Article\",\"@id\":\"https:\\\/\\\/elsieart.pl\\\/?p=1457#article\",\"isPartOf\":{\"@id\":\"https:\\\/\\\/elsieart.pl\\\/?p=1457\"},\"author\":{\"name\":\"Anna Krajewska\",\"@id\":\"https:\\\/\\\/elsieart.pl\\\/#\\\/schema\\\/person\\\/818eb3c3d8144ede1c78eaca1156f3a3\"},\"headline\":\"Brak tytu\u0142u\",\"datePublished\":\"2025-05-16T09:06:38+00:00\",\"dateModified\":\"2025-05-16T10:08:09+00:00\",\"mainEntityOfPage\":{\"@id\":\"https:\\\/\\\/elsieart.pl\\\/?p=1457\"},\"wordCount\":591,\"image\":{\"@id\":\"https:\\\/\\\/elsieart.pl\\\/?p=1457#primaryimage\"},\"thumbnailUrl\":\"http:\\\/\\\/elsieart.pl\\\/wp-content\\\/uploads\\\/2025\\\/05\\\/20120BCA-9AC2-4451-895B-0006E8412FBC-683x1024.png\",\"articleSection\":[\"Moja Droga do Mi\u0142o\u015bci\"],\"inLanguage\":\"pl-PL\"},{\"@type\":\"WebPage\",\"@id\":\"https:\\\/\\\/elsieart.pl\\\/?p=1457\",\"url\":\"https:\\\/\\\/elsieart.pl\\\/?p=1457\",\"name\":\"- NA\u2764NA...art czyli sztuka \u017bycia Dusz\u0105\",\"isPartOf\":{\"@id\":\"https:\\\/\\\/elsieart.pl\\\/#website\"},\"primaryImageOfPage\":{\"@id\":\"https:\\\/\\\/elsieart.pl\\\/?p=1457#primaryimage\"},\"image\":{\"@id\":\"https:\\\/\\\/elsieart.pl\\\/?p=1457#primaryimage\"},\"thumbnailUrl\":\"http:\\\/\\\/elsieart.pl\\\/wp-content\\\/uploads\\\/2025\\\/05\\\/20120BCA-9AC2-4451-895B-0006E8412FBC-683x1024.png\",\"datePublished\":\"2025-05-16T09:06:38+00:00\",\"dateModified\":\"2025-05-16T10:08:09+00:00\",\"author\":{\"@id\":\"https:\\\/\\\/elsieart.pl\\\/#\\\/schema\\\/person\\\/818eb3c3d8144ede1c78eaca1156f3a3\"},\"inLanguage\":\"pl-PL\",\"potentialAction\":[{\"@type\":\"ReadAction\",\"target\":[\"https:\\\/\\\/elsieart.pl\\\/?p=1457\"]}]},{\"@type\":\"ImageObject\",\"inLanguage\":\"pl-PL\",\"@id\":\"https:\\\/\\\/elsieart.pl\\\/?p=1457#primaryimage\",\"url\":\"https:\\\/\\\/elsieart.pl\\\/wp-content\\\/uploads\\\/2025\\\/05\\\/20120BCA-9AC2-4451-895B-0006E8412FBC.png\",\"contentUrl\":\"https:\\\/\\\/elsieart.pl\\\/wp-content\\\/uploads\\\/2025\\\/05\\\/20120BCA-9AC2-4451-895B-0006E8412FBC.png\",\"width\":1024,\"height\":1536},{\"@type\":\"WebSite\",\"@id\":\"https:\\\/\\\/elsieart.pl\\\/#website\",\"url\":\"https:\\\/\\\/elsieart.pl\\\/\",\"name\":\"NA\u2764NA...art czyli sztuka \u017bycia Dusz\u0105\",\"description\":\"Anna Krajewska | Gdzie ludzkie spotyka si\u0119 z boskim\",\"potentialAction\":[{\"@type\":\"SearchAction\",\"target\":{\"@type\":\"EntryPoint\",\"urlTemplate\":\"https:\\\/\\\/elsieart.pl\\\/?s={search_term_string}\"},\"query-input\":{\"@type\":\"PropertyValueSpecification\",\"valueRequired\":true,\"valueName\":\"search_term_string\"}}],\"inLanguage\":\"pl-PL\"},{\"@type\":\"Person\",\"@id\":\"https:\\\/\\\/elsieart.pl\\\/#\\\/schema\\\/person\\\/818eb3c3d8144ede1c78eaca1156f3a3\",\"name\":\"Anna Krajewska\",\"image\":{\"@type\":\"ImageObject\",\"inLanguage\":\"pl-PL\",\"@id\":\"https:\\\/\\\/secure.gravatar.com\\\/avatar\\\/f8702c146031dc3a604b2968503f6b5a36ce29db33ea2369631cf1e9129f349d?s=96&d=mm&r=g\",\"url\":\"https:\\\/\\\/secure.gravatar.com\\\/avatar\\\/f8702c146031dc3a604b2968503f6b5a36ce29db33ea2369631cf1e9129f349d?s=96&d=mm&r=g\",\"contentUrl\":\"https:\\\/\\\/secure.gravatar.com\\\/avatar\\\/f8702c146031dc3a604b2968503f6b5a36ce29db33ea2369631cf1e9129f349d?s=96&d=mm&r=g\",\"caption\":\"Anna Krajewska\"},\"sameAs\":[\"https:\\\/\\\/elsieart.pl\"],\"url\":\"https:\\\/\\\/elsieart.pl\\\/?author=1\"}]}<\/script>\n<!-- \/ Yoast SEO plugin. -->","yoast_head_json":{"title":"- NA\u2764NA...art czyli sztuka \u017bycia Dusz\u0105","robots":{"index":"index","follow":"follow","max-snippet":"max-snippet:-1","max-image-preview":"max-image-preview:large","max-video-preview":"max-video-preview:-1"},"canonical":"https:\/\/elsieart.pl\/?p=1457","og_locale":"pl_PL","og_type":"article","og_title":"- NA\u2764NA...art czyli sztuka \u017bycia Dusz\u0105","og_description":"Nie przychodzimy na ten \u015bwiat ju\u017c doskonali i zrobieni. Ani te\u017c nie mamy od razu na dzie\u0144 dobry idealnych warunk\u00f3w, gdzie dane jest nam wzrasta\u0107 w pe\u0142ni mi\u0142o\u015bci, rado\u015bci i szcz\u0119\u015bliwo\u015bci. Mamy rodzic\u00f3w takich, a nie innych, kt\u00f3rym te\u017c nie by\u0142o dane od razu ciastko z kremem, oni te\u017c zastali, to co my. W nich, &hellip; Czytaj dalej \u201e\u201d","og_url":"https:\/\/elsieart.pl\/?p=1457","og_site_name":"NA\u2764NA...art czyli sztuka \u017bycia Dusz\u0105","article_published_time":"2025-05-16T09:06:38+00:00","article_modified_time":"2025-05-16T10:08:09+00:00","og_image":[{"width":683,"height":1024,"url":"https:\/\/elsieart.pl\/wp-content\/uploads\/2025\/05\/20120BCA-9AC2-4451-895B-0006E8412FBC-683x1024.png","type":"image\/png"}],"author":"Anna Krajewska","twitter_card":"summary_large_image","twitter_misc":{"Napisane przez":"Anna Krajewska","Szacowany czas czytania":"3 minuty"},"schema":{"@context":"https:\/\/schema.org","@graph":[{"@type":"Article","@id":"https:\/\/elsieart.pl\/?p=1457#article","isPartOf":{"@id":"https:\/\/elsieart.pl\/?p=1457"},"author":{"name":"Anna Krajewska","@id":"https:\/\/elsieart.pl\/#\/schema\/person\/818eb3c3d8144ede1c78eaca1156f3a3"},"headline":"Brak tytu\u0142u","datePublished":"2025-05-16T09:06:38+00:00","dateModified":"2025-05-16T10:08:09+00:00","mainEntityOfPage":{"@id":"https:\/\/elsieart.pl\/?p=1457"},"wordCount":591,"image":{"@id":"https:\/\/elsieart.pl\/?p=1457#primaryimage"},"thumbnailUrl":"http:\/\/elsieart.pl\/wp-content\/uploads\/2025\/05\/20120BCA-9AC2-4451-895B-0006E8412FBC-683x1024.png","articleSection":["Moja Droga do Mi\u0142o\u015bci"],"inLanguage":"pl-PL"},{"@type":"WebPage","@id":"https:\/\/elsieart.pl\/?p=1457","url":"https:\/\/elsieart.pl\/?p=1457","name":"- NA\u2764NA...art czyli sztuka \u017bycia Dusz\u0105","isPartOf":{"@id":"https:\/\/elsieart.pl\/#website"},"primaryImageOfPage":{"@id":"https:\/\/elsieart.pl\/?p=1457#primaryimage"},"image":{"@id":"https:\/\/elsieart.pl\/?p=1457#primaryimage"},"thumbnailUrl":"http:\/\/elsieart.pl\/wp-content\/uploads\/2025\/05\/20120BCA-9AC2-4451-895B-0006E8412FBC-683x1024.png","datePublished":"2025-05-16T09:06:38+00:00","dateModified":"2025-05-16T10:08:09+00:00","author":{"@id":"https:\/\/elsieart.pl\/#\/schema\/person\/818eb3c3d8144ede1c78eaca1156f3a3"},"inLanguage":"pl-PL","potentialAction":[{"@type":"ReadAction","target":["https:\/\/elsieart.pl\/?p=1457"]}]},{"@type":"ImageObject","inLanguage":"pl-PL","@id":"https:\/\/elsieart.pl\/?p=1457#primaryimage","url":"https:\/\/elsieart.pl\/wp-content\/uploads\/2025\/05\/20120BCA-9AC2-4451-895B-0006E8412FBC.png","contentUrl":"https:\/\/elsieart.pl\/wp-content\/uploads\/2025\/05\/20120BCA-9AC2-4451-895B-0006E8412FBC.png","width":1024,"height":1536},{"@type":"WebSite","@id":"https:\/\/elsieart.pl\/#website","url":"https:\/\/elsieart.pl\/","name":"NA\u2764NA...art czyli sztuka \u017bycia Dusz\u0105","description":"Anna Krajewska | Gdzie ludzkie spotyka si\u0119 z boskim","potentialAction":[{"@type":"SearchAction","target":{"@type":"EntryPoint","urlTemplate":"https:\/\/elsieart.pl\/?s={search_term_string}"},"query-input":{"@type":"PropertyValueSpecification","valueRequired":true,"valueName":"search_term_string"}}],"inLanguage":"pl-PL"},{"@type":"Person","@id":"https:\/\/elsieart.pl\/#\/schema\/person\/818eb3c3d8144ede1c78eaca1156f3a3","name":"Anna Krajewska","image":{"@type":"ImageObject","inLanguage":"pl-PL","@id":"https:\/\/secure.gravatar.com\/avatar\/f8702c146031dc3a604b2968503f6b5a36ce29db33ea2369631cf1e9129f349d?s=96&d=mm&r=g","url":"https:\/\/secure.gravatar.com\/avatar\/f8702c146031dc3a604b2968503f6b5a36ce29db33ea2369631cf1e9129f349d?s=96&d=mm&r=g","contentUrl":"https:\/\/secure.gravatar.com\/avatar\/f8702c146031dc3a604b2968503f6b5a36ce29db33ea2369631cf1e9129f349d?s=96&d=mm&r=g","caption":"Anna Krajewska"},"sameAs":["https:\/\/elsieart.pl"],"url":"https:\/\/elsieart.pl\/?author=1"}]}},"_links":{"self":[{"href":"https:\/\/elsieart.pl\/index.php?rest_route=\/wp\/v2\/posts\/1457","targetHints":{"allow":["GET"]}}],"collection":[{"href":"https:\/\/elsieart.pl\/index.php?rest_route=\/wp\/v2\/posts"}],"about":[{"href":"https:\/\/elsieart.pl\/index.php?rest_route=\/wp\/v2\/types\/post"}],"author":[{"embeddable":true,"href":"https:\/\/elsieart.pl\/index.php?rest_route=\/wp\/v2\/users\/1"}],"replies":[{"embeddable":true,"href":"https:\/\/elsieart.pl\/index.php?rest_route=%2Fwp%2Fv2%2Fcomments&post=1457"}],"version-history":[{"count":21,"href":"https:\/\/elsieart.pl\/index.php?rest_route=\/wp\/v2\/posts\/1457\/revisions"}],"predecessor-version":[{"id":1486,"href":"https:\/\/elsieart.pl\/index.php?rest_route=\/wp\/v2\/posts\/1457\/revisions\/1486"}],"wp:attachment":[{"href":"https:\/\/elsieart.pl\/index.php?rest_route=%2Fwp%2Fv2%2Fmedia&parent=1457"}],"wp:term":[{"taxonomy":"category","embeddable":true,"href":"https:\/\/elsieart.pl\/index.php?rest_route=%2Fwp%2Fv2%2Fcategories&post=1457"},{"taxonomy":"post_tag","embeddable":true,"href":"https:\/\/elsieart.pl\/index.php?rest_route=%2Fwp%2Fv2%2Ftags&post=1457"}],"curies":[{"name":"wp","href":"https:\/\/api.w.org\/{rel}","templated":true}]}}