{"id":1446,"date":"2025-05-11T21:08:00","date_gmt":"2025-05-11T19:08:00","guid":{"rendered":"https:\/\/elsieart.pl\/?p=1446"},"modified":"2025-05-11T21:31:30","modified_gmt":"2025-05-11T19:31:30","slug":"1446","status":"publish","type":"post","link":"https:\/\/elsieart.pl\/?p=1446","title":{"rendered":""},"content":{"rendered":"\n<p class=\"wp-block-paragraph\">Nie chc\u0119 ju\u017c nara\u017ca\u0107 siebie\u2026<br>na konflikt wewn\u0119trzny\u2026<\/p>\n\n\n\n<p class=\"wp-block-paragraph\">by\u0107 tam, gdzie moje serce si\u0119 obawia\u2026braku naturalno\u015bci, <br>rado\u015bci autentycznego przejawiania si\u0119\u2026w uczuciach, gestach, s\u0142owach. <br>Nie wybieram ju\u017c by\u0107 tam\u2026<br>gdzie moja rado\u015b\u0107 jest gaszona, <br>gdzie moje ciep\u0142o \u015bcina ch\u0142\u00f3d, <br>gdzie moje d\u0142onie trafiaj\u0105 w pustk\u0119, <br>gdzie czas na cudowne rozmowy dw\u00f3ch \u015bwiadomo\u015bci nigdy nie nadchodzi, <br>gdzie obecno\u015b\u0107 ogranicza si\u0119 do wieczoru we wsp\u00f3lnej po\u015bcieli.<\/p>\n\n\n\n<p class=\"wp-block-paragraph\">Gdzie s\u0142owa nagle si\u0119 urywaj\u0105, znikaj\u0105, zamarzaj\u0105.&nbsp;<br>Gdzie to co by\u0142o, wydaje si\u0119 jedynie gr\u0105, <br>gdzie musz\u0119 pyta\u0107, czy by\u0142o w tym co\u015b z prawdy?<\/p>\n\n\n\n<p class=\"wp-block-paragraph\">Kocham ciep\u0142o i jego ekspansj\u0119 we mnie, <br>pragn\u0119 nieustannie czu\u0107 jego post\u0119p w moim centrum, <br>moim wn\u0119trzu\u2026tak \u017ce a\u017c do oczu cisn\u0105 si\u0119 \u0142zy, gor\u0105ce \u0142zy\u2026<br>\u0142zy rado\u015bci.&nbsp;<\/p>\n\n\n\n<p class=\"wp-block-paragraph\">Pragn\u0119 widzie\u0107 moje oczy pe\u0142ne ognistych, <br>b\u0142yszcz\u0105cych, malutkich iskierek rado\u015bci i psoty\u2026<\/p>\n\n\n\n<p class=\"wp-block-paragraph\">tak jak wtedy, gdy patrz\u0119 w lustro,<br>tak jak wtedy, gdy rozmawiam z Tatk\u0105,&nbsp;<br>tak jak wtedy, gdy us\u0142ysz\u0119 w\u0142oski j\u0119zyk,&nbsp;<br>tak jak wtedy, gdy bior\u0119 pierwszy \u0142yk kawy do ust,&nbsp;<br>tak jak wtedy, gdy ta\u0144cz\u0119 bawi\u0105c si\u0119 sukienk\u0105,&nbsp;<br>tak jak wtedy, gdy maluj\u0119 usta ulubion\u0105 szmink\u0105,&nbsp;<br>tak jak wtedy, gdy wypatrzy\u0142am now\u0105 ksi\u0105\u017ck\u0119 o transcendencji <br>i ju\u017c zacieram r\u0119ce na to, jakich cudowno\u015bci do\u015bwiadcz\u0119,<\/p>\n\n\n\n<p class=\"wp-block-paragraph\">tak jak wtedy, gdy ukochanej duszy <br>mog\u0119 powiedzie\u0107 o mojej nowej zabawie, nowym odkryciu\u2026<br>o 'W\u0142oskim do poduszki&#8217; i gdzie moj\u0105 rado\u015bci\u0105 mog\u0119 si\u0119<br>&#8230;po prostu&#8230;podzieli\u0107.<\/p>\n\n\n\n<figure class=\"wp-block-image size-large\"><img loading=\"lazy\" decoding=\"async\" width=\"703\" height=\"1024\" src=\"http:\/\/elsieart.pl\/wp-content\/uploads\/2025\/05\/D0B486D0-B66E-49A8-881B-0655D55E6043-703x1024.jpeg\" alt=\"\" class=\"wp-image-1447\" srcset=\"https:\/\/elsieart.pl\/wp-content\/uploads\/2025\/05\/D0B486D0-B66E-49A8-881B-0655D55E6043-703x1024.jpeg 703w, https:\/\/elsieart.pl\/wp-content\/uploads\/2025\/05\/D0B486D0-B66E-49A8-881B-0655D55E6043-206x300.jpeg 206w, https:\/\/elsieart.pl\/wp-content\/uploads\/2025\/05\/D0B486D0-B66E-49A8-881B-0655D55E6043-768x1119.jpeg 768w, https:\/\/elsieart.pl\/wp-content\/uploads\/2025\/05\/D0B486D0-B66E-49A8-881B-0655D55E6043.jpeg 960w\" sizes=\"auto, (max-width: 703px) 100vw, 703px\" \/><\/figure>\n","protected":false},"excerpt":{"rendered":"<p>Nie chc\u0119 ju\u017c nara\u017ca\u0107 siebie\u2026na konflikt wewn\u0119trzny\u2026 by\u0107 tam, gdzie moje serce si\u0119 obawia\u2026braku naturalno\u015bci, rado\u015bci autentycznego przejawiania si\u0119\u2026w uczuciach, gestach, s\u0142owach. Nie wybieram ju\u017c by\u0107 tam\u2026gdzie moja rado\u015b\u0107 jest gaszona, gdzie moje ciep\u0142o \u015bcina ch\u0142\u00f3d, gdzie moje d\u0142onie trafiaj\u0105 w pustk\u0119, gdzie czas na cudowne rozmowy dw\u00f3ch \u015bwiadomo\u015bci nigdy nie nadchodzi, gdzie obecno\u015b\u0107 ogranicza &hellip; <\/p>\n<p class=\"link-more\"><a href=\"https:\/\/elsieart.pl\/?p=1446\" class=\"more-link\">Czytaj dalej<span class=\"screen-reader-text\"> \u201e\u201d<\/span><\/a><\/p>\n","protected":false},"author":1,"featured_media":0,"comment_status":"closed","ping_status":"open","sticky":false,"template":"","format":"standard","meta":{"footnotes":""},"categories":[5],"tags":[],"class_list":["post-1446","post","type-post","status-publish","format-standard","hentry","category-moja-droga-do-milosci"],"yoast_head":"<!-- This site is optimized with the Yoast SEO plugin v28.0 - https:\/\/yoast.com\/product\/yoast-seo-wordpress\/ -->\n<title>- NA\u2764NA...art czyli sztuka \u017bycia Dusz\u0105<\/title>\n<meta name=\"robots\" content=\"index, follow, max-snippet:-1, max-image-preview:large, max-video-preview:-1\" \/>\n<link rel=\"canonical\" href=\"https:\/\/elsieart.pl\/?p=1446\" \/>\n<meta property=\"og:locale\" content=\"pl_PL\" \/>\n<meta property=\"og:type\" content=\"article\" \/>\n<meta property=\"og:title\" content=\"- NA\u2764NA...art czyli sztuka \u017bycia Dusz\u0105\" \/>\n<meta property=\"og:description\" content=\"Nie chc\u0119 ju\u017c nara\u017ca\u0107 siebie\u2026na konflikt wewn\u0119trzny\u2026 by\u0107 tam, gdzie moje serce si\u0119 obawia\u2026braku naturalno\u015bci, rado\u015bci autentycznego przejawiania si\u0119\u2026w uczuciach, gestach, s\u0142owach. Nie wybieram ju\u017c by\u0107 tam\u2026gdzie moja rado\u015b\u0107 jest gaszona, gdzie moje ciep\u0142o \u015bcina ch\u0142\u00f3d, gdzie moje d\u0142onie trafiaj\u0105 w pustk\u0119, gdzie czas na cudowne rozmowy dw\u00f3ch \u015bwiadomo\u015bci nigdy nie nadchodzi, gdzie obecno\u015b\u0107 ogranicza &hellip; Czytaj dalej \u201e\u201d\" \/>\n<meta property=\"og:url\" content=\"https:\/\/elsieart.pl\/?p=1446\" \/>\n<meta property=\"og:site_name\" content=\"NA\u2764NA...art czyli sztuka \u017bycia Dusz\u0105\" \/>\n<meta property=\"article:published_time\" content=\"2025-05-11T19:08:00+00:00\" \/>\n<meta property=\"article:modified_time\" content=\"2025-05-11T19:31:30+00:00\" \/>\n<meta property=\"og:image\" content=\"https:\/\/elsieart.pl\/wp-content\/uploads\/2025\/05\/D0B486D0-B66E-49A8-881B-0655D55E6043.jpeg\" \/>\n\t<meta property=\"og:image:width\" content=\"960\" \/>\n\t<meta property=\"og:image:height\" content=\"1399\" \/>\n\t<meta property=\"og:image:type\" content=\"image\/jpeg\" \/>\n<meta name=\"author\" content=\"Anna Krajewska\" \/>\n<meta name=\"twitter:card\" content=\"summary_large_image\" \/>\n<meta name=\"twitter:label1\" content=\"Napisane przez\" \/>\n\t<meta name=\"twitter:data1\" content=\"Anna Krajewska\" \/>\n\t<meta name=\"twitter:label2\" content=\"Szacowany czas czytania\" \/>\n\t<meta name=\"twitter:data2\" content=\"1 minuta\" \/>\n<script type=\"application\/ld+json\" class=\"yoast-schema-graph\">{\"@context\":\"https:\\\/\\\/schema.org\",\"@graph\":[{\"@type\":\"Article\",\"@id\":\"https:\\\/\\\/elsieart.pl\\\/?p=1446#article\",\"isPartOf\":{\"@id\":\"https:\\\/\\\/elsieart.pl\\\/?p=1446\"},\"author\":{\"name\":\"Anna Krajewska\",\"@id\":\"https:\\\/\\\/elsieart.pl\\\/#\\\/schema\\\/person\\\/818eb3c3d8144ede1c78eaca1156f3a3\"},\"headline\":\"Brak tytu\u0142u\",\"datePublished\":\"2025-05-11T19:08:00+00:00\",\"dateModified\":\"2025-05-11T19:31:30+00:00\",\"mainEntityOfPage\":{\"@id\":\"https:\\\/\\\/elsieart.pl\\\/?p=1446\"},\"wordCount\":266,\"image\":{\"@id\":\"https:\\\/\\\/elsieart.pl\\\/?p=1446#primaryimage\"},\"thumbnailUrl\":\"http:\\\/\\\/elsieart.pl\\\/wp-content\\\/uploads\\\/2025\\\/05\\\/D0B486D0-B66E-49A8-881B-0655D55E6043-703x1024.jpeg\",\"articleSection\":[\"Moja Droga do Mi\u0142o\u015bci\"],\"inLanguage\":\"pl-PL\"},{\"@type\":\"WebPage\",\"@id\":\"https:\\\/\\\/elsieart.pl\\\/?p=1446\",\"url\":\"https:\\\/\\\/elsieart.pl\\\/?p=1446\",\"name\":\"- NA\u2764NA...art czyli sztuka \u017bycia Dusz\u0105\",\"isPartOf\":{\"@id\":\"https:\\\/\\\/elsieart.pl\\\/#website\"},\"primaryImageOfPage\":{\"@id\":\"https:\\\/\\\/elsieart.pl\\\/?p=1446#primaryimage\"},\"image\":{\"@id\":\"https:\\\/\\\/elsieart.pl\\\/?p=1446#primaryimage\"},\"thumbnailUrl\":\"http:\\\/\\\/elsieart.pl\\\/wp-content\\\/uploads\\\/2025\\\/05\\\/D0B486D0-B66E-49A8-881B-0655D55E6043-703x1024.jpeg\",\"datePublished\":\"2025-05-11T19:08:00+00:00\",\"dateModified\":\"2025-05-11T19:31:30+00:00\",\"author\":{\"@id\":\"https:\\\/\\\/elsieart.pl\\\/#\\\/schema\\\/person\\\/818eb3c3d8144ede1c78eaca1156f3a3\"},\"inLanguage\":\"pl-PL\",\"potentialAction\":[{\"@type\":\"ReadAction\",\"target\":[\"https:\\\/\\\/elsieart.pl\\\/?p=1446\"]}]},{\"@type\":\"ImageObject\",\"inLanguage\":\"pl-PL\",\"@id\":\"https:\\\/\\\/elsieart.pl\\\/?p=1446#primaryimage\",\"url\":\"https:\\\/\\\/elsieart.pl\\\/wp-content\\\/uploads\\\/2025\\\/05\\\/D0B486D0-B66E-49A8-881B-0655D55E6043.jpeg\",\"contentUrl\":\"https:\\\/\\\/elsieart.pl\\\/wp-content\\\/uploads\\\/2025\\\/05\\\/D0B486D0-B66E-49A8-881B-0655D55E6043.jpeg\",\"width\":960,\"height\":1399},{\"@type\":\"WebSite\",\"@id\":\"https:\\\/\\\/elsieart.pl\\\/#website\",\"url\":\"https:\\\/\\\/elsieart.pl\\\/\",\"name\":\"NA\u2764NA...art czyli sztuka \u017bycia Dusz\u0105\",\"description\":\"Anna Krajewska | Gdzie ludzkie spotyka si\u0119 z boskim\",\"potentialAction\":[{\"@type\":\"SearchAction\",\"target\":{\"@type\":\"EntryPoint\",\"urlTemplate\":\"https:\\\/\\\/elsieart.pl\\\/?s={search_term_string}\"},\"query-input\":{\"@type\":\"PropertyValueSpecification\",\"valueRequired\":true,\"valueName\":\"search_term_string\"}}],\"inLanguage\":\"pl-PL\"},{\"@type\":\"Person\",\"@id\":\"https:\\\/\\\/elsieart.pl\\\/#\\\/schema\\\/person\\\/818eb3c3d8144ede1c78eaca1156f3a3\",\"name\":\"Anna Krajewska\",\"image\":{\"@type\":\"ImageObject\",\"inLanguage\":\"pl-PL\",\"@id\":\"https:\\\/\\\/secure.gravatar.com\\\/avatar\\\/f8702c146031dc3a604b2968503f6b5a36ce29db33ea2369631cf1e9129f349d?s=96&d=mm&r=g\",\"url\":\"https:\\\/\\\/secure.gravatar.com\\\/avatar\\\/f8702c146031dc3a604b2968503f6b5a36ce29db33ea2369631cf1e9129f349d?s=96&d=mm&r=g\",\"contentUrl\":\"https:\\\/\\\/secure.gravatar.com\\\/avatar\\\/f8702c146031dc3a604b2968503f6b5a36ce29db33ea2369631cf1e9129f349d?s=96&d=mm&r=g\",\"caption\":\"Anna Krajewska\"},\"sameAs\":[\"https:\\\/\\\/elsieart.pl\"],\"url\":\"https:\\\/\\\/elsieart.pl\\\/?author=1\"}]}<\/script>\n<!-- \/ Yoast SEO plugin. -->","yoast_head_json":{"title":"- NA\u2764NA...art czyli sztuka \u017bycia Dusz\u0105","robots":{"index":"index","follow":"follow","max-snippet":"max-snippet:-1","max-image-preview":"max-image-preview:large","max-video-preview":"max-video-preview:-1"},"canonical":"https:\/\/elsieart.pl\/?p=1446","og_locale":"pl_PL","og_type":"article","og_title":"- NA\u2764NA...art czyli sztuka \u017bycia Dusz\u0105","og_description":"Nie chc\u0119 ju\u017c nara\u017ca\u0107 siebie\u2026na konflikt wewn\u0119trzny\u2026 by\u0107 tam, gdzie moje serce si\u0119 obawia\u2026braku naturalno\u015bci, rado\u015bci autentycznego przejawiania si\u0119\u2026w uczuciach, gestach, s\u0142owach. Nie wybieram ju\u017c by\u0107 tam\u2026gdzie moja rado\u015b\u0107 jest gaszona, gdzie moje ciep\u0142o \u015bcina ch\u0142\u00f3d, gdzie moje d\u0142onie trafiaj\u0105 w pustk\u0119, gdzie czas na cudowne rozmowy dw\u00f3ch \u015bwiadomo\u015bci nigdy nie nadchodzi, gdzie obecno\u015b\u0107 ogranicza &hellip; Czytaj dalej \u201e\u201d","og_url":"https:\/\/elsieart.pl\/?p=1446","og_site_name":"NA\u2764NA...art czyli sztuka \u017bycia Dusz\u0105","article_published_time":"2025-05-11T19:08:00+00:00","article_modified_time":"2025-05-11T19:31:30+00:00","og_image":[{"width":960,"height":1399,"url":"https:\/\/elsieart.pl\/wp-content\/uploads\/2025\/05\/D0B486D0-B66E-49A8-881B-0655D55E6043.jpeg","type":"image\/jpeg"}],"author":"Anna Krajewska","twitter_card":"summary_large_image","twitter_misc":{"Napisane przez":"Anna Krajewska","Szacowany czas czytania":"1 minuta"},"schema":{"@context":"https:\/\/schema.org","@graph":[{"@type":"Article","@id":"https:\/\/elsieart.pl\/?p=1446#article","isPartOf":{"@id":"https:\/\/elsieart.pl\/?p=1446"},"author":{"name":"Anna Krajewska","@id":"https:\/\/elsieart.pl\/#\/schema\/person\/818eb3c3d8144ede1c78eaca1156f3a3"},"headline":"Brak tytu\u0142u","datePublished":"2025-05-11T19:08:00+00:00","dateModified":"2025-05-11T19:31:30+00:00","mainEntityOfPage":{"@id":"https:\/\/elsieart.pl\/?p=1446"},"wordCount":266,"image":{"@id":"https:\/\/elsieart.pl\/?p=1446#primaryimage"},"thumbnailUrl":"http:\/\/elsieart.pl\/wp-content\/uploads\/2025\/05\/D0B486D0-B66E-49A8-881B-0655D55E6043-703x1024.jpeg","articleSection":["Moja Droga do Mi\u0142o\u015bci"],"inLanguage":"pl-PL"},{"@type":"WebPage","@id":"https:\/\/elsieart.pl\/?p=1446","url":"https:\/\/elsieart.pl\/?p=1446","name":"- NA\u2764NA...art czyli sztuka \u017bycia Dusz\u0105","isPartOf":{"@id":"https:\/\/elsieart.pl\/#website"},"primaryImageOfPage":{"@id":"https:\/\/elsieart.pl\/?p=1446#primaryimage"},"image":{"@id":"https:\/\/elsieart.pl\/?p=1446#primaryimage"},"thumbnailUrl":"http:\/\/elsieart.pl\/wp-content\/uploads\/2025\/05\/D0B486D0-B66E-49A8-881B-0655D55E6043-703x1024.jpeg","datePublished":"2025-05-11T19:08:00+00:00","dateModified":"2025-05-11T19:31:30+00:00","author":{"@id":"https:\/\/elsieart.pl\/#\/schema\/person\/818eb3c3d8144ede1c78eaca1156f3a3"},"inLanguage":"pl-PL","potentialAction":[{"@type":"ReadAction","target":["https:\/\/elsieart.pl\/?p=1446"]}]},{"@type":"ImageObject","inLanguage":"pl-PL","@id":"https:\/\/elsieart.pl\/?p=1446#primaryimage","url":"https:\/\/elsieart.pl\/wp-content\/uploads\/2025\/05\/D0B486D0-B66E-49A8-881B-0655D55E6043.jpeg","contentUrl":"https:\/\/elsieart.pl\/wp-content\/uploads\/2025\/05\/D0B486D0-B66E-49A8-881B-0655D55E6043.jpeg","width":960,"height":1399},{"@type":"WebSite","@id":"https:\/\/elsieart.pl\/#website","url":"https:\/\/elsieart.pl\/","name":"NA\u2764NA...art czyli sztuka \u017bycia Dusz\u0105","description":"Anna Krajewska | Gdzie ludzkie spotyka si\u0119 z boskim","potentialAction":[{"@type":"SearchAction","target":{"@type":"EntryPoint","urlTemplate":"https:\/\/elsieart.pl\/?s={search_term_string}"},"query-input":{"@type":"PropertyValueSpecification","valueRequired":true,"valueName":"search_term_string"}}],"inLanguage":"pl-PL"},{"@type":"Person","@id":"https:\/\/elsieart.pl\/#\/schema\/person\/818eb3c3d8144ede1c78eaca1156f3a3","name":"Anna Krajewska","image":{"@type":"ImageObject","inLanguage":"pl-PL","@id":"https:\/\/secure.gravatar.com\/avatar\/f8702c146031dc3a604b2968503f6b5a36ce29db33ea2369631cf1e9129f349d?s=96&d=mm&r=g","url":"https:\/\/secure.gravatar.com\/avatar\/f8702c146031dc3a604b2968503f6b5a36ce29db33ea2369631cf1e9129f349d?s=96&d=mm&r=g","contentUrl":"https:\/\/secure.gravatar.com\/avatar\/f8702c146031dc3a604b2968503f6b5a36ce29db33ea2369631cf1e9129f349d?s=96&d=mm&r=g","caption":"Anna Krajewska"},"sameAs":["https:\/\/elsieart.pl"],"url":"https:\/\/elsieart.pl\/?author=1"}]}},"_links":{"self":[{"href":"https:\/\/elsieart.pl\/index.php?rest_route=\/wp\/v2\/posts\/1446","targetHints":{"allow":["GET"]}}],"collection":[{"href":"https:\/\/elsieart.pl\/index.php?rest_route=\/wp\/v2\/posts"}],"about":[{"href":"https:\/\/elsieart.pl\/index.php?rest_route=\/wp\/v2\/types\/post"}],"author":[{"embeddable":true,"href":"https:\/\/elsieart.pl\/index.php?rest_route=\/wp\/v2\/users\/1"}],"replies":[{"embeddable":true,"href":"https:\/\/elsieart.pl\/index.php?rest_route=%2Fwp%2Fv2%2Fcomments&post=1446"}],"version-history":[{"count":7,"href":"https:\/\/elsieart.pl\/index.php?rest_route=\/wp\/v2\/posts\/1446\/revisions"}],"predecessor-version":[{"id":1456,"href":"https:\/\/elsieart.pl\/index.php?rest_route=\/wp\/v2\/posts\/1446\/revisions\/1456"}],"wp:attachment":[{"href":"https:\/\/elsieart.pl\/index.php?rest_route=%2Fwp%2Fv2%2Fmedia&parent=1446"}],"wp:term":[{"taxonomy":"category","embeddable":true,"href":"https:\/\/elsieart.pl\/index.php?rest_route=%2Fwp%2Fv2%2Fcategories&post=1446"},{"taxonomy":"post_tag","embeddable":true,"href":"https:\/\/elsieart.pl\/index.php?rest_route=%2Fwp%2Fv2%2Ftags&post=1446"}],"curies":[{"name":"wp","href":"https:\/\/api.w.org\/{rel}","templated":true}]}}