{"id":1396,"date":"2025-05-02T15:13:25","date_gmt":"2025-05-02T13:13:25","guid":{"rendered":"https:\/\/elsieart.pl\/?p=1396"},"modified":"2025-05-03T20:26:29","modified_gmt":"2025-05-03T18:26:29","slug":"king","status":"publish","type":"post","link":"https:\/\/elsieart.pl\/?p=1396","title":{"rendered":"King"},"content":{"rendered":"\n<p class=\"wp-block-paragraph\">Jestem ze sob\u0105 g\u0142\u0119boko, od wielu, wielu dni.\u00a0<br>I jest to naprawd\u0119 trudny czas. <br>Bo staram si\u0119&#8230;tak bardzo&#8230;ocali\u0107, zachowa\u0107 to, <br>co by\u0142o jako\u015bci\u0105. <br><br>Bo przecie\u017c by\u0142o&#8230; <br><br>Musz\u0119 tylko wyciszy\u0107 umys\u0142 i wej\u015b\u0107 do serca.<br>nie ulega\u0107 temu, co zwykle si\u0119 dzieje, <br>a na co nigdy w\u0142a\u015bciwie nie mia\u0142am zgody w sobie. <br>Tym bardziej teraz, gdy spogl\u0105dam w oczy tej mi\u0142o\u015bci, <br>takiej kt\u00f3r\u0105 poczu\u0142am po raz pierwszy, <br>takiej, kt\u00f3rej nie dor\u00f3wnuj\u0105 \u017cadne z poprzednich.<\/p>\n\n\n\n<p class=\"wp-block-paragraph\">Nie zawiod\u0119 Ci\u0119&#8230;moje Serce, nie zdradz\u0119&#8230;<br><br>Jak kocha\u0107, to bogini\u0119, jak kocha\u0107&#8230;to tylko Kinga.<br>Tak, tato, pami\u0119tam \u2764 .<\/p>\n\n\n\n<p class=\"wp-block-paragraph\">A dzisiaj poczu\u0142am, tak bardzo, tak bardzo\u2026\u017ce on jest. <br>Wiem, \u017ce takiego jak ja nosz\u0119 w sercu, jego obraz, moje pragnienie, <br>czyste i radosne\u2026musi si\u0119 zmaterializowa\u0107. Tak jak wszystko inne. <br>Bo wszystko czego potrzebowa\u0142am\u2026to oczy\u015bci\u0107 sygna\u0142, poczu\u0107 czego pragn\u0119, <br>jak pragn\u0119, i co wybieram. <br>Bo on jest mn\u0105, on jest moim odbiciem, moj\u0105 w\u0142asn\u0105 wibracj\u0105, moj\u0105 mi\u0142o\u015bci\u0105, <br>&#8230;najpierw do samej siebie.<\/p>\n\n\n\n<p class=\"wp-block-paragraph\">I nie spiesz\u0119 si\u0119 nigdzie. Albo King albo umr\u0119 w staropanie\u0144stwie. <br>Cho\u0107 przyjaci\u00f3\u0142ka zwr\u00f3ci\u0142a mi uwag\u0119, \u017ce to akurat to nie, <br>bo ju\u017c jestem rozw\u00f3dk\u0105. <br>Tak, jestem, bo wol\u0119 \u017cycie w zgodzie z w\u0142asnym sercem i dusz\u0105.<br>Bo wybra\u0142am, w ciszy i spokoju mego serca, wybra\u0142am prawd\u0119, <br>kt\u00f3ra szepta\u0142a do mnie od wielu ju\u017c lat. <\/p>\n\n\n\n<p class=\"wp-block-paragraph\">Pi\u0119kna jest ta scena w teledysku, tak do mnie przem\u00f3wi\u0142a, <br>gdy ona taka jak wsta\u0142a rano, w tej halce, i tak jak poczu\u0142a, gdzie sta\u0142a, <br>po\u0142o\u017cy\u0142a si\u0119 na ziemi i pozwoli\u0142a sobie by\u0107 sob\u0105. <br>A on idzie, on jest\u2026jej King\u2026tak naprawd\u0119 zwyk\u0142y cz\u0142owiek\u2026<br>ale te\u017c b\u0119d\u0105cy sob\u0105 jak ona, pozwalaj\u0105cy sobie&#8230;tak po prostu.<br>I jest\u2026i widzi j\u0105, i ona go widzi. <br>Wreszcie r\u00f3wnie\u017c inni, zobaczywszy, \u017ce mo\u017cna, te\u017c sobie pozwalaj\u0105. <br>Co za rado\u015b\u0107, lekko\u015b\u0107\u2026\u017ce mo\u017cna\u2026naprawd\u0119 mo\u017cna.\u00a0<\/p>\n\n\n\n<p class=\"wp-block-paragraph\">Kim jest King?<\/p>\n\n\n\n<p class=\"wp-block-paragraph\">To proste. King to m\u0119\u017cczyzna, kt\u00f3rego mog\u0119&#8230;podziwia\u0107.\u00a0<br>Podziwia\u0107 za to jak dzia\u0142a, jak \u017cyje, jak si\u0119 dla mnie przejawia. <br>Jakim jest r\u00f3wnie\u017c dla innych. <br>King to m\u0119\u017cczyzna, kt\u00f3rego mog\u0119 w lekko\u015bci i przep\u0142ywie do\u015bwiadcza\u0107 bez l\u0119ku, <br>bo jest jak ska\u0142a warto\u015bciowy i niezmienny&#8230;zawsze.<br>King to nie szejk z Dubaju, to m\u0119\u017cczyzna o pewnych cechach, <br>a przede wszystkim uciele\u015bnionych&#8230;jako\u015bciach. <br>To m\u0119\u017cczyzna m\u0105dry, kt\u00f3ry ma odwag\u0119 by\u0107 sob\u0105, klarowny, jasny, <br>nosi w sobie jako\u015bci, kt\u00f3re s\u0105 nienegocjowalne, wra\u017cliwo\u015b\u0107, <br>to pi\u0119kna Dusza&#8230;pi\u0119kna zawsze, nawet w kiepskich okoliczno\u015bciach.<br>Ale to dla Ciebie nie problem, o nie, to wprost&#8230;\u0142atwe&#8230;<br>bo Ty tym po prostu jeste\u015b&#8230;<br>bo tak jak ja&#8230;<br>nie potrafisz i nie chcesz&#8230;inaczej.<\/p>\n\n\n\n<p class=\"wp-block-paragraph\">Kochany Kingu, <br>Kingiem stajesz si\u0119 ka\u017cdego dnia dla mnie, <br>gdy w sobie i we w\u0142asnych jako\u015bciach dokonujesz wybor\u00f3w <br>takich, a nie innych. <br>King to nie m\u0119\u017cczyzna, kt\u00f3ry&#8230;ju\u017c nim jest&#8230;<br>ty si\u0119 nim dla mnie&#8230;stajesz&#8230;<br>ka\u017cdego dnia&#8230;od nowa&#8230;i od nowa.<\/p>\n\n\n\n<p class=\"wp-block-paragraph\">Kocham \u2764\ufe0f<\/p>\n\n\n\n<figure class=\"wp-block-image size-full\"><img loading=\"lazy\" decoding=\"async\" width=\"595\" height=\"842\" src=\"http:\/\/elsieart.pl\/wp-content\/uploads\/2025\/05\/IMG_6786.jpeg\" alt=\"\" class=\"wp-image-1422\" srcset=\"https:\/\/elsieart.pl\/wp-content\/uploads\/2025\/05\/IMG_6786.jpeg 595w, https:\/\/elsieart.pl\/wp-content\/uploads\/2025\/05\/IMG_6786-212x300.jpeg 212w\" sizes=\"auto, (max-width: 595px) 100vw, 595px\" \/><figcaption class=\"wp-element-caption\">fot.Internet <\/figcaption><\/figure>\n","protected":false},"excerpt":{"rendered":"<p>Jestem ze sob\u0105 g\u0142\u0119boko, od wielu, wielu dni.\u00a0I jest to naprawd\u0119 trudny czas. Bo staram si\u0119&#8230;tak bardzo&#8230;ocali\u0107, zachowa\u0107 to, co by\u0142o jako\u015bci\u0105. Bo przecie\u017c by\u0142o&#8230; Musz\u0119 tylko wyciszy\u0107 umys\u0142 i wej\u015b\u0107 do serca.nie ulega\u0107 temu, co zwykle si\u0119 dzieje, a na co nigdy w\u0142a\u015bciwie nie mia\u0142am zgody w sobie. Tym bardziej teraz, gdy spogl\u0105dam w &hellip; <\/p>\n<p class=\"link-more\"><a href=\"https:\/\/elsieart.pl\/?p=1396\" class=\"more-link\">Czytaj dalej<span class=\"screen-reader-text\"> \u201eKing\u201d<\/span><\/a><\/p>\n","protected":false},"author":1,"featured_media":0,"comment_status":"closed","ping_status":"open","sticky":false,"template":"","format":"standard","meta":{"footnotes":""},"categories":[5],"tags":[],"class_list":["post-1396","post","type-post","status-publish","format-standard","hentry","category-moja-droga-do-milosci"],"yoast_head":"<!-- This site is optimized with the Yoast SEO plugin v28.0 - https:\/\/yoast.com\/product\/yoast-seo-wordpress\/ -->\n<title>King - NA\u2764NA...art czyli sztuka \u017bycia Dusz\u0105<\/title>\n<meta name=\"robots\" content=\"index, follow, max-snippet:-1, max-image-preview:large, max-video-preview:-1\" \/>\n<link rel=\"canonical\" href=\"https:\/\/elsieart.pl\/?p=1396\" \/>\n<meta property=\"og:locale\" content=\"pl_PL\" \/>\n<meta property=\"og:type\" content=\"article\" \/>\n<meta property=\"og:title\" content=\"King - NA\u2764NA...art czyli sztuka \u017bycia Dusz\u0105\" \/>\n<meta property=\"og:description\" content=\"Jestem ze sob\u0105 g\u0142\u0119boko, od wielu, wielu dni.\u00a0I jest to naprawd\u0119 trudny czas. Bo staram si\u0119&#8230;tak bardzo&#8230;ocali\u0107, zachowa\u0107 to, co by\u0142o jako\u015bci\u0105. Bo przecie\u017c by\u0142o&#8230; Musz\u0119 tylko wyciszy\u0107 umys\u0142 i wej\u015b\u0107 do serca.nie ulega\u0107 temu, co zwykle si\u0119 dzieje, a na co nigdy w\u0142a\u015bciwie nie mia\u0142am zgody w sobie. Tym bardziej teraz, gdy spogl\u0105dam w &hellip; Czytaj dalej \u201eKing\u201d\" \/>\n<meta property=\"og:url\" content=\"https:\/\/elsieart.pl\/?p=1396\" \/>\n<meta property=\"og:site_name\" content=\"NA\u2764NA...art czyli sztuka \u017bycia Dusz\u0105\" \/>\n<meta property=\"article:published_time\" content=\"2025-05-02T13:13:25+00:00\" \/>\n<meta property=\"article:modified_time\" content=\"2025-05-03T18:26:29+00:00\" \/>\n<meta property=\"og:image\" content=\"https:\/\/elsieart.pl\/wp-content\/uploads\/2025\/05\/IMG_6786.jpeg\" \/>\n\t<meta property=\"og:image:width\" content=\"595\" \/>\n\t<meta property=\"og:image:height\" content=\"842\" \/>\n\t<meta property=\"og:image:type\" content=\"image\/jpeg\" \/>\n<meta name=\"author\" content=\"Anna Krajewska\" \/>\n<meta name=\"twitter:card\" content=\"summary_large_image\" \/>\n<meta name=\"twitter:label1\" content=\"Napisane przez\" \/>\n\t<meta name=\"twitter:data1\" content=\"Anna Krajewska\" \/>\n\t<meta name=\"twitter:label2\" content=\"Szacowany czas czytania\" \/>\n\t<meta name=\"twitter:data2\" content=\"3 minuty\" \/>\n<script type=\"application\/ld+json\" class=\"yoast-schema-graph\">{\"@context\":\"https:\\\/\\\/schema.org\",\"@graph\":[{\"@type\":\"Article\",\"@id\":\"https:\\\/\\\/elsieart.pl\\\/?p=1396#article\",\"isPartOf\":{\"@id\":\"https:\\\/\\\/elsieart.pl\\\/?p=1396\"},\"author\":{\"name\":\"Anna Krajewska\",\"@id\":\"https:\\\/\\\/elsieart.pl\\\/#\\\/schema\\\/person\\\/818eb3c3d8144ede1c78eaca1156f3a3\"},\"headline\":\"King\",\"datePublished\":\"2025-05-02T13:13:25+00:00\",\"dateModified\":\"2025-05-03T18:26:29+00:00\",\"mainEntityOfPage\":{\"@id\":\"https:\\\/\\\/elsieart.pl\\\/?p=1396\"},\"wordCount\":541,\"image\":{\"@id\":\"https:\\\/\\\/elsieart.pl\\\/?p=1396#primaryimage\"},\"thumbnailUrl\":\"http:\\\/\\\/elsieart.pl\\\/wp-content\\\/uploads\\\/2025\\\/05\\\/IMG_6786.jpeg\",\"articleSection\":[\"Moja Droga do Mi\u0142o\u015bci\"],\"inLanguage\":\"pl-PL\"},{\"@type\":\"WebPage\",\"@id\":\"https:\\\/\\\/elsieart.pl\\\/?p=1396\",\"url\":\"https:\\\/\\\/elsieart.pl\\\/?p=1396\",\"name\":\"King - NA\u2764NA...art czyli sztuka \u017bycia Dusz\u0105\",\"isPartOf\":{\"@id\":\"https:\\\/\\\/elsieart.pl\\\/#website\"},\"primaryImageOfPage\":{\"@id\":\"https:\\\/\\\/elsieart.pl\\\/?p=1396#primaryimage\"},\"image\":{\"@id\":\"https:\\\/\\\/elsieart.pl\\\/?p=1396#primaryimage\"},\"thumbnailUrl\":\"http:\\\/\\\/elsieart.pl\\\/wp-content\\\/uploads\\\/2025\\\/05\\\/IMG_6786.jpeg\",\"datePublished\":\"2025-05-02T13:13:25+00:00\",\"dateModified\":\"2025-05-03T18:26:29+00:00\",\"author\":{\"@id\":\"https:\\\/\\\/elsieart.pl\\\/#\\\/schema\\\/person\\\/818eb3c3d8144ede1c78eaca1156f3a3\"},\"breadcrumb\":{\"@id\":\"https:\\\/\\\/elsieart.pl\\\/?p=1396#breadcrumb\"},\"inLanguage\":\"pl-PL\",\"potentialAction\":[{\"@type\":\"ReadAction\",\"target\":[\"https:\\\/\\\/elsieart.pl\\\/?p=1396\"]}]},{\"@type\":\"ImageObject\",\"inLanguage\":\"pl-PL\",\"@id\":\"https:\\\/\\\/elsieart.pl\\\/?p=1396#primaryimage\",\"url\":\"https:\\\/\\\/elsieart.pl\\\/wp-content\\\/uploads\\\/2025\\\/05\\\/IMG_6786.jpeg\",\"contentUrl\":\"https:\\\/\\\/elsieart.pl\\\/wp-content\\\/uploads\\\/2025\\\/05\\\/IMG_6786.jpeg\",\"width\":595,\"height\":842},{\"@type\":\"BreadcrumbList\",\"@id\":\"https:\\\/\\\/elsieart.pl\\\/?p=1396#breadcrumb\",\"itemListElement\":[{\"@type\":\"ListItem\",\"position\":1,\"name\":\"Strona g\u0142\u00f3wna\",\"item\":\"https:\\\/\\\/elsieart.pl\\\/\"},{\"@type\":\"ListItem\",\"position\":2,\"name\":\"King\"}]},{\"@type\":\"WebSite\",\"@id\":\"https:\\\/\\\/elsieart.pl\\\/#website\",\"url\":\"https:\\\/\\\/elsieart.pl\\\/\",\"name\":\"NA\u2764NA...art czyli sztuka \u017bycia Dusz\u0105\",\"description\":\"Anna Krajewska | Gdzie ludzkie spotyka si\u0119 z boskim\",\"potentialAction\":[{\"@type\":\"SearchAction\",\"target\":{\"@type\":\"EntryPoint\",\"urlTemplate\":\"https:\\\/\\\/elsieart.pl\\\/?s={search_term_string}\"},\"query-input\":{\"@type\":\"PropertyValueSpecification\",\"valueRequired\":true,\"valueName\":\"search_term_string\"}}],\"inLanguage\":\"pl-PL\"},{\"@type\":\"Person\",\"@id\":\"https:\\\/\\\/elsieart.pl\\\/#\\\/schema\\\/person\\\/818eb3c3d8144ede1c78eaca1156f3a3\",\"name\":\"Anna Krajewska\",\"image\":{\"@type\":\"ImageObject\",\"inLanguage\":\"pl-PL\",\"@id\":\"https:\\\/\\\/secure.gravatar.com\\\/avatar\\\/f8702c146031dc3a604b2968503f6b5a36ce29db33ea2369631cf1e9129f349d?s=96&d=mm&r=g\",\"url\":\"https:\\\/\\\/secure.gravatar.com\\\/avatar\\\/f8702c146031dc3a604b2968503f6b5a36ce29db33ea2369631cf1e9129f349d?s=96&d=mm&r=g\",\"contentUrl\":\"https:\\\/\\\/secure.gravatar.com\\\/avatar\\\/f8702c146031dc3a604b2968503f6b5a36ce29db33ea2369631cf1e9129f349d?s=96&d=mm&r=g\",\"caption\":\"Anna Krajewska\"},\"sameAs\":[\"https:\\\/\\\/elsieart.pl\"],\"url\":\"https:\\\/\\\/elsieart.pl\\\/?author=1\"}]}<\/script>\n<!-- \/ Yoast SEO plugin. -->","yoast_head_json":{"title":"King - NA\u2764NA...art czyli sztuka \u017bycia Dusz\u0105","robots":{"index":"index","follow":"follow","max-snippet":"max-snippet:-1","max-image-preview":"max-image-preview:large","max-video-preview":"max-video-preview:-1"},"canonical":"https:\/\/elsieart.pl\/?p=1396","og_locale":"pl_PL","og_type":"article","og_title":"King - NA\u2764NA...art czyli sztuka \u017bycia Dusz\u0105","og_description":"Jestem ze sob\u0105 g\u0142\u0119boko, od wielu, wielu dni.\u00a0I jest to naprawd\u0119 trudny czas. Bo staram si\u0119&#8230;tak bardzo&#8230;ocali\u0107, zachowa\u0107 to, co by\u0142o jako\u015bci\u0105. Bo przecie\u017c by\u0142o&#8230; Musz\u0119 tylko wyciszy\u0107 umys\u0142 i wej\u015b\u0107 do serca.nie ulega\u0107 temu, co zwykle si\u0119 dzieje, a na co nigdy w\u0142a\u015bciwie nie mia\u0142am zgody w sobie. Tym bardziej teraz, gdy spogl\u0105dam w &hellip; Czytaj dalej \u201eKing\u201d","og_url":"https:\/\/elsieart.pl\/?p=1396","og_site_name":"NA\u2764NA...art czyli sztuka \u017bycia Dusz\u0105","article_published_time":"2025-05-02T13:13:25+00:00","article_modified_time":"2025-05-03T18:26:29+00:00","og_image":[{"width":595,"height":842,"url":"https:\/\/elsieart.pl\/wp-content\/uploads\/2025\/05\/IMG_6786.jpeg","type":"image\/jpeg"}],"author":"Anna Krajewska","twitter_card":"summary_large_image","twitter_misc":{"Napisane przez":"Anna Krajewska","Szacowany czas czytania":"3 minuty"},"schema":{"@context":"https:\/\/schema.org","@graph":[{"@type":"Article","@id":"https:\/\/elsieart.pl\/?p=1396#article","isPartOf":{"@id":"https:\/\/elsieart.pl\/?p=1396"},"author":{"name":"Anna Krajewska","@id":"https:\/\/elsieart.pl\/#\/schema\/person\/818eb3c3d8144ede1c78eaca1156f3a3"},"headline":"King","datePublished":"2025-05-02T13:13:25+00:00","dateModified":"2025-05-03T18:26:29+00:00","mainEntityOfPage":{"@id":"https:\/\/elsieart.pl\/?p=1396"},"wordCount":541,"image":{"@id":"https:\/\/elsieart.pl\/?p=1396#primaryimage"},"thumbnailUrl":"http:\/\/elsieart.pl\/wp-content\/uploads\/2025\/05\/IMG_6786.jpeg","articleSection":["Moja Droga do Mi\u0142o\u015bci"],"inLanguage":"pl-PL"},{"@type":"WebPage","@id":"https:\/\/elsieart.pl\/?p=1396","url":"https:\/\/elsieart.pl\/?p=1396","name":"King - NA\u2764NA...art czyli sztuka \u017bycia Dusz\u0105","isPartOf":{"@id":"https:\/\/elsieart.pl\/#website"},"primaryImageOfPage":{"@id":"https:\/\/elsieart.pl\/?p=1396#primaryimage"},"image":{"@id":"https:\/\/elsieart.pl\/?p=1396#primaryimage"},"thumbnailUrl":"http:\/\/elsieart.pl\/wp-content\/uploads\/2025\/05\/IMG_6786.jpeg","datePublished":"2025-05-02T13:13:25+00:00","dateModified":"2025-05-03T18:26:29+00:00","author":{"@id":"https:\/\/elsieart.pl\/#\/schema\/person\/818eb3c3d8144ede1c78eaca1156f3a3"},"breadcrumb":{"@id":"https:\/\/elsieart.pl\/?p=1396#breadcrumb"},"inLanguage":"pl-PL","potentialAction":[{"@type":"ReadAction","target":["https:\/\/elsieart.pl\/?p=1396"]}]},{"@type":"ImageObject","inLanguage":"pl-PL","@id":"https:\/\/elsieart.pl\/?p=1396#primaryimage","url":"https:\/\/elsieart.pl\/wp-content\/uploads\/2025\/05\/IMG_6786.jpeg","contentUrl":"https:\/\/elsieart.pl\/wp-content\/uploads\/2025\/05\/IMG_6786.jpeg","width":595,"height":842},{"@type":"BreadcrumbList","@id":"https:\/\/elsieart.pl\/?p=1396#breadcrumb","itemListElement":[{"@type":"ListItem","position":1,"name":"Strona g\u0142\u00f3wna","item":"https:\/\/elsieart.pl\/"},{"@type":"ListItem","position":2,"name":"King"}]},{"@type":"WebSite","@id":"https:\/\/elsieart.pl\/#website","url":"https:\/\/elsieart.pl\/","name":"NA\u2764NA...art czyli sztuka \u017bycia Dusz\u0105","description":"Anna Krajewska | Gdzie ludzkie spotyka si\u0119 z boskim","potentialAction":[{"@type":"SearchAction","target":{"@type":"EntryPoint","urlTemplate":"https:\/\/elsieart.pl\/?s={search_term_string}"},"query-input":{"@type":"PropertyValueSpecification","valueRequired":true,"valueName":"search_term_string"}}],"inLanguage":"pl-PL"},{"@type":"Person","@id":"https:\/\/elsieart.pl\/#\/schema\/person\/818eb3c3d8144ede1c78eaca1156f3a3","name":"Anna Krajewska","image":{"@type":"ImageObject","inLanguage":"pl-PL","@id":"https:\/\/secure.gravatar.com\/avatar\/f8702c146031dc3a604b2968503f6b5a36ce29db33ea2369631cf1e9129f349d?s=96&d=mm&r=g","url":"https:\/\/secure.gravatar.com\/avatar\/f8702c146031dc3a604b2968503f6b5a36ce29db33ea2369631cf1e9129f349d?s=96&d=mm&r=g","contentUrl":"https:\/\/secure.gravatar.com\/avatar\/f8702c146031dc3a604b2968503f6b5a36ce29db33ea2369631cf1e9129f349d?s=96&d=mm&r=g","caption":"Anna Krajewska"},"sameAs":["https:\/\/elsieart.pl"],"url":"https:\/\/elsieart.pl\/?author=1"}]}},"_links":{"self":[{"href":"https:\/\/elsieart.pl\/index.php?rest_route=\/wp\/v2\/posts\/1396","targetHints":{"allow":["GET"]}}],"collection":[{"href":"https:\/\/elsieart.pl\/index.php?rest_route=\/wp\/v2\/posts"}],"about":[{"href":"https:\/\/elsieart.pl\/index.php?rest_route=\/wp\/v2\/types\/post"}],"author":[{"embeddable":true,"href":"https:\/\/elsieart.pl\/index.php?rest_route=\/wp\/v2\/users\/1"}],"replies":[{"embeddable":true,"href":"https:\/\/elsieart.pl\/index.php?rest_route=%2Fwp%2Fv2%2Fcomments&post=1396"}],"version-history":[{"count":29,"href":"https:\/\/elsieart.pl\/index.php?rest_route=\/wp\/v2\/posts\/1396\/revisions"}],"predecessor-version":[{"id":1439,"href":"https:\/\/elsieart.pl\/index.php?rest_route=\/wp\/v2\/posts\/1396\/revisions\/1439"}],"wp:attachment":[{"href":"https:\/\/elsieart.pl\/index.php?rest_route=%2Fwp%2Fv2%2Fmedia&parent=1396"}],"wp:term":[{"taxonomy":"category","embeddable":true,"href":"https:\/\/elsieart.pl\/index.php?rest_route=%2Fwp%2Fv2%2Fcategories&post=1396"},{"taxonomy":"post_tag","embeddable":true,"href":"https:\/\/elsieart.pl\/index.php?rest_route=%2Fwp%2Fv2%2Ftags&post=1396"}],"curies":[{"name":"wp","href":"https:\/\/api.w.org\/{rel}","templated":true}]}}