{"id":1306,"date":"2025-04-19T14:18:09","date_gmt":"2025-04-19T12:18:09","guid":{"rendered":"https:\/\/elsieart.pl\/?p=1306"},"modified":"2025-04-19T14:32:30","modified_gmt":"2025-04-19T12:32:30","slug":"aa-3","status":"publish","type":"post","link":"https:\/\/elsieart.pl\/?p=1306","title":{"rendered":""},"content":{"rendered":"\n<p class=\"wp-block-paragraph\">Czuj\u0119 ciep\u0142o rozlewaj\u0105ce si\u0119 po moim centrum, <br>jego post\u0119puj\u0105c\u0105 ekspansj\u0119\u2026tak \u0142agodnie\u2026tak delikatnie\u2026<br>tak nieuchronnie\u2026to jest i nowe i znajome zarazem\u2026<br>jest zakodowane w pami\u0119ci duszy, w jej rdzeniu. <br>I umiem i nie umiem\u2026i rozumiem i nie rozumiem\u2026<br>ale wiem, \u017ce to jest to\u2026to jest Mi\u0142o\u015b\u0107.\u00a0<\/p>\n\n\n\n<p class=\"wp-block-paragraph\">To umys\u0142 nie pami\u0119ta\u2026<br>to umys\u0142owi jest to obce, nie duszy, kt\u00f3ra wie, zna i pami\u0119ta. <br>I obserwuj\u0119, jak bank pami\u0119ci przeszukuje\u2026wszystkie foldery, wszystkie rega\u0142y\u2026<br>i by\u0107 mo\u017ce nie znajduje, najcz\u0119\u015bciej nie znajduje\u2026i pyta co to, jak, dlaczego, <br>czy to bezpieczne, czy aby bezpieczne?\u00a0<\/p>\n\n\n\n<p class=\"wp-block-paragraph\">Dusza wie, dusza raduje si\u0119, dusza rozja\u015bnia si\u0119\u2026tak, <br>nareszcie\u2026jest\u2026wydarzy\u0142o si\u0119. <br>Oczy jej b\u0142yszcz\u0105, dzwoneczki dzwoni\u0105, pojawia si\u0119 \u015bpiew\u2026<br>jest\u2026Mi\u0142o\u015b\u0107 jest.<\/p>\n\n\n\n<p class=\"wp-block-paragraph\">I to jest spe\u0142nienie. <br>Bo dusza wie, \u017ce do niczego nie mo\u017cna si\u0119 przywi\u0105za\u0107, <br>nie wolno zatrzymywa\u0107 przep\u0142ywu, czym mi\u0142o\u015b\u0107 jest. <br>Ona jest wolna, radosna, jej nie ma potrzeby zatrzymywa\u0107\u2026<br>bo musisz wiedzie\u0107, \u017ce jej wol\u0105, cech\u0105, istot\u0105\u2026jest p\u0142yn\u0105\u0107, ona p\u0142ywa, <br>ona jest w ci\u0105g\u0142ym ruchu, odp\u0142ywa i przyp\u0142ywa\u2026<br>ale nigdy nie zostawia ci\u0119 z pustk\u0105, to co zostawia\u2026zanim wr\u00f3ci, <br>nie powoduje smutku ani braku\u2026wszak wype\u0142ni\u0142a Ci\u0119 czysta Mi\u0142o\u015b\u0107, <br>zostawia a\u017c nadto, aby\u015b by\u0142 nakarmiony do czasu, <br>gdy zn\u00f3w zatoczy ko\u0142o, aby zn\u00f3w ci\u0119 obdarowa\u0107.<\/p>\n\n\n\n<p class=\"wp-block-paragraph\">Bo Mi\u0142o\u015b\u0107 karmi\u2026w otwarciu nie g\u0142odujesz. <br>G\u0142odujesz w zamkni\u0119ciu.<\/p>\n\n\n\n<p class=\"wp-block-paragraph\">Ona tak naprawd\u0119 nie odp\u0142ywa, to my si\u0119 przymykamy <br>i pozwalamy na tyle na ile jeste\u015bmy gotowi przyj\u0105\u0107. <br>Otworzysz si\u0119\u2026i odkrywasz, \u017ce ona nadal jest, zawsze jest.<\/p>\n\n\n\n<p class=\"wp-block-paragraph\">Nie mo\u017cesz jej zatrzyma\u0107, i nie musisz\u2026tylko dlatego, <br>\u017ce ona i tak przenika wszystko, ten smutek jest tylko wtedy, <br>gdy my\u015blisz, \u017ce nie masz i si\u0119 zamykasz\u2026i tylko dlatego nie czujesz<br>\u2026\u017ce ona zawsze jest.<\/p>\n\n\n\n<p class=\"wp-block-paragraph\">Zapytasz\u2026jak skoro\u2026zapytasz\u2026czy nie k\u0142ami\u0119\u2026<\/p>\n\n\n\n<p class=\"wp-block-paragraph\">Kocham tw\u00f3j rdze\u0144\u2026Twoj\u0105 Istot\u0119, nie wirki i ego\u2026nie avatara, <br>kt\u00f3ry m\u00f3wi i dzia\u0142a\u2026tak jak czasem dzia\u0142a, bo tak si\u0119 nauczy\u0142, <br>bo nie zawsze si\u0119 odwa\u017ca\u2026bo rozumiem\u2026te\u017c moje, bo wiem, <br>\u017ce jestem podobna\u2026bo te\u017c si\u0119 nauczy\u0142am, <br>bo \u017by\u0107ko jakie by\u0142o, takie by\u0142o.\u00a0<\/p>\n\n\n\n<p class=\"wp-block-paragraph\">Lecz ju\u017c nie pozwalam, <br>\u017ceby to co jest tylko warstw\u0105 m\u00f3wi\u0142o mi\u2026<br>\u017ce wie\u2026czym jest Mi\u0142o\u015b\u0107\u2026i kiedy Ona jest. <br>Warstwy mo\u017cna zostawi\u0107 lub je zdj\u0105\u0107\u2026wolna wola\u2026<br>a pod nimi i tak jest to&#8230; <\/p>\n\n\n\n<p class=\"wp-block-paragraph\">Kim naprawd\u0119 jeste\u015bmy.<br>\u2764<\/p>\n\n\n\n<figure class=\"wp-block-image size-large\"><img loading=\"lazy\" decoding=\"async\" width=\"768\" height=\"1024\" src=\"http:\/\/elsieart.pl\/wp-content\/uploads\/2025\/04\/IMG_3335-768x1024.jpeg\" alt=\"\" class=\"wp-image-1307\" srcset=\"https:\/\/elsieart.pl\/wp-content\/uploads\/2025\/04\/IMG_3335-768x1024.jpeg 768w, https:\/\/elsieart.pl\/wp-content\/uploads\/2025\/04\/IMG_3335-225x300.jpeg 225w, https:\/\/elsieart.pl\/wp-content\/uploads\/2025\/04\/IMG_3335-1152x1536.jpeg 1152w, https:\/\/elsieart.pl\/wp-content\/uploads\/2025\/04\/IMG_3335-1536x2048.jpeg 1536w, https:\/\/elsieart.pl\/wp-content\/uploads\/2025\/04\/IMG_3335-scaled.jpeg 1920w\" sizes=\"auto, (max-width: 767px) 89vw, (max-width: 1000px) 54vw, (max-width: 1071px) 543px, 580px\" \/><\/figure>\n","protected":false},"excerpt":{"rendered":"<p>Czuj\u0119 ciep\u0142o rozlewaj\u0105ce si\u0119 po moim centrum, jego post\u0119puj\u0105c\u0105 ekspansj\u0119\u2026tak \u0142agodnie\u2026tak delikatnie\u2026tak nieuchronnie\u2026to jest i nowe i znajome zarazem\u2026jest zakodowane w pami\u0119ci duszy, w jej rdzeniu. I umiem i nie umiem\u2026i rozumiem i nie rozumiem\u2026ale wiem, \u017ce to jest to\u2026to jest Mi\u0142o\u015b\u0107.\u00a0 To umys\u0142 nie pami\u0119ta\u2026to umys\u0142owi jest to obce, nie duszy, kt\u00f3ra wie, zna &hellip; <\/p>\n<p class=\"link-more\"><a href=\"https:\/\/elsieart.pl\/?p=1306\" class=\"more-link\">Czytaj dalej<span class=\"screen-reader-text\"> \u201e\u201d<\/span><\/a><\/p>\n","protected":false},"author":1,"featured_media":0,"comment_status":"open","ping_status":"open","sticky":false,"template":"","format":"standard","meta":{"footnotes":""},"categories":[5],"tags":[],"class_list":["post-1306","post","type-post","status-publish","format-standard","hentry","category-moja-droga-do-milosci"],"yoast_head":"<!-- This site is optimized with the Yoast SEO plugin v28.0 - https:\/\/yoast.com\/product\/yoast-seo-wordpress\/ -->\n<title>- NA\u2764NA...art czyli sztuka \u017bycia Dusz\u0105<\/title>\n<meta name=\"robots\" content=\"index, follow, max-snippet:-1, max-image-preview:large, max-video-preview:-1\" \/>\n<link rel=\"canonical\" href=\"https:\/\/elsieart.pl\/?p=1306\" \/>\n<meta property=\"og:locale\" content=\"pl_PL\" \/>\n<meta property=\"og:type\" content=\"article\" \/>\n<meta property=\"og:title\" content=\"- NA\u2764NA...art czyli sztuka \u017bycia Dusz\u0105\" \/>\n<meta property=\"og:description\" content=\"Czuj\u0119 ciep\u0142o rozlewaj\u0105ce si\u0119 po moim centrum, jego post\u0119puj\u0105c\u0105 ekspansj\u0119\u2026tak \u0142agodnie\u2026tak delikatnie\u2026tak nieuchronnie\u2026to jest i nowe i znajome zarazem\u2026jest zakodowane w pami\u0119ci duszy, w jej rdzeniu. I umiem i nie umiem\u2026i rozumiem i nie rozumiem\u2026ale wiem, \u017ce to jest to\u2026to jest Mi\u0142o\u015b\u0107.\u00a0 To umys\u0142 nie pami\u0119ta\u2026to umys\u0142owi jest to obce, nie duszy, kt\u00f3ra wie, zna &hellip; Czytaj dalej \u201e\u201d\" \/>\n<meta property=\"og:url\" content=\"https:\/\/elsieart.pl\/?p=1306\" \/>\n<meta property=\"og:site_name\" content=\"NA\u2764NA...art czyli sztuka \u017bycia Dusz\u0105\" \/>\n<meta property=\"article:published_time\" content=\"2025-04-19T12:18:09+00:00\" \/>\n<meta property=\"article:modified_time\" content=\"2025-04-19T12:32:30+00:00\" \/>\n<meta property=\"og:image\" content=\"https:\/\/elsieart.pl\/wp-content\/uploads\/2025\/04\/IMG_3335-scaled.jpeg\" \/>\n\t<meta property=\"og:image:width\" content=\"1920\" \/>\n\t<meta property=\"og:image:height\" content=\"2560\" \/>\n\t<meta property=\"og:image:type\" content=\"image\/jpeg\" \/>\n<meta name=\"author\" content=\"Anna Krajewska\" \/>\n<meta name=\"twitter:card\" content=\"summary_large_image\" \/>\n<meta name=\"twitter:label1\" content=\"Napisane przez\" \/>\n\t<meta name=\"twitter:data1\" content=\"Anna Krajewska\" \/>\n\t<meta name=\"twitter:label2\" content=\"Szacowany czas czytania\" \/>\n\t<meta name=\"twitter:data2\" content=\"2 minuty\" \/>\n<script type=\"application\/ld+json\" class=\"yoast-schema-graph\">{\"@context\":\"https:\\\/\\\/schema.org\",\"@graph\":[{\"@type\":\"Article\",\"@id\":\"https:\\\/\\\/elsieart.pl\\\/?p=1306#article\",\"isPartOf\":{\"@id\":\"https:\\\/\\\/elsieart.pl\\\/?p=1306\"},\"author\":{\"name\":\"Anna Krajewska\",\"@id\":\"https:\\\/\\\/elsieart.pl\\\/#\\\/schema\\\/person\\\/818eb3c3d8144ede1c78eaca1156f3a3\"},\"headline\":\"Brak tytu\u0142u\",\"datePublished\":\"2025-04-19T12:18:09+00:00\",\"dateModified\":\"2025-04-19T12:32:30+00:00\",\"mainEntityOfPage\":{\"@id\":\"https:\\\/\\\/elsieart.pl\\\/?p=1306\"},\"wordCount\":436,\"commentCount\":0,\"image\":{\"@id\":\"https:\\\/\\\/elsieart.pl\\\/?p=1306#primaryimage\"},\"thumbnailUrl\":\"http:\\\/\\\/elsieart.pl\\\/wp-content\\\/uploads\\\/2025\\\/04\\\/IMG_3335-768x1024.jpeg\",\"articleSection\":[\"Moja Droga do Mi\u0142o\u015bci\"],\"inLanguage\":\"pl-PL\",\"potentialAction\":[{\"@type\":\"CommentAction\",\"name\":\"Comment\",\"target\":[\"https:\\\/\\\/elsieart.pl\\\/?p=1306#respond\"]}]},{\"@type\":\"WebPage\",\"@id\":\"https:\\\/\\\/elsieart.pl\\\/?p=1306\",\"url\":\"https:\\\/\\\/elsieart.pl\\\/?p=1306\",\"name\":\"- NA\u2764NA...art czyli sztuka \u017bycia Dusz\u0105\",\"isPartOf\":{\"@id\":\"https:\\\/\\\/elsieart.pl\\\/#website\"},\"primaryImageOfPage\":{\"@id\":\"https:\\\/\\\/elsieart.pl\\\/?p=1306#primaryimage\"},\"image\":{\"@id\":\"https:\\\/\\\/elsieart.pl\\\/?p=1306#primaryimage\"},\"thumbnailUrl\":\"http:\\\/\\\/elsieart.pl\\\/wp-content\\\/uploads\\\/2025\\\/04\\\/IMG_3335-768x1024.jpeg\",\"datePublished\":\"2025-04-19T12:18:09+00:00\",\"dateModified\":\"2025-04-19T12:32:30+00:00\",\"author\":{\"@id\":\"https:\\\/\\\/elsieart.pl\\\/#\\\/schema\\\/person\\\/818eb3c3d8144ede1c78eaca1156f3a3\"},\"inLanguage\":\"pl-PL\",\"potentialAction\":[{\"@type\":\"ReadAction\",\"target\":[\"https:\\\/\\\/elsieart.pl\\\/?p=1306\"]}]},{\"@type\":\"ImageObject\",\"inLanguage\":\"pl-PL\",\"@id\":\"https:\\\/\\\/elsieart.pl\\\/?p=1306#primaryimage\",\"url\":\"https:\\\/\\\/elsieart.pl\\\/wp-content\\\/uploads\\\/2025\\\/04\\\/IMG_3335-scaled.jpeg\",\"contentUrl\":\"https:\\\/\\\/elsieart.pl\\\/wp-content\\\/uploads\\\/2025\\\/04\\\/IMG_3335-scaled.jpeg\",\"width\":1920,\"height\":2560},{\"@type\":\"WebSite\",\"@id\":\"https:\\\/\\\/elsieart.pl\\\/#website\",\"url\":\"https:\\\/\\\/elsieart.pl\\\/\",\"name\":\"NA\u2764NA...art czyli sztuka \u017bycia Dusz\u0105\",\"description\":\"Anna Krajewska | Gdzie ludzkie spotyka si\u0119 z boskim\",\"potentialAction\":[{\"@type\":\"SearchAction\",\"target\":{\"@type\":\"EntryPoint\",\"urlTemplate\":\"https:\\\/\\\/elsieart.pl\\\/?s={search_term_string}\"},\"query-input\":{\"@type\":\"PropertyValueSpecification\",\"valueRequired\":true,\"valueName\":\"search_term_string\"}}],\"inLanguage\":\"pl-PL\"},{\"@type\":\"Person\",\"@id\":\"https:\\\/\\\/elsieart.pl\\\/#\\\/schema\\\/person\\\/818eb3c3d8144ede1c78eaca1156f3a3\",\"name\":\"Anna Krajewska\",\"image\":{\"@type\":\"ImageObject\",\"inLanguage\":\"pl-PL\",\"@id\":\"https:\\\/\\\/secure.gravatar.com\\\/avatar\\\/f8702c146031dc3a604b2968503f6b5a36ce29db33ea2369631cf1e9129f349d?s=96&d=mm&r=g\",\"url\":\"https:\\\/\\\/secure.gravatar.com\\\/avatar\\\/f8702c146031dc3a604b2968503f6b5a36ce29db33ea2369631cf1e9129f349d?s=96&d=mm&r=g\",\"contentUrl\":\"https:\\\/\\\/secure.gravatar.com\\\/avatar\\\/f8702c146031dc3a604b2968503f6b5a36ce29db33ea2369631cf1e9129f349d?s=96&d=mm&r=g\",\"caption\":\"Anna Krajewska\"},\"sameAs\":[\"https:\\\/\\\/elsieart.pl\"],\"url\":\"https:\\\/\\\/elsieart.pl\\\/?author=1\"}]}<\/script>\n<!-- \/ Yoast SEO plugin. -->","yoast_head_json":{"title":"- NA\u2764NA...art czyli sztuka \u017bycia Dusz\u0105","robots":{"index":"index","follow":"follow","max-snippet":"max-snippet:-1","max-image-preview":"max-image-preview:large","max-video-preview":"max-video-preview:-1"},"canonical":"https:\/\/elsieart.pl\/?p=1306","og_locale":"pl_PL","og_type":"article","og_title":"- NA\u2764NA...art czyli sztuka \u017bycia Dusz\u0105","og_description":"Czuj\u0119 ciep\u0142o rozlewaj\u0105ce si\u0119 po moim centrum, jego post\u0119puj\u0105c\u0105 ekspansj\u0119\u2026tak \u0142agodnie\u2026tak delikatnie\u2026tak nieuchronnie\u2026to jest i nowe i znajome zarazem\u2026jest zakodowane w pami\u0119ci duszy, w jej rdzeniu. I umiem i nie umiem\u2026i rozumiem i nie rozumiem\u2026ale wiem, \u017ce to jest to\u2026to jest Mi\u0142o\u015b\u0107.\u00a0 To umys\u0142 nie pami\u0119ta\u2026to umys\u0142owi jest to obce, nie duszy, kt\u00f3ra wie, zna &hellip; Czytaj dalej \u201e\u201d","og_url":"https:\/\/elsieart.pl\/?p=1306","og_site_name":"NA\u2764NA...art czyli sztuka \u017bycia Dusz\u0105","article_published_time":"2025-04-19T12:18:09+00:00","article_modified_time":"2025-04-19T12:32:30+00:00","og_image":[{"width":1920,"height":2560,"url":"https:\/\/elsieart.pl\/wp-content\/uploads\/2025\/04\/IMG_3335-scaled.jpeg","type":"image\/jpeg"}],"author":"Anna Krajewska","twitter_card":"summary_large_image","twitter_misc":{"Napisane przez":"Anna Krajewska","Szacowany czas czytania":"2 minuty"},"schema":{"@context":"https:\/\/schema.org","@graph":[{"@type":"Article","@id":"https:\/\/elsieart.pl\/?p=1306#article","isPartOf":{"@id":"https:\/\/elsieart.pl\/?p=1306"},"author":{"name":"Anna Krajewska","@id":"https:\/\/elsieart.pl\/#\/schema\/person\/818eb3c3d8144ede1c78eaca1156f3a3"},"headline":"Brak tytu\u0142u","datePublished":"2025-04-19T12:18:09+00:00","dateModified":"2025-04-19T12:32:30+00:00","mainEntityOfPage":{"@id":"https:\/\/elsieart.pl\/?p=1306"},"wordCount":436,"commentCount":0,"image":{"@id":"https:\/\/elsieart.pl\/?p=1306#primaryimage"},"thumbnailUrl":"http:\/\/elsieart.pl\/wp-content\/uploads\/2025\/04\/IMG_3335-768x1024.jpeg","articleSection":["Moja Droga do Mi\u0142o\u015bci"],"inLanguage":"pl-PL","potentialAction":[{"@type":"CommentAction","name":"Comment","target":["https:\/\/elsieart.pl\/?p=1306#respond"]}]},{"@type":"WebPage","@id":"https:\/\/elsieart.pl\/?p=1306","url":"https:\/\/elsieart.pl\/?p=1306","name":"- NA\u2764NA...art czyli sztuka \u017bycia Dusz\u0105","isPartOf":{"@id":"https:\/\/elsieart.pl\/#website"},"primaryImageOfPage":{"@id":"https:\/\/elsieart.pl\/?p=1306#primaryimage"},"image":{"@id":"https:\/\/elsieart.pl\/?p=1306#primaryimage"},"thumbnailUrl":"http:\/\/elsieart.pl\/wp-content\/uploads\/2025\/04\/IMG_3335-768x1024.jpeg","datePublished":"2025-04-19T12:18:09+00:00","dateModified":"2025-04-19T12:32:30+00:00","author":{"@id":"https:\/\/elsieart.pl\/#\/schema\/person\/818eb3c3d8144ede1c78eaca1156f3a3"},"inLanguage":"pl-PL","potentialAction":[{"@type":"ReadAction","target":["https:\/\/elsieart.pl\/?p=1306"]}]},{"@type":"ImageObject","inLanguage":"pl-PL","@id":"https:\/\/elsieart.pl\/?p=1306#primaryimage","url":"https:\/\/elsieart.pl\/wp-content\/uploads\/2025\/04\/IMG_3335-scaled.jpeg","contentUrl":"https:\/\/elsieart.pl\/wp-content\/uploads\/2025\/04\/IMG_3335-scaled.jpeg","width":1920,"height":2560},{"@type":"WebSite","@id":"https:\/\/elsieart.pl\/#website","url":"https:\/\/elsieart.pl\/","name":"NA\u2764NA...art czyli sztuka \u017bycia Dusz\u0105","description":"Anna Krajewska | Gdzie ludzkie spotyka si\u0119 z boskim","potentialAction":[{"@type":"SearchAction","target":{"@type":"EntryPoint","urlTemplate":"https:\/\/elsieart.pl\/?s={search_term_string}"},"query-input":{"@type":"PropertyValueSpecification","valueRequired":true,"valueName":"search_term_string"}}],"inLanguage":"pl-PL"},{"@type":"Person","@id":"https:\/\/elsieart.pl\/#\/schema\/person\/818eb3c3d8144ede1c78eaca1156f3a3","name":"Anna Krajewska","image":{"@type":"ImageObject","inLanguage":"pl-PL","@id":"https:\/\/secure.gravatar.com\/avatar\/f8702c146031dc3a604b2968503f6b5a36ce29db33ea2369631cf1e9129f349d?s=96&d=mm&r=g","url":"https:\/\/secure.gravatar.com\/avatar\/f8702c146031dc3a604b2968503f6b5a36ce29db33ea2369631cf1e9129f349d?s=96&d=mm&r=g","contentUrl":"https:\/\/secure.gravatar.com\/avatar\/f8702c146031dc3a604b2968503f6b5a36ce29db33ea2369631cf1e9129f349d?s=96&d=mm&r=g","caption":"Anna Krajewska"},"sameAs":["https:\/\/elsieart.pl"],"url":"https:\/\/elsieart.pl\/?author=1"}]}},"_links":{"self":[{"href":"https:\/\/elsieart.pl\/index.php?rest_route=\/wp\/v2\/posts\/1306","targetHints":{"allow":["GET"]}}],"collection":[{"href":"https:\/\/elsieart.pl\/index.php?rest_route=\/wp\/v2\/posts"}],"about":[{"href":"https:\/\/elsieart.pl\/index.php?rest_route=\/wp\/v2\/types\/post"}],"author":[{"embeddable":true,"href":"https:\/\/elsieart.pl\/index.php?rest_route=\/wp\/v2\/users\/1"}],"replies":[{"embeddable":true,"href":"https:\/\/elsieart.pl\/index.php?rest_route=%2Fwp%2Fv2%2Fcomments&post=1306"}],"version-history":[{"count":4,"href":"https:\/\/elsieart.pl\/index.php?rest_route=\/wp\/v2\/posts\/1306\/revisions"}],"predecessor-version":[{"id":1312,"href":"https:\/\/elsieart.pl\/index.php?rest_route=\/wp\/v2\/posts\/1306\/revisions\/1312"}],"wp:attachment":[{"href":"https:\/\/elsieart.pl\/index.php?rest_route=%2Fwp%2Fv2%2Fmedia&parent=1306"}],"wp:term":[{"taxonomy":"category","embeddable":true,"href":"https:\/\/elsieart.pl\/index.php?rest_route=%2Fwp%2Fv2%2Fcategories&post=1306"},{"taxonomy":"post_tag","embeddable":true,"href":"https:\/\/elsieart.pl\/index.php?rest_route=%2Fwp%2Fv2%2Ftags&post=1306"}],"curies":[{"name":"wp","href":"https:\/\/api.w.org\/{rel}","templated":true}]}}