{"id":1303,"date":"2025-04-18T09:33:47","date_gmt":"2025-04-18T07:33:47","guid":{"rendered":"https:\/\/elsieart.pl\/?p=1303"},"modified":"2025-04-18T09:33:47","modified_gmt":"2025-04-18T07:33:47","slug":"rezonans","status":"publish","type":"post","link":"https:\/\/elsieart.pl\/?p=1303","title":{"rendered":"Rezonans\u00a0"},"content":{"rendered":"\n<p class=\"wp-block-paragraph\">Kiedy przesta\u0142am \u015bpiewa\u0107?<\/p>\n\n\n\n<p class=\"wp-block-paragraph\">\u017by\u0107ko\u2026to co wybra\u0142am, sprawi\u0142o powoli\u2026powolutku\u2026dzie\u0144 po dniu\u2026\u017ce znikn\u0105\u0142 \u015bpiew\u2026znikn\u0119\u0142a\u2026melodia mego serca\u2026po prostu zanik\u0142a.&nbsp;<\/p>\n\n\n\n<p class=\"wp-block-paragraph\">Po prostu\u2026zgodzi\u0142am si\u0119 na mniej\u2026na mniej tego\u2026kim zawsze by\u0142am.<\/p>\n\n\n\n<p class=\"wp-block-paragraph\">Patrzy\u0142am, jak gitara stoj\u0105ca w rogu pokoju, przestawiana z miejsca na miejsce, wo\u0142aj\u0105ca \u2026ale nies\u0142yszana\u2026kurzy\u0142a si\u0119 i niszcza\u0142a. Jak zacz\u0105\u0142 p\u0119ka\u0107 lakier na drewnie rezonansowego pud\u0142a\u2026<\/p>\n\n\n\n<p class=\"wp-block-paragraph\">Bo zabrak\u0142o rezonansu\u2026we mnie. Bo si\u0119 podda\u0142am, bo przesta\u0142am wierzy\u0107\u2026w \u017bycie\u2026bo z nim\u2026nie rezonowa\u0142am, z tym co w nim najpi\u0119kniejsze\u2026z rado\u015bci\u0105 i mi\u0142o\u015bci\u0105.<\/p>\n\n\n\n<p class=\"wp-block-paragraph\">Dzi\u015b zn\u00f3w zacz\u0119\u0142am \u015bpiewa\u0107\u2026ju\u017c od jakiego\u015b czasu w\u0142a\u015bciwie\u2026gdy totalnie i z lekko\u015bci\u0105 pozwalam sobie \u017cy\u0107 moj\u0105 prawd\u0119\u2026prawd\u0119 Serca, duszy, mojej Istoty.\u00a0<\/p>\n\n\n\n<p class=\"wp-block-paragraph\">\u015apiew jest coraz cz\u0119stszy i zupe\u0142nie spontaniczny, pojawia si\u0119 nag\u0142a fala d\u017awi\u0119k\u00f3w i dzwoni\u2026dzwoni prawda mojej duszy, wyra\u017ca si\u0119 na zewn\u0105trz to, kim jestem.&nbsp;<\/p>\n\n\n\n<p class=\"wp-block-paragraph\">Tyle rado\u015bci sprawi\u0142 mi syn, przywo\u017c\u0105c mi gitar\u0119, pi\u0119kn\u0105, cudn\u0105, klasyczn\u0105, czyli tak\u0105, kt\u00f3rej d\u017awi\u0119k jest ciep\u0142y, delikatny, subtelny.&nbsp;<\/p>\n\n\n\n<p class=\"wp-block-paragraph\">I powiedzia\u0142am mu, \u017ce ostatni raz kiedy \u015bpiewa\u0142am, to by\u0142o wtedy\u2026gdy tuli\u0142am go w ramionach i ko\u0142ysz\u0105c jego ma\u0142e i ufne cia\u0142ko, nuci\u0142am mu ko\u0142ysanki.&nbsp;<\/p>\n\n\n\n<p class=\"wp-block-paragraph\">Wtedy jeszcze\u2026czu\u0142am si\u0119 szcz\u0119\u015bliwa.<\/p>\n\n\n\n<p class=\"wp-block-paragraph\">I dzi\u015b on\u2026zn\u00f3w mi podarowa\u0142 \u015bpiew, jakby chcia\u0142 powiedzie\u0107\u2026\u015bpiewaj znowu mamo, graj melodi\u0119 swojej duszy.&nbsp;<\/p>\n\n\n\n<p class=\"wp-block-paragraph\">Kocham \u2764\ufe0f<\/p>\n\n\n\n<figure class=\"wp-block-image size-full\"><img loading=\"lazy\" decoding=\"async\" width=\"730\" height=\"912\" src=\"http:\/\/elsieart.pl\/wp-content\/uploads\/2025\/04\/IMG_4579.jpeg\" alt=\"\" class=\"wp-image-1304\" srcset=\"https:\/\/elsieart.pl\/wp-content\/uploads\/2025\/04\/IMG_4579.jpeg 730w, https:\/\/elsieart.pl\/wp-content\/uploads\/2025\/04\/IMG_4579-240x300.jpeg 240w\" sizes=\"auto, (max-width: 730px) 100vw, 730px\" \/><figcaption class=\"wp-element-caption\">fot.Internet <\/figcaption><\/figure>\n","protected":false},"excerpt":{"rendered":"<p>Kiedy przesta\u0142am \u015bpiewa\u0107? \u017by\u0107ko\u2026to co wybra\u0142am, sprawi\u0142o powoli\u2026powolutku\u2026dzie\u0144 po dniu\u2026\u017ce znikn\u0105\u0142 \u015bpiew\u2026znikn\u0119\u0142a\u2026melodia mego serca\u2026po prostu zanik\u0142a.&nbsp; Po prostu\u2026zgodzi\u0142am si\u0119 na mniej\u2026na mniej tego\u2026kim zawsze by\u0142am. Patrzy\u0142am, jak gitara stoj\u0105ca w rogu pokoju, przestawiana z miejsca na miejsce, wo\u0142aj\u0105ca \u2026ale nies\u0142yszana\u2026kurzy\u0142a si\u0119 i niszcza\u0142a. Jak zacz\u0105\u0142 p\u0119ka\u0107 lakier na drewnie rezonansowego pud\u0142a\u2026 Bo zabrak\u0142o rezonansu\u2026we mnie. &hellip; <\/p>\n<p class=\"link-more\"><a href=\"https:\/\/elsieart.pl\/?p=1303\" class=\"more-link\">Czytaj dalej<span class=\"screen-reader-text\"> \u201eRezonans\u00a0\u201d<\/span><\/a><\/p>\n","protected":false},"author":1,"featured_media":0,"comment_status":"open","ping_status":"open","sticky":false,"template":"","format":"standard","meta":{"footnotes":""},"categories":[5],"tags":[],"class_list":["post-1303","post","type-post","status-publish","format-standard","hentry","category-moja-droga-do-milosci"],"yoast_head":"<!-- This site is optimized with the Yoast SEO plugin v28.0 - https:\/\/yoast.com\/product\/yoast-seo-wordpress\/ -->\n<title>Rezonans\u00a0 - NA\u2764NA...art czyli sztuka \u017bycia Dusz\u0105<\/title>\n<meta name=\"robots\" content=\"index, follow, max-snippet:-1, max-image-preview:large, max-video-preview:-1\" \/>\n<link rel=\"canonical\" href=\"https:\/\/elsieart.pl\/?p=1303\" \/>\n<meta property=\"og:locale\" content=\"pl_PL\" \/>\n<meta property=\"og:type\" content=\"article\" \/>\n<meta property=\"og:title\" content=\"Rezonans\u00a0 - NA\u2764NA...art czyli sztuka \u017bycia Dusz\u0105\" \/>\n<meta property=\"og:description\" content=\"Kiedy przesta\u0142am \u015bpiewa\u0107? \u017by\u0107ko\u2026to co wybra\u0142am, sprawi\u0142o powoli\u2026powolutku\u2026dzie\u0144 po dniu\u2026\u017ce znikn\u0105\u0142 \u015bpiew\u2026znikn\u0119\u0142a\u2026melodia mego serca\u2026po prostu zanik\u0142a.&nbsp; Po prostu\u2026zgodzi\u0142am si\u0119 na mniej\u2026na mniej tego\u2026kim zawsze by\u0142am. Patrzy\u0142am, jak gitara stoj\u0105ca w rogu pokoju, przestawiana z miejsca na miejsce, wo\u0142aj\u0105ca \u2026ale nies\u0142yszana\u2026kurzy\u0142a si\u0119 i niszcza\u0142a. Jak zacz\u0105\u0142 p\u0119ka\u0107 lakier na drewnie rezonansowego pud\u0142a\u2026 Bo zabrak\u0142o rezonansu\u2026we mnie. &hellip; Czytaj dalej \u201eRezonans\u00a0\u201d\" \/>\n<meta property=\"og:url\" content=\"https:\/\/elsieart.pl\/?p=1303\" \/>\n<meta property=\"og:site_name\" content=\"NA\u2764NA...art czyli sztuka \u017bycia Dusz\u0105\" \/>\n<meta property=\"article:published_time\" content=\"2025-04-18T07:33:47+00:00\" \/>\n<meta property=\"og:image\" content=\"https:\/\/elsieart.pl\/wp-content\/uploads\/2025\/04\/IMG_4579.jpeg\" \/>\n\t<meta property=\"og:image:width\" content=\"730\" \/>\n\t<meta property=\"og:image:height\" content=\"912\" \/>\n\t<meta property=\"og:image:type\" content=\"image\/jpeg\" \/>\n<meta name=\"author\" content=\"Anna Krajewska\" \/>\n<meta name=\"twitter:card\" content=\"summary_large_image\" \/>\n<meta name=\"twitter:label1\" content=\"Napisane przez\" \/>\n\t<meta name=\"twitter:data1\" content=\"Anna Krajewska\" \/>\n\t<meta name=\"twitter:label2\" content=\"Szacowany czas czytania\" \/>\n\t<meta name=\"twitter:data2\" content=\"1 minuta\" \/>\n<script type=\"application\/ld+json\" class=\"yoast-schema-graph\">{\"@context\":\"https:\\\/\\\/schema.org\",\"@graph\":[{\"@type\":\"Article\",\"@id\":\"https:\\\/\\\/elsieart.pl\\\/?p=1303#article\",\"isPartOf\":{\"@id\":\"https:\\\/\\\/elsieart.pl\\\/?p=1303\"},\"author\":{\"name\":\"Anna Krajewska\",\"@id\":\"https:\\\/\\\/elsieart.pl\\\/#\\\/schema\\\/person\\\/818eb3c3d8144ede1c78eaca1156f3a3\"},\"headline\":\"Rezonans\u00a0\",\"datePublished\":\"2025-04-18T07:33:47+00:00\",\"mainEntityOfPage\":{\"@id\":\"https:\\\/\\\/elsieart.pl\\\/?p=1303\"},\"wordCount\":273,\"commentCount\":0,\"image\":{\"@id\":\"https:\\\/\\\/elsieart.pl\\\/?p=1303#primaryimage\"},\"thumbnailUrl\":\"http:\\\/\\\/elsieart.pl\\\/wp-content\\\/uploads\\\/2025\\\/04\\\/IMG_4579.jpeg\",\"articleSection\":[\"Moja Droga do Mi\u0142o\u015bci\"],\"inLanguage\":\"pl-PL\",\"potentialAction\":[{\"@type\":\"CommentAction\",\"name\":\"Comment\",\"target\":[\"https:\\\/\\\/elsieart.pl\\\/?p=1303#respond\"]}]},{\"@type\":\"WebPage\",\"@id\":\"https:\\\/\\\/elsieart.pl\\\/?p=1303\",\"url\":\"https:\\\/\\\/elsieart.pl\\\/?p=1303\",\"name\":\"Rezonans\u00a0 - NA\u2764NA...art czyli sztuka \u017bycia Dusz\u0105\",\"isPartOf\":{\"@id\":\"https:\\\/\\\/elsieart.pl\\\/#website\"},\"primaryImageOfPage\":{\"@id\":\"https:\\\/\\\/elsieart.pl\\\/?p=1303#primaryimage\"},\"image\":{\"@id\":\"https:\\\/\\\/elsieart.pl\\\/?p=1303#primaryimage\"},\"thumbnailUrl\":\"http:\\\/\\\/elsieart.pl\\\/wp-content\\\/uploads\\\/2025\\\/04\\\/IMG_4579.jpeg\",\"datePublished\":\"2025-04-18T07:33:47+00:00\",\"author\":{\"@id\":\"https:\\\/\\\/elsieart.pl\\\/#\\\/schema\\\/person\\\/818eb3c3d8144ede1c78eaca1156f3a3\"},\"breadcrumb\":{\"@id\":\"https:\\\/\\\/elsieart.pl\\\/?p=1303#breadcrumb\"},\"inLanguage\":\"pl-PL\",\"potentialAction\":[{\"@type\":\"ReadAction\",\"target\":[\"https:\\\/\\\/elsieart.pl\\\/?p=1303\"]}]},{\"@type\":\"ImageObject\",\"inLanguage\":\"pl-PL\",\"@id\":\"https:\\\/\\\/elsieart.pl\\\/?p=1303#primaryimage\",\"url\":\"https:\\\/\\\/elsieart.pl\\\/wp-content\\\/uploads\\\/2025\\\/04\\\/IMG_4579.jpeg\",\"contentUrl\":\"https:\\\/\\\/elsieart.pl\\\/wp-content\\\/uploads\\\/2025\\\/04\\\/IMG_4579.jpeg\",\"width\":730,\"height\":912},{\"@type\":\"BreadcrumbList\",\"@id\":\"https:\\\/\\\/elsieart.pl\\\/?p=1303#breadcrumb\",\"itemListElement\":[{\"@type\":\"ListItem\",\"position\":1,\"name\":\"Strona g\u0142\u00f3wna\",\"item\":\"https:\\\/\\\/elsieart.pl\\\/\"},{\"@type\":\"ListItem\",\"position\":2,\"name\":\"Rezonans\u00a0\"}]},{\"@type\":\"WebSite\",\"@id\":\"https:\\\/\\\/elsieart.pl\\\/#website\",\"url\":\"https:\\\/\\\/elsieart.pl\\\/\",\"name\":\"NA\u2764NA...art czyli sztuka \u017bycia Dusz\u0105\",\"description\":\"Anna Krajewska | Gdzie ludzkie spotyka si\u0119 z boskim\",\"potentialAction\":[{\"@type\":\"SearchAction\",\"target\":{\"@type\":\"EntryPoint\",\"urlTemplate\":\"https:\\\/\\\/elsieart.pl\\\/?s={search_term_string}\"},\"query-input\":{\"@type\":\"PropertyValueSpecification\",\"valueRequired\":true,\"valueName\":\"search_term_string\"}}],\"inLanguage\":\"pl-PL\"},{\"@type\":\"Person\",\"@id\":\"https:\\\/\\\/elsieart.pl\\\/#\\\/schema\\\/person\\\/818eb3c3d8144ede1c78eaca1156f3a3\",\"name\":\"Anna Krajewska\",\"image\":{\"@type\":\"ImageObject\",\"inLanguage\":\"pl-PL\",\"@id\":\"https:\\\/\\\/secure.gravatar.com\\\/avatar\\\/f8702c146031dc3a604b2968503f6b5a36ce29db33ea2369631cf1e9129f349d?s=96&d=mm&r=g\",\"url\":\"https:\\\/\\\/secure.gravatar.com\\\/avatar\\\/f8702c146031dc3a604b2968503f6b5a36ce29db33ea2369631cf1e9129f349d?s=96&d=mm&r=g\",\"contentUrl\":\"https:\\\/\\\/secure.gravatar.com\\\/avatar\\\/f8702c146031dc3a604b2968503f6b5a36ce29db33ea2369631cf1e9129f349d?s=96&d=mm&r=g\",\"caption\":\"Anna Krajewska\"},\"sameAs\":[\"https:\\\/\\\/elsieart.pl\"],\"url\":\"https:\\\/\\\/elsieart.pl\\\/?author=1\"}]}<\/script>\n<!-- \/ Yoast SEO plugin. -->","yoast_head_json":{"title":"Rezonans\u00a0 - NA\u2764NA...art czyli sztuka \u017bycia Dusz\u0105","robots":{"index":"index","follow":"follow","max-snippet":"max-snippet:-1","max-image-preview":"max-image-preview:large","max-video-preview":"max-video-preview:-1"},"canonical":"https:\/\/elsieart.pl\/?p=1303","og_locale":"pl_PL","og_type":"article","og_title":"Rezonans\u00a0 - NA\u2764NA...art czyli sztuka \u017bycia Dusz\u0105","og_description":"Kiedy przesta\u0142am \u015bpiewa\u0107? \u017by\u0107ko\u2026to co wybra\u0142am, sprawi\u0142o powoli\u2026powolutku\u2026dzie\u0144 po dniu\u2026\u017ce znikn\u0105\u0142 \u015bpiew\u2026znikn\u0119\u0142a\u2026melodia mego serca\u2026po prostu zanik\u0142a.&nbsp; Po prostu\u2026zgodzi\u0142am si\u0119 na mniej\u2026na mniej tego\u2026kim zawsze by\u0142am. Patrzy\u0142am, jak gitara stoj\u0105ca w rogu pokoju, przestawiana z miejsca na miejsce, wo\u0142aj\u0105ca \u2026ale nies\u0142yszana\u2026kurzy\u0142a si\u0119 i niszcza\u0142a. Jak zacz\u0105\u0142 p\u0119ka\u0107 lakier na drewnie rezonansowego pud\u0142a\u2026 Bo zabrak\u0142o rezonansu\u2026we mnie. &hellip; Czytaj dalej \u201eRezonans\u00a0\u201d","og_url":"https:\/\/elsieart.pl\/?p=1303","og_site_name":"NA\u2764NA...art czyli sztuka \u017bycia Dusz\u0105","article_published_time":"2025-04-18T07:33:47+00:00","og_image":[{"width":730,"height":912,"url":"https:\/\/elsieart.pl\/wp-content\/uploads\/2025\/04\/IMG_4579.jpeg","type":"image\/jpeg"}],"author":"Anna Krajewska","twitter_card":"summary_large_image","twitter_misc":{"Napisane przez":"Anna Krajewska","Szacowany czas czytania":"1 minuta"},"schema":{"@context":"https:\/\/schema.org","@graph":[{"@type":"Article","@id":"https:\/\/elsieart.pl\/?p=1303#article","isPartOf":{"@id":"https:\/\/elsieart.pl\/?p=1303"},"author":{"name":"Anna Krajewska","@id":"https:\/\/elsieart.pl\/#\/schema\/person\/818eb3c3d8144ede1c78eaca1156f3a3"},"headline":"Rezonans\u00a0","datePublished":"2025-04-18T07:33:47+00:00","mainEntityOfPage":{"@id":"https:\/\/elsieart.pl\/?p=1303"},"wordCount":273,"commentCount":0,"image":{"@id":"https:\/\/elsieart.pl\/?p=1303#primaryimage"},"thumbnailUrl":"http:\/\/elsieart.pl\/wp-content\/uploads\/2025\/04\/IMG_4579.jpeg","articleSection":["Moja Droga do Mi\u0142o\u015bci"],"inLanguage":"pl-PL","potentialAction":[{"@type":"CommentAction","name":"Comment","target":["https:\/\/elsieart.pl\/?p=1303#respond"]}]},{"@type":"WebPage","@id":"https:\/\/elsieart.pl\/?p=1303","url":"https:\/\/elsieart.pl\/?p=1303","name":"Rezonans\u00a0 - NA\u2764NA...art czyli sztuka \u017bycia Dusz\u0105","isPartOf":{"@id":"https:\/\/elsieart.pl\/#website"},"primaryImageOfPage":{"@id":"https:\/\/elsieart.pl\/?p=1303#primaryimage"},"image":{"@id":"https:\/\/elsieart.pl\/?p=1303#primaryimage"},"thumbnailUrl":"http:\/\/elsieart.pl\/wp-content\/uploads\/2025\/04\/IMG_4579.jpeg","datePublished":"2025-04-18T07:33:47+00:00","author":{"@id":"https:\/\/elsieart.pl\/#\/schema\/person\/818eb3c3d8144ede1c78eaca1156f3a3"},"breadcrumb":{"@id":"https:\/\/elsieart.pl\/?p=1303#breadcrumb"},"inLanguage":"pl-PL","potentialAction":[{"@type":"ReadAction","target":["https:\/\/elsieart.pl\/?p=1303"]}]},{"@type":"ImageObject","inLanguage":"pl-PL","@id":"https:\/\/elsieart.pl\/?p=1303#primaryimage","url":"https:\/\/elsieart.pl\/wp-content\/uploads\/2025\/04\/IMG_4579.jpeg","contentUrl":"https:\/\/elsieart.pl\/wp-content\/uploads\/2025\/04\/IMG_4579.jpeg","width":730,"height":912},{"@type":"BreadcrumbList","@id":"https:\/\/elsieart.pl\/?p=1303#breadcrumb","itemListElement":[{"@type":"ListItem","position":1,"name":"Strona g\u0142\u00f3wna","item":"https:\/\/elsieart.pl\/"},{"@type":"ListItem","position":2,"name":"Rezonans\u00a0"}]},{"@type":"WebSite","@id":"https:\/\/elsieart.pl\/#website","url":"https:\/\/elsieart.pl\/","name":"NA\u2764NA...art czyli sztuka \u017bycia Dusz\u0105","description":"Anna Krajewska | Gdzie ludzkie spotyka si\u0119 z boskim","potentialAction":[{"@type":"SearchAction","target":{"@type":"EntryPoint","urlTemplate":"https:\/\/elsieart.pl\/?s={search_term_string}"},"query-input":{"@type":"PropertyValueSpecification","valueRequired":true,"valueName":"search_term_string"}}],"inLanguage":"pl-PL"},{"@type":"Person","@id":"https:\/\/elsieart.pl\/#\/schema\/person\/818eb3c3d8144ede1c78eaca1156f3a3","name":"Anna Krajewska","image":{"@type":"ImageObject","inLanguage":"pl-PL","@id":"https:\/\/secure.gravatar.com\/avatar\/f8702c146031dc3a604b2968503f6b5a36ce29db33ea2369631cf1e9129f349d?s=96&d=mm&r=g","url":"https:\/\/secure.gravatar.com\/avatar\/f8702c146031dc3a604b2968503f6b5a36ce29db33ea2369631cf1e9129f349d?s=96&d=mm&r=g","contentUrl":"https:\/\/secure.gravatar.com\/avatar\/f8702c146031dc3a604b2968503f6b5a36ce29db33ea2369631cf1e9129f349d?s=96&d=mm&r=g","caption":"Anna Krajewska"},"sameAs":["https:\/\/elsieart.pl"],"url":"https:\/\/elsieart.pl\/?author=1"}]}},"_links":{"self":[{"href":"https:\/\/elsieart.pl\/index.php?rest_route=\/wp\/v2\/posts\/1303","targetHints":{"allow":["GET"]}}],"collection":[{"href":"https:\/\/elsieart.pl\/index.php?rest_route=\/wp\/v2\/posts"}],"about":[{"href":"https:\/\/elsieart.pl\/index.php?rest_route=\/wp\/v2\/types\/post"}],"author":[{"embeddable":true,"href":"https:\/\/elsieart.pl\/index.php?rest_route=\/wp\/v2\/users\/1"}],"replies":[{"embeddable":true,"href":"https:\/\/elsieart.pl\/index.php?rest_route=%2Fwp%2Fv2%2Fcomments&post=1303"}],"version-history":[{"count":1,"href":"https:\/\/elsieart.pl\/index.php?rest_route=\/wp\/v2\/posts\/1303\/revisions"}],"predecessor-version":[{"id":1305,"href":"https:\/\/elsieart.pl\/index.php?rest_route=\/wp\/v2\/posts\/1303\/revisions\/1305"}],"wp:attachment":[{"href":"https:\/\/elsieart.pl\/index.php?rest_route=%2Fwp%2Fv2%2Fmedia&parent=1303"}],"wp:term":[{"taxonomy":"category","embeddable":true,"href":"https:\/\/elsieart.pl\/index.php?rest_route=%2Fwp%2Fv2%2Fcategories&post=1303"},{"taxonomy":"post_tag","embeddable":true,"href":"https:\/\/elsieart.pl\/index.php?rest_route=%2Fwp%2Fv2%2Ftags&post=1303"}],"curies":[{"name":"wp","href":"https:\/\/api.w.org\/{rel}","templated":true}]}}