{"id":1258,"date":"2025-04-13T10:46:51","date_gmt":"2025-04-13T08:46:51","guid":{"rendered":"https:\/\/elsieart.pl\/?p=1258"},"modified":"2025-04-13T13:46:56","modified_gmt":"2025-04-13T11:46:56","slug":"kompas","status":"publish","type":"post","link":"https:\/\/elsieart.pl\/?p=1258","title":{"rendered":"Kompas"},"content":{"rendered":"\n<p class=\"wp-block-paragraph\">Nastawiam kompas\u2026<\/p>\n\n\n\n<p class=\"wp-block-paragraph\">Na moje serce, na moje uczucia, <br>na to\u2026jak mi z tym?<\/p>\n\n\n\n<p class=\"wp-block-paragraph\">Wiedza jest wa\u017cna, wiedza jest niezb\u0119dna, <br>to uporz\u0105dkowanie w Umy\u015ble, kt\u00f3ry wreszcie s\u0142u\u017cy, <br>a nie robi zam\u0119t.<\/p>\n\n\n\n<p class=\"wp-block-paragraph\">P\u00f3\u017aniej jednak, ja tego do\u015bwiadczam, przychodzi taki etap w \u017byciu, <br>gdzie jedynym i ostatecznym weryfikatorem jest moje w\u0142asne Serce. <br>I tylko do niego ju\u017c si\u0119 odwo\u0142uj\u0119. <br>Oczywi\u015bcie mog\u0142oby to do pewnego stopnia by\u0107 ju\u017c od najwcze\u015bniejszych lat. <br>Ale ma\u0142o po tym \u015bwiecie chodzi takich szcz\u0119\u015bciarzy, <br>kt\u00f3rzy od razu mieli normalne dzieci\u0144stwo, <br>a potem na tych do\u015bwiadczeniach budowali cudowne, <br>karmi\u0105ce zwi\u0105zki partnerskie, \u017cycie zawodowe, rodzin\u0119 itd.\u00a0<\/p>\n\n\n\n<p class=\"wp-block-paragraph\">Najcz\u0119\u015bciej dostawali\u015bmy po dupie od male\u0144ko\u015bci <br>i potworzy\u0142y si\u0119 w nas programy, wypaczone widzenie rzeczywisto\u015bci, <br>ludzi, \u015bwiata, nas samych. <br>I musimy ten syf usun\u0105\u0107, zdj\u0105\u0107 wszystkie warstwy<br>lub chocia\u017c jak\u0105\u015b ich cz\u0119\u015b\u0107, <br>aby do\u015bwiadcza\u0107 pi\u0119kniej, prawdziwiej.\u00a0<\/p>\n\n\n\n<p class=\"wp-block-paragraph\">Aby to zrobi\u0107 trzeba mie\u0107 odwag\u0119. <br>Nie wszystko udaje si\u0119 za pierwszym razem, <br>ale to nie znaczy, \u017ce nie mam pr\u00f3bowa\u0107. <br>Ja pr\u00f3buj\u0119 do skutku. <br>I wiele obszar\u00f3w mojego \u017cycia dzi\u0119ki temu uzdrowi\u0142am. <br>Uzdrowi\u0142am na moj\u0105 miar\u0119. <br>Bo w tym r\u00f3wnie\u017c odwo\u0142uj\u0119 si\u0119 do Serca. <br>Pytam, a w\u0142a\u015bciwie czuj\u0119, czy mi to ju\u017c wystarczy. <br>Nie rozdymam po\u017c\u0105da\u0144, nie rozkr\u0119cam si\u0119 w zach\u0142anno\u015bci. <br>Przecie\u017c wiem, bo czuj\u0119, <br>\u017ce tak naprawd\u0119 pragn\u0119 tych najwa\u017cniejszych rzeczy, <br>czyli zdrowia, spokoju serca, dachu nad g\u0142ow\u0105, <br>prostego dobrego obiadu, <br>jakiej\u015b ciekawej przyjemno\u015bci w formie hobby, <br>abym mog\u0142a spe\u0142nia\u0107 si\u0119 w jakiej\u015b formie tworzenia, <br>a to wszystko najlepiej dzieli\u0107 z ukochan\u0105 Dusz\u0105. <br>Dusz\u0105, kt\u00f3ra mnie wybra\u0142a, tak jak ja j\u0105. <br>To takie proste, takie zwyk\u0142e. <br>Kocham prostot\u0119.\u00a0<\/p>\n\n\n\n<p class=\"wp-block-paragraph\">Tak wi\u0119c ten kompas, moje w\u0142asne serce i to co czuj\u0119, <br>jest dla mnie bezpieczne. <br>Nauczy\u0142am si\u0119, \u017ce to jest najwa\u017cniejsze, nie jakie\u015b normy spo\u0142eczne, <br>religie, zasady, etc. wszystko to wymy\u015blili inni ludzie. <br>Pytanie jakie intencje im przy\u015bwieca\u0142y. <br>Co\u015b wydaje si\u0119 dobre, korzystne, s\u0142ysz\u0119 nawet, \u017ce no ale przecie\u017c <br>wszyscy tak robi\u0105, przecie\u017c to tak jest, tak ma by\u0107. <br>Ale kto o tym decyduje, kto ma prawo m\u00f3wi\u0107 mi i sk\u0105d wie, <br>co jest dla mnie dobre?<\/p>\n\n\n\n<p class=\"wp-block-paragraph\">Tylko ja. Tylko moje Serce, tam mieszka B\u00f3g. <br>To On jest dla mnie jedynym i najprawdziwszym kompasem. <br>I jaka to wolno\u015b\u0107. Bo B\u00f3g, czysta Mi\u0142o\u015b\u0107 bezwarunkowa chce dla mnie najlepiej. <br>To ja niestety niejednokrotnie k\u0142\u00f3ci\u0142am si\u0119 z Nim\u2026<br>w moim Umy\u015ble, w kt\u00f3rym by\u0142 ba\u0142agan.<\/p>\n\n\n\n<p class=\"wp-block-paragraph\">Ale to zaufanie do mnie samej, <br>do mojego Serca, do Tatki w nim, nie przysz\u0142o od razu. <br>Oj by\u0142a to orka na ugorze, oj dzia\u0142o si\u0119, bo najtrudniejsze dla mnie, <br>by\u0142o nauczy\u0107 si\u0119 rozr\u00f3\u017cnia\u0107, kiedy m\u00f3wi umys\u0142, a kiedy m\u00f3wi Serce. <br>I dzi\u015b wiem, \u017ce gdy m\u00f3wi Serce, to ja czuj\u0119 totalny, b\u0142ogi spok\u00f3j i akceptacj\u0119. <br>Chocia\u017c mo\u017ce to k\u0142\u00f3ci\u0107 si\u0119 z ca\u0142ym \u015bwiatem i cz\u0119sto si\u0119 k\u0142\u00f3ci, <br>to gdy ja czuj\u0119 ten spok\u00f3j, to wiem, co jest prawdziwe. <br>Wiem, \u017ce\u00a0\u00a0jestem w Domu. I nikt mi nie powie.<\/p>\n\n\n\n<p class=\"wp-block-paragraph\">Mia\u0142o by\u0107 o czym innym, ale jak to cz\u0119sto bywa, <br>pop\u0142yn\u0119\u0142o gdzie chcia\u0142o. <br>Ale jak p\u0142ynie, to wiem z jakiego miejsca p\u0142ynie, <br>i ja mam na to zgod\u0119 w sobie, widocznie tak by\u0142o potrzebne.<\/p>\n\n\n\n<figure class=\"wp-block-image size-full\"><img loading=\"lazy\" decoding=\"async\" width=\"720\" height=\"628\" src=\"http:\/\/elsieart.pl\/wp-content\/uploads\/2025\/04\/IMG_3237.jpeg\" alt=\"\" class=\"wp-image-1259\" srcset=\"https:\/\/elsieart.pl\/wp-content\/uploads\/2025\/04\/IMG_3237.jpeg 720w, https:\/\/elsieart.pl\/wp-content\/uploads\/2025\/04\/IMG_3237-300x262.jpeg 300w\" sizes=\"auto, (max-width: 720px) 100vw, 720px\" \/><figcaption class=\"wp-element-caption\">fot.Internet <\/figcaption><\/figure>\n","protected":false},"excerpt":{"rendered":"<p>Nastawiam kompas\u2026 Na moje serce, na moje uczucia, na to\u2026jak mi z tym? Wiedza jest wa\u017cna, wiedza jest niezb\u0119dna, to uporz\u0105dkowanie w Umy\u015ble, kt\u00f3ry wreszcie s\u0142u\u017cy, a nie robi zam\u0119t. P\u00f3\u017aniej jednak, ja tego do\u015bwiadczam, przychodzi taki etap w \u017byciu, gdzie jedynym i ostatecznym weryfikatorem jest moje w\u0142asne Serce. I tylko do niego ju\u017c si\u0119 &hellip; <\/p>\n<p class=\"link-more\"><a href=\"https:\/\/elsieart.pl\/?p=1258\" class=\"more-link\">Czytaj dalej<span class=\"screen-reader-text\"> \u201eKompas\u201d<\/span><\/a><\/p>\n","protected":false},"author":1,"featured_media":0,"comment_status":"closed","ping_status":"open","sticky":false,"template":"","format":"standard","meta":{"footnotes":""},"categories":[5],"tags":[],"class_list":["post-1258","post","type-post","status-publish","format-standard","hentry","category-moja-droga-do-milosci"],"yoast_head":"<!-- This site is optimized with the Yoast SEO plugin v28.0 - https:\/\/yoast.com\/product\/yoast-seo-wordpress\/ -->\n<title>Kompas - NA\u2764NA...art czyli sztuka \u017bycia Dusz\u0105<\/title>\n<meta name=\"robots\" content=\"index, follow, max-snippet:-1, max-image-preview:large, max-video-preview:-1\" \/>\n<link rel=\"canonical\" href=\"https:\/\/elsieart.pl\/?p=1258\" \/>\n<meta property=\"og:locale\" content=\"pl_PL\" \/>\n<meta property=\"og:type\" content=\"article\" \/>\n<meta property=\"og:title\" content=\"Kompas - NA\u2764NA...art czyli sztuka \u017bycia Dusz\u0105\" \/>\n<meta property=\"og:description\" content=\"Nastawiam kompas\u2026 Na moje serce, na moje uczucia, na to\u2026jak mi z tym? Wiedza jest wa\u017cna, wiedza jest niezb\u0119dna, to uporz\u0105dkowanie w Umy\u015ble, kt\u00f3ry wreszcie s\u0142u\u017cy, a nie robi zam\u0119t. P\u00f3\u017aniej jednak, ja tego do\u015bwiadczam, przychodzi taki etap w \u017byciu, gdzie jedynym i ostatecznym weryfikatorem jest moje w\u0142asne Serce. I tylko do niego ju\u017c si\u0119 &hellip; Czytaj dalej \u201eKompas\u201d\" \/>\n<meta property=\"og:url\" content=\"https:\/\/elsieart.pl\/?p=1258\" \/>\n<meta property=\"og:site_name\" content=\"NA\u2764NA...art czyli sztuka \u017bycia Dusz\u0105\" \/>\n<meta property=\"article:published_time\" content=\"2025-04-13T08:46:51+00:00\" \/>\n<meta property=\"article:modified_time\" content=\"2025-04-13T11:46:56+00:00\" \/>\n<meta property=\"og:image\" content=\"https:\/\/elsieart.pl\/wp-content\/uploads\/2025\/04\/IMG_3237.jpeg\" \/>\n\t<meta property=\"og:image:width\" content=\"720\" \/>\n\t<meta property=\"og:image:height\" content=\"628\" \/>\n\t<meta property=\"og:image:type\" content=\"image\/jpeg\" \/>\n<meta name=\"author\" content=\"Anna Krajewska\" \/>\n<meta name=\"twitter:card\" content=\"summary_large_image\" \/>\n<meta name=\"twitter:label1\" content=\"Napisane przez\" \/>\n\t<meta name=\"twitter:data1\" content=\"Anna Krajewska\" \/>\n\t<meta name=\"twitter:label2\" content=\"Szacowany czas czytania\" \/>\n\t<meta name=\"twitter:data2\" content=\"3 minuty\" \/>\n<script type=\"application\/ld+json\" class=\"yoast-schema-graph\">{\"@context\":\"https:\\\/\\\/schema.org\",\"@graph\":[{\"@type\":\"Article\",\"@id\":\"https:\\\/\\\/elsieart.pl\\\/?p=1258#article\",\"isPartOf\":{\"@id\":\"https:\\\/\\\/elsieart.pl\\\/?p=1258\"},\"author\":{\"name\":\"Anna Krajewska\",\"@id\":\"https:\\\/\\\/elsieart.pl\\\/#\\\/schema\\\/person\\\/818eb3c3d8144ede1c78eaca1156f3a3\"},\"headline\":\"Kompas\",\"datePublished\":\"2025-04-13T08:46:51+00:00\",\"dateModified\":\"2025-04-13T11:46:56+00:00\",\"mainEntityOfPage\":{\"@id\":\"https:\\\/\\\/elsieart.pl\\\/?p=1258\"},\"wordCount\":594,\"image\":{\"@id\":\"https:\\\/\\\/elsieart.pl\\\/?p=1258#primaryimage\"},\"thumbnailUrl\":\"http:\\\/\\\/elsieart.pl\\\/wp-content\\\/uploads\\\/2025\\\/04\\\/IMG_3237.jpeg\",\"articleSection\":[\"Moja Droga do Mi\u0142o\u015bci\"],\"inLanguage\":\"pl-PL\"},{\"@type\":\"WebPage\",\"@id\":\"https:\\\/\\\/elsieart.pl\\\/?p=1258\",\"url\":\"https:\\\/\\\/elsieart.pl\\\/?p=1258\",\"name\":\"Kompas - NA\u2764NA...art czyli sztuka \u017bycia Dusz\u0105\",\"isPartOf\":{\"@id\":\"https:\\\/\\\/elsieart.pl\\\/#website\"},\"primaryImageOfPage\":{\"@id\":\"https:\\\/\\\/elsieart.pl\\\/?p=1258#primaryimage\"},\"image\":{\"@id\":\"https:\\\/\\\/elsieart.pl\\\/?p=1258#primaryimage\"},\"thumbnailUrl\":\"http:\\\/\\\/elsieart.pl\\\/wp-content\\\/uploads\\\/2025\\\/04\\\/IMG_3237.jpeg\",\"datePublished\":\"2025-04-13T08:46:51+00:00\",\"dateModified\":\"2025-04-13T11:46:56+00:00\",\"author\":{\"@id\":\"https:\\\/\\\/elsieart.pl\\\/#\\\/schema\\\/person\\\/818eb3c3d8144ede1c78eaca1156f3a3\"},\"breadcrumb\":{\"@id\":\"https:\\\/\\\/elsieart.pl\\\/?p=1258#breadcrumb\"},\"inLanguage\":\"pl-PL\",\"potentialAction\":[{\"@type\":\"ReadAction\",\"target\":[\"https:\\\/\\\/elsieart.pl\\\/?p=1258\"]}]},{\"@type\":\"ImageObject\",\"inLanguage\":\"pl-PL\",\"@id\":\"https:\\\/\\\/elsieart.pl\\\/?p=1258#primaryimage\",\"url\":\"https:\\\/\\\/elsieart.pl\\\/wp-content\\\/uploads\\\/2025\\\/04\\\/IMG_3237.jpeg\",\"contentUrl\":\"https:\\\/\\\/elsieart.pl\\\/wp-content\\\/uploads\\\/2025\\\/04\\\/IMG_3237.jpeg\",\"width\":720,\"height\":628},{\"@type\":\"BreadcrumbList\",\"@id\":\"https:\\\/\\\/elsieart.pl\\\/?p=1258#breadcrumb\",\"itemListElement\":[{\"@type\":\"ListItem\",\"position\":1,\"name\":\"Strona g\u0142\u00f3wna\",\"item\":\"https:\\\/\\\/elsieart.pl\\\/\"},{\"@type\":\"ListItem\",\"position\":2,\"name\":\"Kompas\"}]},{\"@type\":\"WebSite\",\"@id\":\"https:\\\/\\\/elsieart.pl\\\/#website\",\"url\":\"https:\\\/\\\/elsieart.pl\\\/\",\"name\":\"NA\u2764NA...art czyli sztuka \u017bycia Dusz\u0105\",\"description\":\"Anna Krajewska | Gdzie ludzkie spotyka si\u0119 z boskim\",\"potentialAction\":[{\"@type\":\"SearchAction\",\"target\":{\"@type\":\"EntryPoint\",\"urlTemplate\":\"https:\\\/\\\/elsieart.pl\\\/?s={search_term_string}\"},\"query-input\":{\"@type\":\"PropertyValueSpecification\",\"valueRequired\":true,\"valueName\":\"search_term_string\"}}],\"inLanguage\":\"pl-PL\"},{\"@type\":\"Person\",\"@id\":\"https:\\\/\\\/elsieart.pl\\\/#\\\/schema\\\/person\\\/818eb3c3d8144ede1c78eaca1156f3a3\",\"name\":\"Anna Krajewska\",\"image\":{\"@type\":\"ImageObject\",\"inLanguage\":\"pl-PL\",\"@id\":\"https:\\\/\\\/secure.gravatar.com\\\/avatar\\\/f8702c146031dc3a604b2968503f6b5a36ce29db33ea2369631cf1e9129f349d?s=96&d=mm&r=g\",\"url\":\"https:\\\/\\\/secure.gravatar.com\\\/avatar\\\/f8702c146031dc3a604b2968503f6b5a36ce29db33ea2369631cf1e9129f349d?s=96&d=mm&r=g\",\"contentUrl\":\"https:\\\/\\\/secure.gravatar.com\\\/avatar\\\/f8702c146031dc3a604b2968503f6b5a36ce29db33ea2369631cf1e9129f349d?s=96&d=mm&r=g\",\"caption\":\"Anna Krajewska\"},\"sameAs\":[\"https:\\\/\\\/elsieart.pl\"],\"url\":\"https:\\\/\\\/elsieart.pl\\\/?author=1\"}]}<\/script>\n<!-- \/ Yoast SEO plugin. -->","yoast_head_json":{"title":"Kompas - NA\u2764NA...art czyli sztuka \u017bycia Dusz\u0105","robots":{"index":"index","follow":"follow","max-snippet":"max-snippet:-1","max-image-preview":"max-image-preview:large","max-video-preview":"max-video-preview:-1"},"canonical":"https:\/\/elsieart.pl\/?p=1258","og_locale":"pl_PL","og_type":"article","og_title":"Kompas - NA\u2764NA...art czyli sztuka \u017bycia Dusz\u0105","og_description":"Nastawiam kompas\u2026 Na moje serce, na moje uczucia, na to\u2026jak mi z tym? Wiedza jest wa\u017cna, wiedza jest niezb\u0119dna, to uporz\u0105dkowanie w Umy\u015ble, kt\u00f3ry wreszcie s\u0142u\u017cy, a nie robi zam\u0119t. P\u00f3\u017aniej jednak, ja tego do\u015bwiadczam, przychodzi taki etap w \u017byciu, gdzie jedynym i ostatecznym weryfikatorem jest moje w\u0142asne Serce. I tylko do niego ju\u017c si\u0119 &hellip; Czytaj dalej \u201eKompas\u201d","og_url":"https:\/\/elsieart.pl\/?p=1258","og_site_name":"NA\u2764NA...art czyli sztuka \u017bycia Dusz\u0105","article_published_time":"2025-04-13T08:46:51+00:00","article_modified_time":"2025-04-13T11:46:56+00:00","og_image":[{"width":720,"height":628,"url":"https:\/\/elsieart.pl\/wp-content\/uploads\/2025\/04\/IMG_3237.jpeg","type":"image\/jpeg"}],"author":"Anna Krajewska","twitter_card":"summary_large_image","twitter_misc":{"Napisane przez":"Anna Krajewska","Szacowany czas czytania":"3 minuty"},"schema":{"@context":"https:\/\/schema.org","@graph":[{"@type":"Article","@id":"https:\/\/elsieart.pl\/?p=1258#article","isPartOf":{"@id":"https:\/\/elsieart.pl\/?p=1258"},"author":{"name":"Anna Krajewska","@id":"https:\/\/elsieart.pl\/#\/schema\/person\/818eb3c3d8144ede1c78eaca1156f3a3"},"headline":"Kompas","datePublished":"2025-04-13T08:46:51+00:00","dateModified":"2025-04-13T11:46:56+00:00","mainEntityOfPage":{"@id":"https:\/\/elsieart.pl\/?p=1258"},"wordCount":594,"image":{"@id":"https:\/\/elsieart.pl\/?p=1258#primaryimage"},"thumbnailUrl":"http:\/\/elsieart.pl\/wp-content\/uploads\/2025\/04\/IMG_3237.jpeg","articleSection":["Moja Droga do Mi\u0142o\u015bci"],"inLanguage":"pl-PL"},{"@type":"WebPage","@id":"https:\/\/elsieart.pl\/?p=1258","url":"https:\/\/elsieart.pl\/?p=1258","name":"Kompas - NA\u2764NA...art czyli sztuka \u017bycia Dusz\u0105","isPartOf":{"@id":"https:\/\/elsieart.pl\/#website"},"primaryImageOfPage":{"@id":"https:\/\/elsieart.pl\/?p=1258#primaryimage"},"image":{"@id":"https:\/\/elsieart.pl\/?p=1258#primaryimage"},"thumbnailUrl":"http:\/\/elsieart.pl\/wp-content\/uploads\/2025\/04\/IMG_3237.jpeg","datePublished":"2025-04-13T08:46:51+00:00","dateModified":"2025-04-13T11:46:56+00:00","author":{"@id":"https:\/\/elsieart.pl\/#\/schema\/person\/818eb3c3d8144ede1c78eaca1156f3a3"},"breadcrumb":{"@id":"https:\/\/elsieart.pl\/?p=1258#breadcrumb"},"inLanguage":"pl-PL","potentialAction":[{"@type":"ReadAction","target":["https:\/\/elsieart.pl\/?p=1258"]}]},{"@type":"ImageObject","inLanguage":"pl-PL","@id":"https:\/\/elsieart.pl\/?p=1258#primaryimage","url":"https:\/\/elsieart.pl\/wp-content\/uploads\/2025\/04\/IMG_3237.jpeg","contentUrl":"https:\/\/elsieart.pl\/wp-content\/uploads\/2025\/04\/IMG_3237.jpeg","width":720,"height":628},{"@type":"BreadcrumbList","@id":"https:\/\/elsieart.pl\/?p=1258#breadcrumb","itemListElement":[{"@type":"ListItem","position":1,"name":"Strona g\u0142\u00f3wna","item":"https:\/\/elsieart.pl\/"},{"@type":"ListItem","position":2,"name":"Kompas"}]},{"@type":"WebSite","@id":"https:\/\/elsieart.pl\/#website","url":"https:\/\/elsieart.pl\/","name":"NA\u2764NA...art czyli sztuka \u017bycia Dusz\u0105","description":"Anna Krajewska | Gdzie ludzkie spotyka si\u0119 z boskim","potentialAction":[{"@type":"SearchAction","target":{"@type":"EntryPoint","urlTemplate":"https:\/\/elsieart.pl\/?s={search_term_string}"},"query-input":{"@type":"PropertyValueSpecification","valueRequired":true,"valueName":"search_term_string"}}],"inLanguage":"pl-PL"},{"@type":"Person","@id":"https:\/\/elsieart.pl\/#\/schema\/person\/818eb3c3d8144ede1c78eaca1156f3a3","name":"Anna Krajewska","image":{"@type":"ImageObject","inLanguage":"pl-PL","@id":"https:\/\/secure.gravatar.com\/avatar\/f8702c146031dc3a604b2968503f6b5a36ce29db33ea2369631cf1e9129f349d?s=96&d=mm&r=g","url":"https:\/\/secure.gravatar.com\/avatar\/f8702c146031dc3a604b2968503f6b5a36ce29db33ea2369631cf1e9129f349d?s=96&d=mm&r=g","contentUrl":"https:\/\/secure.gravatar.com\/avatar\/f8702c146031dc3a604b2968503f6b5a36ce29db33ea2369631cf1e9129f349d?s=96&d=mm&r=g","caption":"Anna Krajewska"},"sameAs":["https:\/\/elsieart.pl"],"url":"https:\/\/elsieart.pl\/?author=1"}]}},"_links":{"self":[{"href":"https:\/\/elsieart.pl\/index.php?rest_route=\/wp\/v2\/posts\/1258","targetHints":{"allow":["GET"]}}],"collection":[{"href":"https:\/\/elsieart.pl\/index.php?rest_route=\/wp\/v2\/posts"}],"about":[{"href":"https:\/\/elsieart.pl\/index.php?rest_route=\/wp\/v2\/types\/post"}],"author":[{"embeddable":true,"href":"https:\/\/elsieart.pl\/index.php?rest_route=\/wp\/v2\/users\/1"}],"replies":[{"embeddable":true,"href":"https:\/\/elsieart.pl\/index.php?rest_route=%2Fwp%2Fv2%2Fcomments&post=1258"}],"version-history":[{"count":6,"href":"https:\/\/elsieart.pl\/index.php?rest_route=\/wp\/v2\/posts\/1258\/revisions"}],"predecessor-version":[{"id":1267,"href":"https:\/\/elsieart.pl\/index.php?rest_route=\/wp\/v2\/posts\/1258\/revisions\/1267"}],"wp:attachment":[{"href":"https:\/\/elsieart.pl\/index.php?rest_route=%2Fwp%2Fv2%2Fmedia&parent=1258"}],"wp:term":[{"taxonomy":"category","embeddable":true,"href":"https:\/\/elsieart.pl\/index.php?rest_route=%2Fwp%2Fv2%2Fcategories&post=1258"},{"taxonomy":"post_tag","embeddable":true,"href":"https:\/\/elsieart.pl\/index.php?rest_route=%2Fwp%2Fv2%2Ftags&post=1258"}],"curies":[{"name":"wp","href":"https:\/\/api.w.org\/{rel}","templated":true}]}}