{"id":1193,"date":"2025-04-11T21:12:51","date_gmt":"2025-04-11T19:12:51","guid":{"rendered":"https:\/\/elsieart.pl\/?p=1193"},"modified":"2025-04-11T21:28:03","modified_gmt":"2025-04-11T19:28:03","slug":"kwestia-nadodpowiedzialnosci","status":"publish","type":"post","link":"https:\/\/elsieart.pl\/?p=1193","title":{"rendered":"Kwestia&#8230;nadodpowiedzialno\u015bci"},"content":{"rendered":"\n<p class=\"wp-block-paragraph\">Przewija\u0142a si\u0119 przez moje \u017by\u0107ko od wczesnego dzieci\u0144stwa. <br>Zakodowana, obarczona tym ci\u0119\u017carem nie do ud\u017awigni\u0119cia <br>&#8230;dziewczynka we mnie, <br>musia\u0142a si\u0119 od tego uwalnia\u0107 przez lata ca\u0142e. <br>Niestety, niemal wszystkie dziedziny \u017cycia zostaj\u0105 tym ska\u017cone.<br><br>Najpierw dzia\u0142a niezauwa\u017cone, w tle. <br>Program si\u0119 kr\u0119ci, staje si\u0119 cz\u0119\u015bci\u0105 to\u017csamo\u015bci, <br>cho\u0107 tak naprawd\u0119 jest programem fa\u0142szywego ego, <br>kt\u00f3re lubi te\u017c przecie\u017c stroszy\u0107 pi\u00f3rka <br>i oczywi\u015bcie nadbudowuje si\u0119 nad tym wreszcie, <br>jakie\u015b chore poczucie warto\u015bci, \u017ce ja to wiem, ja musz\u0119, ja potrafi\u0119, <br>ja, ja, ja. <br>No bo jak ju\u017c si\u0119 d\u017awiga takie cholernie ci\u0119\u017ckie ci\u0119\u017cary, \u017ce wygina, <br>to dobrze co\u015b z tego mie\u0107.<\/p>\n\n\n\n<p class=\"wp-block-paragraph\">Jako \u017ce jest nieu\u015bwiadomione, bo to program, to tego nie widz\u0119&#8230;<br>do czasu, gdy poczuj\u0119 si\u0119 tak cholernie zm\u0119czona, <br>wyssana z energii \u017cyciowej, wypruta, bez si\u0142 i mocy, <\/p>\n\n\n\n<p class=\"wp-block-paragraph\">\u017ce \u017by\u0107ko, <br><br>robi mi przys\u0142ug\u0119, zmusza mnie wr\u0119cz, <br>abym si\u0119 temu&#8230;przyjrza\u0142a. <br>Tak&#8230;bo \u017by\u0107ko zawsze d\u0105\u017cy do r\u00f3wnowagi.<br><br>Nie wybra\u0142am tego, dosta\u0142am 'w spadku&#8217; po rodzicach <br>i wiem cholernie dobrze ile to kosztuje.<br><br>Gdzie podzia\u0142a si\u0119 moja moc? <br>Ano tam w\u0142a\u015bnie, odda\u0142am j\u0105 dla innych, na nie swoj\u0105 walk\u0119, <br>na co\u015b co nie jest moim zadaniem, nie jest i nigdy nie by\u0142o. <br>I nigdy nie powinno by\u0107, bo ka\u017cdy ma obowi\u0105zek by\u0107 odpowiedzialny <br>tylko za siebie, swoje czyny, swoje \u017cycie.<\/p>\n\n\n\n<p class=\"wp-block-paragraph\">Jednak, gdy zobacz\u0119 ten wiruj\u0105cy program we mnie, <br>to mog\u0119 wreszcie si\u0119 od niego uwolni\u0107. <br>I jaka to ulga, ku.wa, ulga nie do opisania. <br>To by\u0142o jak wzi\u0119cie g\u0142\u0119bokiego oddechu, <br>\u015bwie\u017cym i od\u017cywczym powietrzem wraz z kt\u00f3rym <br>wype\u0142nia mnie \u017cyciodajna si\u0142a.<\/p>\n\n\n\n<p class=\"wp-block-paragraph\">Pami\u0119tam, pami\u0119tam, gdy to si\u0119 wydarzy\u0142o lata temu. <br>Pami\u0119tam t\u0119 wolno\u015b\u0107.<br><br>Dlatego dzisiaj sobie przypomnia\u0142am o tym, <br>gdy pojawi\u0142a si\u0119 sytuacja, <br>gdzie kto\u015b mi bliski pr\u00f3bowa\u0142 mnie wci\u0105gn\u0105\u0107 w to ponownie. <br>I nie zobaczy\u0142am tego od razu, nie od razu rozpozna\u0142am.<\/p>\n\n\n\n<p class=\"wp-block-paragraph\">Poczu\u0142am natomiast, <br>gdy rozwa\u017ca\u0142am wszystkie za i przeciw, racjonalnie, <br>no i niby w zgodzie z tzw. normami zachowa\u0144 spo\u0142ecznych (a jak\u017ce),<br>to mimo wszystko, w tym chwilowym za\u0107mieniu poczu\u0142am<br>&#8230;jak\u0105\u015b pr\u00f3b\u0119 gwa\u0142tu na samej sobie.<br>I gdy nazwa\u0142am to uczucie towarzysz\u0105ce mi w tle wydarze\u0144, <br>to pojawi\u0142o si\u0119, \u017ce no co ku\u017awa, serio? <br>Mam do tego wraca\u0107? <br>Mam sobie zn\u00f3w to robi\u0107?<\/p>\n\n\n\n<p class=\"wp-block-paragraph\">Pojawi\u0142o si\u0119 te\u017c takie zdanie pobrzmiewaj\u0105ce w mojej g\u0142owie:<br>&#8217;ty b\u0105d\u017a m\u0105drzejsza&#8217;. <br>I tak niby z gruszki, ni z pietruszki, niby totalnie bez zwi\u0105zku.<br>Ale za dobrze znam moj\u0105 Dusz\u0119, abym nie wiedzia\u0142a, <br>\u017ce to pojawi\u0142o si\u0119 nie bez przyczyny, tam mam kopa\u0107, <br>tam jest co\u015b do wydobycia na \u015bwiat\u0142o \u015bwiadomo\u015bci.<\/p>\n\n\n\n<p class=\"wp-block-paragraph\">To 'ty b\u0105d\u017a m\u0105drzejsza&#8217; <br>od pierwszej chwili budzi\u0142o we mnie bunt, pami\u0119tam. <br>Ju\u017c wtedy dawniej, czu\u0142am pismo nosem, \u017ce tu jest jaki\u015b smr\u00f3d. <br>Ale \u017ce to przysz\u0142o od jednego z rodzic\u00f3w, to jak to dziecko, <br>nie umia\u0142am tego od razu podwa\u017cy\u0107. <br>Jest to obrzydliwe zdejmowanie odpowiedzialno\u015bci z kogo\u015b, <br>a branie na swoje barki.<br><br>Tfu!<\/p>\n\n\n\n<p class=\"wp-block-paragraph\">Jest r\u00f3wnie\u017c ucieczk\u0105 od konfrontacji, od zmierzenia si\u0119 z prawd\u0105. <br>Bo to co\u015b przyk\u0142adowo w tym stylu: <br>on zrobi\u0142 co\u015b ujowego, <br>a dobra tam, on taki gupi przecie\u017c, ty b\u0105d\u017a m\u0105drzejsza \ud83e\udd28. No. <br>A on niech nadal b\u0119dzie sobie gupi, zdejmijmy z niego odpowiedzialno\u015b\u0107, <br>ty prze\u0142knij, b\u0105d\u017a m\u0105drzejsza i id\u017acie dalej. <br>Ty udaj, \u017ce nie czujesz, ZGWA\u0141\u0106 siebie&#8230;i gitarka&#8230;jako\u015b to b\u0119dzie.<br>Dzi\u015b wiem na st\u00f3wk\u0119, \u017ce to wynika\u0142o z l\u0119ku przed konfrontacj\u0105 z rzeczywisto\u015bci\u0105.<\/p>\n\n\n\n<p class=\"wp-block-paragraph\">Tfu!<\/p>\n\n\n\n<p class=\"wp-block-paragraph\">I to mo\u017ce trywialny przyk\u0142ad by\u0142. <br>Ten dzisiejszy to naprawd\u0119 du\u017cy kaliber. <br>Jednak stan\u0119\u0142am przed wyborem, czy zgwa\u0142c\u0119 siebie, <br>czy jednak wybior\u0119 siebie naprawd\u0119. <br>Czasem przychodzi taka ma\u0142a powt\u00f3rka z rozrywki, forma testu.<br>Kto\u015b my\u015bli, \u017ce potr\u0105ci odpowiedni\u0105 strun\u0119 i zagram jak ta ba\u0142a\u0142ajka. <br><br>Ludzie lubi\u0105 zrzuca\u0107 z siebie odpowiedzialno\u015b\u0107, <br>co ich pozbawia mocy, ale tego nie widz\u0105. <br>Bo w sumie po co moc, lepiej gdy jest\u2026wygodnie.<br>Mam by\u0107 odpowiedzialna za rodzic\u00f3w, partnera, dziecko. <br><br>Pi\u0119ciolatka, kt\u00f3r\u0105 zaatakowa\u0142 pies, <br>bo nie zapewniono jej nale\u017cytej opieki,<br>te\u017c by\u0142a odpowiedzialna i winna&#8230;<br>tak, tak, nie rodzic, kt\u00f3ry pozostawi\u0142 j\u0105 bez opieki. <br>Ju\u017c takich pierd\u00f3\u0142 nie s\u0142ucham.<br>Teraz ja mam te\u017c by\u0107 odpowiedzialna, 'm\u0105drzejsza&#8217;&#8230;(niez\u0142a manipulacja)<br>lecz ju\u017c tego nie kupuj\u0119&#8230;natomiast wybieram siebie. <br><br>Za dziecko, jestem odpowiedzialna, tak ma by\u0107. <br>Te\u017c jednak do pewnego momentu tylko. <br>I nawet je\u017celi jest jeszcze czas tej mojej odpowiedzialno\u015bci, <br>to te\u017c czasem musz\u0119 pozwoli\u0107 mu upa\u015b\u0107. <br>Z mi\u0142o\u015bci, \u017ceby on nauczy\u0142 si\u0119 bra\u0107 odpowiedzialno\u015b\u0107 za siebie <br>w przysz\u0142o\u015bci. <br><br>Dalej, w szerszym, duchowym aspekcie, <br>taka nadodpowiedzialno\u015b\u0107 to jest os\u0142abianie kogo\u015b, niewidzenie jego mocy, <br>czasem wr\u0119cz odbieranie mu mo\u017cliwo\u015bci uzdrowienia na g\u0142\u0119bszym poziomie.<br>To do niczego dobrego nie prowadzi i \u017cadnej ze stron nie przynosi nic dobrego. <br>Ja wzi\u0119\u0142abym na swoje barki cudzy ci\u0119\u017car (po co? to nie mi\u0142o\u015b\u0107, to \u017cadna pomoc), <br>a drugiej stronie odebra\u0142abym okazj\u0119 do zrozumienia, do uzdrowienia, <br>do stani\u0119cia we w\u0142asnej mocy w\u0142a\u015bnie.<\/p>\n\n\n\n<p class=\"wp-block-paragraph\">Pozwalam im wzi\u0105\u0107 ich \u017cycie we w\u0142asne r\u0119ce. <br>Ka\u017cdemu. S\u0105 doro\u015bli. <br>I ka\u017cdego Tatko obdarzy\u0142 tak\u0105 sam\u0105 moc\u0105, ka\u017cdemu da\u0142 po r\u00f3wno.<br><br>Kocham \u2764<\/p>\n\n\n\n<figure class=\"wp-block-image size-full\"><img loading=\"lazy\" decoding=\"async\" width=\"563\" height=\"561\" src=\"http:\/\/elsieart.pl\/wp-content\/uploads\/2025\/04\/IMG_3519.jpeg\" alt=\"\" class=\"wp-image-1228\" srcset=\"https:\/\/elsieart.pl\/wp-content\/uploads\/2025\/04\/IMG_3519.jpeg 563w, https:\/\/elsieart.pl\/wp-content\/uploads\/2025\/04\/IMG_3519-300x300.jpeg 300w, https:\/\/elsieart.pl\/wp-content\/uploads\/2025\/04\/IMG_3519-150x150.jpeg 150w, https:\/\/elsieart.pl\/wp-content\/uploads\/2025\/04\/IMG_3519-100x100.jpeg 100w\" sizes=\"auto, (max-width: 563px) 100vw, 563px\" \/><figcaption class=\"wp-element-caption\">fot.Internet <\/figcaption><\/figure>\n\n\n\n<p class=\"wp-block-paragraph\"><\/p>\n","protected":false},"excerpt":{"rendered":"<p>Przewija\u0142a si\u0119 przez moje \u017by\u0107ko od wczesnego dzieci\u0144stwa. Zakodowana, obarczona tym ci\u0119\u017carem nie do ud\u017awigni\u0119cia &#8230;dziewczynka we mnie, musia\u0142a si\u0119 od tego uwalnia\u0107 przez lata ca\u0142e. Niestety, niemal wszystkie dziedziny \u017cycia zostaj\u0105 tym ska\u017cone. Najpierw dzia\u0142a niezauwa\u017cone, w tle. Program si\u0119 kr\u0119ci, staje si\u0119 cz\u0119\u015bci\u0105 to\u017csamo\u015bci, cho\u0107 tak naprawd\u0119 jest programem fa\u0142szywego ego, kt\u00f3re lubi &hellip; <\/p>\n<p class=\"link-more\"><a href=\"https:\/\/elsieart.pl\/?p=1193\" class=\"more-link\">Czytaj dalej<span class=\"screen-reader-text\"> \u201eKwestia&#8230;nadodpowiedzialno\u015bci\u201d<\/span><\/a><\/p>\n","protected":false},"author":1,"featured_media":0,"comment_status":"open","ping_status":"open","sticky":false,"template":"","format":"standard","meta":{"footnotes":""},"categories":[5],"tags":[],"class_list":["post-1193","post","type-post","status-publish","format-standard","hentry","category-moja-droga-do-milosci"],"yoast_head":"<!-- This site is optimized with the Yoast SEO plugin v28.0 - https:\/\/yoast.com\/product\/yoast-seo-wordpress\/ -->\n<title>Kwestia...nadodpowiedzialno\u015bci - NA\u2764NA...art czyli sztuka \u017bycia Dusz\u0105<\/title>\n<meta name=\"robots\" content=\"index, follow, max-snippet:-1, max-image-preview:large, max-video-preview:-1\" \/>\n<link rel=\"canonical\" href=\"https:\/\/elsieart.pl\/?p=1193\" \/>\n<meta property=\"og:locale\" content=\"pl_PL\" \/>\n<meta property=\"og:type\" content=\"article\" \/>\n<meta property=\"og:title\" content=\"Kwestia...nadodpowiedzialno\u015bci - NA\u2764NA...art czyli sztuka \u017bycia Dusz\u0105\" \/>\n<meta property=\"og:description\" content=\"Przewija\u0142a si\u0119 przez moje \u017by\u0107ko od wczesnego dzieci\u0144stwa. Zakodowana, obarczona tym ci\u0119\u017carem nie do ud\u017awigni\u0119cia &#8230;dziewczynka we mnie, musia\u0142a si\u0119 od tego uwalnia\u0107 przez lata ca\u0142e. Niestety, niemal wszystkie dziedziny \u017cycia zostaj\u0105 tym ska\u017cone. Najpierw dzia\u0142a niezauwa\u017cone, w tle. Program si\u0119 kr\u0119ci, staje si\u0119 cz\u0119\u015bci\u0105 to\u017csamo\u015bci, cho\u0107 tak naprawd\u0119 jest programem fa\u0142szywego ego, kt\u00f3re lubi &hellip; Czytaj dalej \u201eKwestia&#8230;nadodpowiedzialno\u015bci\u201d\" \/>\n<meta property=\"og:url\" content=\"https:\/\/elsieart.pl\/?p=1193\" \/>\n<meta property=\"og:site_name\" content=\"NA\u2764NA...art czyli sztuka \u017bycia Dusz\u0105\" \/>\n<meta property=\"article:published_time\" content=\"2025-04-11T19:12:51+00:00\" \/>\n<meta property=\"article:modified_time\" content=\"2025-04-11T19:28:03+00:00\" \/>\n<meta property=\"og:image\" content=\"https:\/\/elsieart.pl\/wp-content\/uploads\/2025\/04\/IMG_3519.jpeg\" \/>\n\t<meta property=\"og:image:width\" content=\"563\" \/>\n\t<meta property=\"og:image:height\" content=\"561\" \/>\n\t<meta property=\"og:image:type\" content=\"image\/jpeg\" \/>\n<meta name=\"author\" content=\"Anna Krajewska\" \/>\n<meta name=\"twitter:card\" content=\"summary_large_image\" \/>\n<meta name=\"twitter:label1\" content=\"Napisane przez\" \/>\n\t<meta name=\"twitter:data1\" content=\"Anna Krajewska\" \/>\n\t<meta name=\"twitter:label2\" content=\"Szacowany czas czytania\" \/>\n\t<meta name=\"twitter:data2\" content=\"5 minut\" \/>\n<script type=\"application\/ld+json\" class=\"yoast-schema-graph\">{\"@context\":\"https:\\\/\\\/schema.org\",\"@graph\":[{\"@type\":\"Article\",\"@id\":\"https:\\\/\\\/elsieart.pl\\\/?p=1193#article\",\"isPartOf\":{\"@id\":\"https:\\\/\\\/elsieart.pl\\\/?p=1193\"},\"author\":{\"name\":\"Anna Krajewska\",\"@id\":\"https:\\\/\\\/elsieart.pl\\\/#\\\/schema\\\/person\\\/818eb3c3d8144ede1c78eaca1156f3a3\"},\"headline\":\"Kwestia&#8230;nadodpowiedzialno\u015bci\",\"datePublished\":\"2025-04-11T19:12:51+00:00\",\"dateModified\":\"2025-04-11T19:28:03+00:00\",\"mainEntityOfPage\":{\"@id\":\"https:\\\/\\\/elsieart.pl\\\/?p=1193\"},\"wordCount\":946,\"commentCount\":0,\"image\":{\"@id\":\"https:\\\/\\\/elsieart.pl\\\/?p=1193#primaryimage\"},\"thumbnailUrl\":\"http:\\\/\\\/elsieart.pl\\\/wp-content\\\/uploads\\\/2025\\\/04\\\/IMG_3519.jpeg\",\"articleSection\":[\"Moja Droga do Mi\u0142o\u015bci\"],\"inLanguage\":\"pl-PL\",\"potentialAction\":[{\"@type\":\"CommentAction\",\"name\":\"Comment\",\"target\":[\"https:\\\/\\\/elsieart.pl\\\/?p=1193#respond\"]}]},{\"@type\":\"WebPage\",\"@id\":\"https:\\\/\\\/elsieart.pl\\\/?p=1193\",\"url\":\"https:\\\/\\\/elsieart.pl\\\/?p=1193\",\"name\":\"Kwestia...nadodpowiedzialno\u015bci - NA\u2764NA...art czyli sztuka \u017bycia Dusz\u0105\",\"isPartOf\":{\"@id\":\"https:\\\/\\\/elsieart.pl\\\/#website\"},\"primaryImageOfPage\":{\"@id\":\"https:\\\/\\\/elsieart.pl\\\/?p=1193#primaryimage\"},\"image\":{\"@id\":\"https:\\\/\\\/elsieart.pl\\\/?p=1193#primaryimage\"},\"thumbnailUrl\":\"http:\\\/\\\/elsieart.pl\\\/wp-content\\\/uploads\\\/2025\\\/04\\\/IMG_3519.jpeg\",\"datePublished\":\"2025-04-11T19:12:51+00:00\",\"dateModified\":\"2025-04-11T19:28:03+00:00\",\"author\":{\"@id\":\"https:\\\/\\\/elsieart.pl\\\/#\\\/schema\\\/person\\\/818eb3c3d8144ede1c78eaca1156f3a3\"},\"breadcrumb\":{\"@id\":\"https:\\\/\\\/elsieart.pl\\\/?p=1193#breadcrumb\"},\"inLanguage\":\"pl-PL\",\"potentialAction\":[{\"@type\":\"ReadAction\",\"target\":[\"https:\\\/\\\/elsieart.pl\\\/?p=1193\"]}]},{\"@type\":\"ImageObject\",\"inLanguage\":\"pl-PL\",\"@id\":\"https:\\\/\\\/elsieart.pl\\\/?p=1193#primaryimage\",\"url\":\"https:\\\/\\\/elsieart.pl\\\/wp-content\\\/uploads\\\/2025\\\/04\\\/IMG_3519.jpeg\",\"contentUrl\":\"https:\\\/\\\/elsieart.pl\\\/wp-content\\\/uploads\\\/2025\\\/04\\\/IMG_3519.jpeg\",\"width\":563,\"height\":561},{\"@type\":\"BreadcrumbList\",\"@id\":\"https:\\\/\\\/elsieart.pl\\\/?p=1193#breadcrumb\",\"itemListElement\":[{\"@type\":\"ListItem\",\"position\":1,\"name\":\"Strona g\u0142\u00f3wna\",\"item\":\"https:\\\/\\\/elsieart.pl\\\/\"},{\"@type\":\"ListItem\",\"position\":2,\"name\":\"Kwestia&#8230;nadodpowiedzialno\u015bci\"}]},{\"@type\":\"WebSite\",\"@id\":\"https:\\\/\\\/elsieart.pl\\\/#website\",\"url\":\"https:\\\/\\\/elsieart.pl\\\/\",\"name\":\"NA\u2764NA...art czyli sztuka \u017bycia Dusz\u0105\",\"description\":\"Anna Krajewska | Gdzie ludzkie spotyka si\u0119 z boskim\",\"potentialAction\":[{\"@type\":\"SearchAction\",\"target\":{\"@type\":\"EntryPoint\",\"urlTemplate\":\"https:\\\/\\\/elsieart.pl\\\/?s={search_term_string}\"},\"query-input\":{\"@type\":\"PropertyValueSpecification\",\"valueRequired\":true,\"valueName\":\"search_term_string\"}}],\"inLanguage\":\"pl-PL\"},{\"@type\":\"Person\",\"@id\":\"https:\\\/\\\/elsieart.pl\\\/#\\\/schema\\\/person\\\/818eb3c3d8144ede1c78eaca1156f3a3\",\"name\":\"Anna Krajewska\",\"image\":{\"@type\":\"ImageObject\",\"inLanguage\":\"pl-PL\",\"@id\":\"https:\\\/\\\/secure.gravatar.com\\\/avatar\\\/f8702c146031dc3a604b2968503f6b5a36ce29db33ea2369631cf1e9129f349d?s=96&d=mm&r=g\",\"url\":\"https:\\\/\\\/secure.gravatar.com\\\/avatar\\\/f8702c146031dc3a604b2968503f6b5a36ce29db33ea2369631cf1e9129f349d?s=96&d=mm&r=g\",\"contentUrl\":\"https:\\\/\\\/secure.gravatar.com\\\/avatar\\\/f8702c146031dc3a604b2968503f6b5a36ce29db33ea2369631cf1e9129f349d?s=96&d=mm&r=g\",\"caption\":\"Anna Krajewska\"},\"sameAs\":[\"https:\\\/\\\/elsieart.pl\"],\"url\":\"https:\\\/\\\/elsieart.pl\\\/?author=1\"}]}<\/script>\n<!-- \/ Yoast SEO plugin. -->","yoast_head_json":{"title":"Kwestia...nadodpowiedzialno\u015bci - NA\u2764NA...art czyli sztuka \u017bycia Dusz\u0105","robots":{"index":"index","follow":"follow","max-snippet":"max-snippet:-1","max-image-preview":"max-image-preview:large","max-video-preview":"max-video-preview:-1"},"canonical":"https:\/\/elsieart.pl\/?p=1193","og_locale":"pl_PL","og_type":"article","og_title":"Kwestia...nadodpowiedzialno\u015bci - NA\u2764NA...art czyli sztuka \u017bycia Dusz\u0105","og_description":"Przewija\u0142a si\u0119 przez moje \u017by\u0107ko od wczesnego dzieci\u0144stwa. Zakodowana, obarczona tym ci\u0119\u017carem nie do ud\u017awigni\u0119cia &#8230;dziewczynka we mnie, musia\u0142a si\u0119 od tego uwalnia\u0107 przez lata ca\u0142e. Niestety, niemal wszystkie dziedziny \u017cycia zostaj\u0105 tym ska\u017cone. Najpierw dzia\u0142a niezauwa\u017cone, w tle. Program si\u0119 kr\u0119ci, staje si\u0119 cz\u0119\u015bci\u0105 to\u017csamo\u015bci, cho\u0107 tak naprawd\u0119 jest programem fa\u0142szywego ego, kt\u00f3re lubi &hellip; Czytaj dalej \u201eKwestia&#8230;nadodpowiedzialno\u015bci\u201d","og_url":"https:\/\/elsieart.pl\/?p=1193","og_site_name":"NA\u2764NA...art czyli sztuka \u017bycia Dusz\u0105","article_published_time":"2025-04-11T19:12:51+00:00","article_modified_time":"2025-04-11T19:28:03+00:00","og_image":[{"width":563,"height":561,"url":"https:\/\/elsieart.pl\/wp-content\/uploads\/2025\/04\/IMG_3519.jpeg","type":"image\/jpeg"}],"author":"Anna Krajewska","twitter_card":"summary_large_image","twitter_misc":{"Napisane przez":"Anna Krajewska","Szacowany czas czytania":"5 minut"},"schema":{"@context":"https:\/\/schema.org","@graph":[{"@type":"Article","@id":"https:\/\/elsieart.pl\/?p=1193#article","isPartOf":{"@id":"https:\/\/elsieart.pl\/?p=1193"},"author":{"name":"Anna Krajewska","@id":"https:\/\/elsieart.pl\/#\/schema\/person\/818eb3c3d8144ede1c78eaca1156f3a3"},"headline":"Kwestia&#8230;nadodpowiedzialno\u015bci","datePublished":"2025-04-11T19:12:51+00:00","dateModified":"2025-04-11T19:28:03+00:00","mainEntityOfPage":{"@id":"https:\/\/elsieart.pl\/?p=1193"},"wordCount":946,"commentCount":0,"image":{"@id":"https:\/\/elsieart.pl\/?p=1193#primaryimage"},"thumbnailUrl":"http:\/\/elsieart.pl\/wp-content\/uploads\/2025\/04\/IMG_3519.jpeg","articleSection":["Moja Droga do Mi\u0142o\u015bci"],"inLanguage":"pl-PL","potentialAction":[{"@type":"CommentAction","name":"Comment","target":["https:\/\/elsieart.pl\/?p=1193#respond"]}]},{"@type":"WebPage","@id":"https:\/\/elsieart.pl\/?p=1193","url":"https:\/\/elsieart.pl\/?p=1193","name":"Kwestia...nadodpowiedzialno\u015bci - NA\u2764NA...art czyli sztuka \u017bycia Dusz\u0105","isPartOf":{"@id":"https:\/\/elsieart.pl\/#website"},"primaryImageOfPage":{"@id":"https:\/\/elsieart.pl\/?p=1193#primaryimage"},"image":{"@id":"https:\/\/elsieart.pl\/?p=1193#primaryimage"},"thumbnailUrl":"http:\/\/elsieart.pl\/wp-content\/uploads\/2025\/04\/IMG_3519.jpeg","datePublished":"2025-04-11T19:12:51+00:00","dateModified":"2025-04-11T19:28:03+00:00","author":{"@id":"https:\/\/elsieart.pl\/#\/schema\/person\/818eb3c3d8144ede1c78eaca1156f3a3"},"breadcrumb":{"@id":"https:\/\/elsieart.pl\/?p=1193#breadcrumb"},"inLanguage":"pl-PL","potentialAction":[{"@type":"ReadAction","target":["https:\/\/elsieart.pl\/?p=1193"]}]},{"@type":"ImageObject","inLanguage":"pl-PL","@id":"https:\/\/elsieart.pl\/?p=1193#primaryimage","url":"https:\/\/elsieart.pl\/wp-content\/uploads\/2025\/04\/IMG_3519.jpeg","contentUrl":"https:\/\/elsieart.pl\/wp-content\/uploads\/2025\/04\/IMG_3519.jpeg","width":563,"height":561},{"@type":"BreadcrumbList","@id":"https:\/\/elsieart.pl\/?p=1193#breadcrumb","itemListElement":[{"@type":"ListItem","position":1,"name":"Strona g\u0142\u00f3wna","item":"https:\/\/elsieart.pl\/"},{"@type":"ListItem","position":2,"name":"Kwestia&#8230;nadodpowiedzialno\u015bci"}]},{"@type":"WebSite","@id":"https:\/\/elsieart.pl\/#website","url":"https:\/\/elsieart.pl\/","name":"NA\u2764NA...art czyli sztuka \u017bycia Dusz\u0105","description":"Anna Krajewska | Gdzie ludzkie spotyka si\u0119 z boskim","potentialAction":[{"@type":"SearchAction","target":{"@type":"EntryPoint","urlTemplate":"https:\/\/elsieart.pl\/?s={search_term_string}"},"query-input":{"@type":"PropertyValueSpecification","valueRequired":true,"valueName":"search_term_string"}}],"inLanguage":"pl-PL"},{"@type":"Person","@id":"https:\/\/elsieart.pl\/#\/schema\/person\/818eb3c3d8144ede1c78eaca1156f3a3","name":"Anna Krajewska","image":{"@type":"ImageObject","inLanguage":"pl-PL","@id":"https:\/\/secure.gravatar.com\/avatar\/f8702c146031dc3a604b2968503f6b5a36ce29db33ea2369631cf1e9129f349d?s=96&d=mm&r=g","url":"https:\/\/secure.gravatar.com\/avatar\/f8702c146031dc3a604b2968503f6b5a36ce29db33ea2369631cf1e9129f349d?s=96&d=mm&r=g","contentUrl":"https:\/\/secure.gravatar.com\/avatar\/f8702c146031dc3a604b2968503f6b5a36ce29db33ea2369631cf1e9129f349d?s=96&d=mm&r=g","caption":"Anna Krajewska"},"sameAs":["https:\/\/elsieart.pl"],"url":"https:\/\/elsieart.pl\/?author=1"}]}},"_links":{"self":[{"href":"https:\/\/elsieart.pl\/index.php?rest_route=\/wp\/v2\/posts\/1193","targetHints":{"allow":["GET"]}}],"collection":[{"href":"https:\/\/elsieart.pl\/index.php?rest_route=\/wp\/v2\/posts"}],"about":[{"href":"https:\/\/elsieart.pl\/index.php?rest_route=\/wp\/v2\/types\/post"}],"author":[{"embeddable":true,"href":"https:\/\/elsieart.pl\/index.php?rest_route=\/wp\/v2\/users\/1"}],"replies":[{"embeddable":true,"href":"https:\/\/elsieart.pl\/index.php?rest_route=%2Fwp%2Fv2%2Fcomments&post=1193"}],"version-history":[{"count":38,"href":"https:\/\/elsieart.pl\/index.php?rest_route=\/wp\/v2\/posts\/1193\/revisions"}],"predecessor-version":[{"id":1230,"href":"https:\/\/elsieart.pl\/index.php?rest_route=\/wp\/v2\/posts\/1193\/revisions\/1230"}],"wp:attachment":[{"href":"https:\/\/elsieart.pl\/index.php?rest_route=%2Fwp%2Fv2%2Fmedia&parent=1193"}],"wp:term":[{"taxonomy":"category","embeddable":true,"href":"https:\/\/elsieart.pl\/index.php?rest_route=%2Fwp%2Fv2%2Fcategories&post=1193"},{"taxonomy":"post_tag","embeddable":true,"href":"https:\/\/elsieart.pl\/index.php?rest_route=%2Fwp%2Fv2%2Ftags&post=1193"}],"curies":[{"name":"wp","href":"https:\/\/api.w.org\/{rel}","templated":true}]}}