{"id":1000,"date":"2025-03-21T19:52:40","date_gmt":"2025-03-21T19:52:40","guid":{"rendered":"https:\/\/elsieart.pl\/?p=1000"},"modified":"2025-03-21T20:00:57","modified_gmt":"2025-03-21T20:00:57","slug":"%f0%9f%8c%99%e2%9c%a8-14","status":"publish","type":"post","link":"https:\/\/elsieart.pl\/?p=1000","title":{"rendered":"\ud83c\udf19\u2728"},"content":{"rendered":"\n<p class=\"wp-block-paragraph\">Tyle mi\u0142o\u015bci\u2026tyle mi\u0142o\u015bci we mnie i wok\u00f3\u0142 mnie.<\/p>\n\n\n\n<p class=\"wp-block-paragraph\">Niby ju\u017c si\u0119 przyzwyczai\u0142am\u2026ju\u017c \u017cyj\u0119 to tak, <br>\u017ce sta\u0142o si\u0119 to mym dniem codziennym\u2026<br>a jednak wci\u0105\u017c mnie to tak\u2026zachwyca.<\/p>\n\n\n\n<p class=\"wp-block-paragraph\">Nieograniczona przestrze\u0144 Serca\u2026<br>ta ekspansja\u2026ta rado\u015b\u0107\u2026ten spok\u00f3j\u2026ta cisza\u2026<br>a w niej te ciep\u0142e\u2026dzwoneczki\u2026tak delikatne\u2026tak subtelne.<\/p>\n\n\n\n<p class=\"wp-block-paragraph\">Tyle mi\u0142o\u015bci mnie spotka\u0142o dzisiaj\u2026w tym zwyk\u0142ym dniu,<br>w kt\u00f3rym pad\u0142am zm\u0119czona, a nawet troch\u0119 chora. <br>I chcia\u0142am by\u0107 tylko dla siebie. <br>A wok\u00f3\u0142 tyle mi\u0142o\u015bci\u2026od innych Serc, <br>innych Dusz\u2026obecnych i pi\u0119knych. <br>Bo mi\u0142o\u015b\u0107 ma sw\u00f3j w\u0142asny plan\u2026<br>i dla niej zawsze jest dobry moment\u2026bez ceregieli.<\/p>\n\n\n\n<p class=\"wp-block-paragraph\">Nie umiem tego opisa\u0107. Trzeba to poczu\u0107\u2026<br>trzeba pozwoli\u0107 przep\u0142ywa\u0107. <br>Jestem tym i w tym&#8230;i wszystko p\u0142ynie. <br>Wszystko jest\u2026na swoim miejscu.\u00a0\u00a0<br>Syn, siostra, przyjaci\u00f3\u0142ka i\u2026ukochany. <br>Wszystko jest\u2026w\u0142a\u015bciwe\u2026takie jakie jest.\u00a0<\/p>\n\n\n\n<p class=\"wp-block-paragraph\">Pi\u0119kne jest to\u2026\u017by\u0107ko.<\/p>\n\n\n\n<p class=\"wp-block-paragraph\">Dzi\u0119kuj\u0119.<br>Kocham \u2764\ufe0f<\/p>\n\n\n\n<figure class=\"wp-block-image size-full\"><img loading=\"lazy\" decoding=\"async\" width=\"630\" height=\"917\" src=\"http:\/\/elsieart.pl\/wp-content\/uploads\/2025\/03\/IMG_3835.jpeg\" alt=\"\" class=\"wp-image-1001\" srcset=\"https:\/\/elsieart.pl\/wp-content\/uploads\/2025\/03\/IMG_3835.jpeg 630w, https:\/\/elsieart.pl\/wp-content\/uploads\/2025\/03\/IMG_3835-206x300.jpeg 206w\" sizes=\"auto, (max-width: 630px) 100vw, 630px\" \/><figcaption class=\"wp-element-caption\">fot.Internet <\/figcaption><\/figure>\n","protected":false},"excerpt":{"rendered":"<p>Tyle mi\u0142o\u015bci\u2026tyle mi\u0142o\u015bci we mnie i wok\u00f3\u0142 mnie. Niby ju\u017c si\u0119 przyzwyczai\u0142am\u2026ju\u017c \u017cyj\u0119 to tak, \u017ce sta\u0142o si\u0119 to mym dniem codziennym\u2026a jednak wci\u0105\u017c mnie to tak\u2026zachwyca. Nieograniczona przestrze\u0144 Serca\u2026ta ekspansja\u2026ta rado\u015b\u0107\u2026ten spok\u00f3j\u2026ta cisza\u2026a w niej te ciep\u0142e\u2026dzwoneczki\u2026tak delikatne\u2026tak subtelne. Tyle mi\u0142o\u015bci mnie spotka\u0142o dzisiaj\u2026w tym zwyk\u0142ym dniu,w kt\u00f3rym pad\u0142am zm\u0119czona, a nawet troch\u0119 chora. &hellip; <\/p>\n<p class=\"link-more\"><a href=\"https:\/\/elsieart.pl\/?p=1000\" class=\"more-link\">Czytaj dalej<span class=\"screen-reader-text\"> \u201e\ud83c\udf19\u2728\u201d<\/span><\/a><\/p>\n","protected":false},"author":1,"featured_media":0,"comment_status":"open","ping_status":"open","sticky":false,"template":"","format":"standard","meta":{"footnotes":""},"categories":[5],"tags":[],"class_list":["post-1000","post","type-post","status-publish","format-standard","hentry","category-moja-droga-do-milosci"],"yoast_head":"<!-- This site is optimized with the Yoast SEO plugin v28.0 - https:\/\/yoast.com\/product\/yoast-seo-wordpress\/ -->\n<title>\ud83c\udf19\u2728 - NA\u2764NA...art czyli sztuka \u017bycia Dusz\u0105<\/title>\n<meta name=\"robots\" content=\"index, follow, max-snippet:-1, max-image-preview:large, max-video-preview:-1\" \/>\n<link rel=\"canonical\" href=\"https:\/\/elsieart.pl\/?p=1000\" \/>\n<meta property=\"og:locale\" content=\"pl_PL\" \/>\n<meta property=\"og:type\" content=\"article\" \/>\n<meta property=\"og:title\" content=\"\ud83c\udf19\u2728 - NA\u2764NA...art czyli sztuka \u017bycia Dusz\u0105\" \/>\n<meta property=\"og:description\" content=\"Tyle mi\u0142o\u015bci\u2026tyle mi\u0142o\u015bci we mnie i wok\u00f3\u0142 mnie. Niby ju\u017c si\u0119 przyzwyczai\u0142am\u2026ju\u017c \u017cyj\u0119 to tak, \u017ce sta\u0142o si\u0119 to mym dniem codziennym\u2026a jednak wci\u0105\u017c mnie to tak\u2026zachwyca. Nieograniczona przestrze\u0144 Serca\u2026ta ekspansja\u2026ta rado\u015b\u0107\u2026ten spok\u00f3j\u2026ta cisza\u2026a w niej te ciep\u0142e\u2026dzwoneczki\u2026tak delikatne\u2026tak subtelne. Tyle mi\u0142o\u015bci mnie spotka\u0142o dzisiaj\u2026w tym zwyk\u0142ym dniu,w kt\u00f3rym pad\u0142am zm\u0119czona, a nawet troch\u0119 chora. &hellip; Czytaj dalej \u201e\ud83c\udf19\u2728\u201d\" \/>\n<meta property=\"og:url\" content=\"https:\/\/elsieart.pl\/?p=1000\" \/>\n<meta property=\"og:site_name\" content=\"NA\u2764NA...art czyli sztuka \u017bycia Dusz\u0105\" \/>\n<meta property=\"article:published_time\" content=\"2025-03-21T19:52:40+00:00\" \/>\n<meta property=\"article:modified_time\" content=\"2025-03-21T20:00:57+00:00\" \/>\n<meta property=\"og:image\" content=\"https:\/\/elsieart.pl\/wp-content\/uploads\/2025\/03\/IMG_3835.jpeg\" \/>\n\t<meta property=\"og:image:width\" content=\"630\" \/>\n\t<meta property=\"og:image:height\" content=\"917\" \/>\n\t<meta property=\"og:image:type\" content=\"image\/jpeg\" \/>\n<meta name=\"author\" content=\"Anna Krajewska\" \/>\n<meta name=\"twitter:card\" content=\"summary_large_image\" \/>\n<meta name=\"twitter:label1\" content=\"Napisane przez\" \/>\n\t<meta name=\"twitter:data1\" content=\"Anna Krajewska\" \/>\n\t<meta name=\"twitter:label2\" content=\"Szacowany czas czytania\" \/>\n\t<meta name=\"twitter:data2\" content=\"1 minuta\" \/>\n<script type=\"application\/ld+json\" class=\"yoast-schema-graph\">{\"@context\":\"https:\\\/\\\/schema.org\",\"@graph\":[{\"@type\":\"Article\",\"@id\":\"https:\\\/\\\/elsieart.pl\\\/?p=1000#article\",\"isPartOf\":{\"@id\":\"https:\\\/\\\/elsieart.pl\\\/?p=1000\"},\"author\":{\"name\":\"Anna Krajewska\",\"@id\":\"https:\\\/\\\/elsieart.pl\\\/#\\\/schema\\\/person\\\/818eb3c3d8144ede1c78eaca1156f3a3\"},\"headline\":\"\ud83c\udf19\u2728\",\"datePublished\":\"2025-03-21T19:52:40+00:00\",\"dateModified\":\"2025-03-21T20:00:57+00:00\",\"mainEntityOfPage\":{\"@id\":\"https:\\\/\\\/elsieart.pl\\\/?p=1000\"},\"wordCount\":174,\"commentCount\":0,\"image\":{\"@id\":\"https:\\\/\\\/elsieart.pl\\\/?p=1000#primaryimage\"},\"thumbnailUrl\":\"http:\\\/\\\/elsieart.pl\\\/wp-content\\\/uploads\\\/2025\\\/03\\\/IMG_3835.jpeg\",\"articleSection\":[\"Moja Droga do Mi\u0142o\u015bci\"],\"inLanguage\":\"pl-PL\",\"potentialAction\":[{\"@type\":\"CommentAction\",\"name\":\"Comment\",\"target\":[\"https:\\\/\\\/elsieart.pl\\\/?p=1000#respond\"]}]},{\"@type\":\"WebPage\",\"@id\":\"https:\\\/\\\/elsieart.pl\\\/?p=1000\",\"url\":\"https:\\\/\\\/elsieart.pl\\\/?p=1000\",\"name\":\"\ud83c\udf19\u2728 - NA\u2764NA...art czyli sztuka \u017bycia Dusz\u0105\",\"isPartOf\":{\"@id\":\"https:\\\/\\\/elsieart.pl\\\/#website\"},\"primaryImageOfPage\":{\"@id\":\"https:\\\/\\\/elsieart.pl\\\/?p=1000#primaryimage\"},\"image\":{\"@id\":\"https:\\\/\\\/elsieart.pl\\\/?p=1000#primaryimage\"},\"thumbnailUrl\":\"http:\\\/\\\/elsieart.pl\\\/wp-content\\\/uploads\\\/2025\\\/03\\\/IMG_3835.jpeg\",\"datePublished\":\"2025-03-21T19:52:40+00:00\",\"dateModified\":\"2025-03-21T20:00:57+00:00\",\"author\":{\"@id\":\"https:\\\/\\\/elsieart.pl\\\/#\\\/schema\\\/person\\\/818eb3c3d8144ede1c78eaca1156f3a3\"},\"breadcrumb\":{\"@id\":\"https:\\\/\\\/elsieart.pl\\\/?p=1000#breadcrumb\"},\"inLanguage\":\"pl-PL\",\"potentialAction\":[{\"@type\":\"ReadAction\",\"target\":[\"https:\\\/\\\/elsieart.pl\\\/?p=1000\"]}]},{\"@type\":\"ImageObject\",\"inLanguage\":\"pl-PL\",\"@id\":\"https:\\\/\\\/elsieart.pl\\\/?p=1000#primaryimage\",\"url\":\"https:\\\/\\\/elsieart.pl\\\/wp-content\\\/uploads\\\/2025\\\/03\\\/IMG_3835.jpeg\",\"contentUrl\":\"https:\\\/\\\/elsieart.pl\\\/wp-content\\\/uploads\\\/2025\\\/03\\\/IMG_3835.jpeg\",\"width\":630,\"height\":917},{\"@type\":\"BreadcrumbList\",\"@id\":\"https:\\\/\\\/elsieart.pl\\\/?p=1000#breadcrumb\",\"itemListElement\":[{\"@type\":\"ListItem\",\"position\":1,\"name\":\"Strona g\u0142\u00f3wna\",\"item\":\"https:\\\/\\\/elsieart.pl\\\/\"},{\"@type\":\"ListItem\",\"position\":2,\"name\":\"\ud83c\udf19\u2728\"}]},{\"@type\":\"WebSite\",\"@id\":\"https:\\\/\\\/elsieart.pl\\\/#website\",\"url\":\"https:\\\/\\\/elsieart.pl\\\/\",\"name\":\"NA\u2764NA...art czyli sztuka \u017bycia Dusz\u0105\",\"description\":\"Anna Krajewska | Gdzie ludzkie spotyka si\u0119 z boskim\",\"potentialAction\":[{\"@type\":\"SearchAction\",\"target\":{\"@type\":\"EntryPoint\",\"urlTemplate\":\"https:\\\/\\\/elsieart.pl\\\/?s={search_term_string}\"},\"query-input\":{\"@type\":\"PropertyValueSpecification\",\"valueRequired\":true,\"valueName\":\"search_term_string\"}}],\"inLanguage\":\"pl-PL\"},{\"@type\":\"Person\",\"@id\":\"https:\\\/\\\/elsieart.pl\\\/#\\\/schema\\\/person\\\/818eb3c3d8144ede1c78eaca1156f3a3\",\"name\":\"Anna Krajewska\",\"image\":{\"@type\":\"ImageObject\",\"inLanguage\":\"pl-PL\",\"@id\":\"https:\\\/\\\/secure.gravatar.com\\\/avatar\\\/f8702c146031dc3a604b2968503f6b5a36ce29db33ea2369631cf1e9129f349d?s=96&d=mm&r=g\",\"url\":\"https:\\\/\\\/secure.gravatar.com\\\/avatar\\\/f8702c146031dc3a604b2968503f6b5a36ce29db33ea2369631cf1e9129f349d?s=96&d=mm&r=g\",\"contentUrl\":\"https:\\\/\\\/secure.gravatar.com\\\/avatar\\\/f8702c146031dc3a604b2968503f6b5a36ce29db33ea2369631cf1e9129f349d?s=96&d=mm&r=g\",\"caption\":\"Anna Krajewska\"},\"sameAs\":[\"https:\\\/\\\/elsieart.pl\"],\"url\":\"https:\\\/\\\/elsieart.pl\\\/?author=1\"}]}<\/script>\n<!-- \/ Yoast SEO plugin. -->","yoast_head_json":{"title":"\ud83c\udf19\u2728 - NA\u2764NA...art czyli sztuka \u017bycia Dusz\u0105","robots":{"index":"index","follow":"follow","max-snippet":"max-snippet:-1","max-image-preview":"max-image-preview:large","max-video-preview":"max-video-preview:-1"},"canonical":"https:\/\/elsieart.pl\/?p=1000","og_locale":"pl_PL","og_type":"article","og_title":"\ud83c\udf19\u2728 - NA\u2764NA...art czyli sztuka \u017bycia Dusz\u0105","og_description":"Tyle mi\u0142o\u015bci\u2026tyle mi\u0142o\u015bci we mnie i wok\u00f3\u0142 mnie. Niby ju\u017c si\u0119 przyzwyczai\u0142am\u2026ju\u017c \u017cyj\u0119 to tak, \u017ce sta\u0142o si\u0119 to mym dniem codziennym\u2026a jednak wci\u0105\u017c mnie to tak\u2026zachwyca. Nieograniczona przestrze\u0144 Serca\u2026ta ekspansja\u2026ta rado\u015b\u0107\u2026ten spok\u00f3j\u2026ta cisza\u2026a w niej te ciep\u0142e\u2026dzwoneczki\u2026tak delikatne\u2026tak subtelne. Tyle mi\u0142o\u015bci mnie spotka\u0142o dzisiaj\u2026w tym zwyk\u0142ym dniu,w kt\u00f3rym pad\u0142am zm\u0119czona, a nawet troch\u0119 chora. &hellip; Czytaj dalej \u201e\ud83c\udf19\u2728\u201d","og_url":"https:\/\/elsieart.pl\/?p=1000","og_site_name":"NA\u2764NA...art czyli sztuka \u017bycia Dusz\u0105","article_published_time":"2025-03-21T19:52:40+00:00","article_modified_time":"2025-03-21T20:00:57+00:00","og_image":[{"width":630,"height":917,"url":"https:\/\/elsieart.pl\/wp-content\/uploads\/2025\/03\/IMG_3835.jpeg","type":"image\/jpeg"}],"author":"Anna Krajewska","twitter_card":"summary_large_image","twitter_misc":{"Napisane przez":"Anna Krajewska","Szacowany czas czytania":"1 minuta"},"schema":{"@context":"https:\/\/schema.org","@graph":[{"@type":"Article","@id":"https:\/\/elsieart.pl\/?p=1000#article","isPartOf":{"@id":"https:\/\/elsieart.pl\/?p=1000"},"author":{"name":"Anna Krajewska","@id":"https:\/\/elsieart.pl\/#\/schema\/person\/818eb3c3d8144ede1c78eaca1156f3a3"},"headline":"\ud83c\udf19\u2728","datePublished":"2025-03-21T19:52:40+00:00","dateModified":"2025-03-21T20:00:57+00:00","mainEntityOfPage":{"@id":"https:\/\/elsieart.pl\/?p=1000"},"wordCount":174,"commentCount":0,"image":{"@id":"https:\/\/elsieart.pl\/?p=1000#primaryimage"},"thumbnailUrl":"http:\/\/elsieart.pl\/wp-content\/uploads\/2025\/03\/IMG_3835.jpeg","articleSection":["Moja Droga do Mi\u0142o\u015bci"],"inLanguage":"pl-PL","potentialAction":[{"@type":"CommentAction","name":"Comment","target":["https:\/\/elsieart.pl\/?p=1000#respond"]}]},{"@type":"WebPage","@id":"https:\/\/elsieart.pl\/?p=1000","url":"https:\/\/elsieart.pl\/?p=1000","name":"\ud83c\udf19\u2728 - NA\u2764NA...art czyli sztuka \u017bycia Dusz\u0105","isPartOf":{"@id":"https:\/\/elsieart.pl\/#website"},"primaryImageOfPage":{"@id":"https:\/\/elsieart.pl\/?p=1000#primaryimage"},"image":{"@id":"https:\/\/elsieart.pl\/?p=1000#primaryimage"},"thumbnailUrl":"http:\/\/elsieart.pl\/wp-content\/uploads\/2025\/03\/IMG_3835.jpeg","datePublished":"2025-03-21T19:52:40+00:00","dateModified":"2025-03-21T20:00:57+00:00","author":{"@id":"https:\/\/elsieart.pl\/#\/schema\/person\/818eb3c3d8144ede1c78eaca1156f3a3"},"breadcrumb":{"@id":"https:\/\/elsieart.pl\/?p=1000#breadcrumb"},"inLanguage":"pl-PL","potentialAction":[{"@type":"ReadAction","target":["https:\/\/elsieart.pl\/?p=1000"]}]},{"@type":"ImageObject","inLanguage":"pl-PL","@id":"https:\/\/elsieart.pl\/?p=1000#primaryimage","url":"https:\/\/elsieart.pl\/wp-content\/uploads\/2025\/03\/IMG_3835.jpeg","contentUrl":"https:\/\/elsieart.pl\/wp-content\/uploads\/2025\/03\/IMG_3835.jpeg","width":630,"height":917},{"@type":"BreadcrumbList","@id":"https:\/\/elsieart.pl\/?p=1000#breadcrumb","itemListElement":[{"@type":"ListItem","position":1,"name":"Strona g\u0142\u00f3wna","item":"https:\/\/elsieart.pl\/"},{"@type":"ListItem","position":2,"name":"\ud83c\udf19\u2728"}]},{"@type":"WebSite","@id":"https:\/\/elsieart.pl\/#website","url":"https:\/\/elsieart.pl\/","name":"NA\u2764NA...art czyli sztuka \u017bycia Dusz\u0105","description":"Anna Krajewska | Gdzie ludzkie spotyka si\u0119 z boskim","potentialAction":[{"@type":"SearchAction","target":{"@type":"EntryPoint","urlTemplate":"https:\/\/elsieart.pl\/?s={search_term_string}"},"query-input":{"@type":"PropertyValueSpecification","valueRequired":true,"valueName":"search_term_string"}}],"inLanguage":"pl-PL"},{"@type":"Person","@id":"https:\/\/elsieart.pl\/#\/schema\/person\/818eb3c3d8144ede1c78eaca1156f3a3","name":"Anna Krajewska","image":{"@type":"ImageObject","inLanguage":"pl-PL","@id":"https:\/\/secure.gravatar.com\/avatar\/f8702c146031dc3a604b2968503f6b5a36ce29db33ea2369631cf1e9129f349d?s=96&d=mm&r=g","url":"https:\/\/secure.gravatar.com\/avatar\/f8702c146031dc3a604b2968503f6b5a36ce29db33ea2369631cf1e9129f349d?s=96&d=mm&r=g","contentUrl":"https:\/\/secure.gravatar.com\/avatar\/f8702c146031dc3a604b2968503f6b5a36ce29db33ea2369631cf1e9129f349d?s=96&d=mm&r=g","caption":"Anna Krajewska"},"sameAs":["https:\/\/elsieart.pl"],"url":"https:\/\/elsieart.pl\/?author=1"}]}},"_links":{"self":[{"href":"https:\/\/elsieart.pl\/index.php?rest_route=\/wp\/v2\/posts\/1000","targetHints":{"allow":["GET"]}}],"collection":[{"href":"https:\/\/elsieart.pl\/index.php?rest_route=\/wp\/v2\/posts"}],"about":[{"href":"https:\/\/elsieart.pl\/index.php?rest_route=\/wp\/v2\/types\/post"}],"author":[{"embeddable":true,"href":"https:\/\/elsieart.pl\/index.php?rest_route=\/wp\/v2\/users\/1"}],"replies":[{"embeddable":true,"href":"https:\/\/elsieart.pl\/index.php?rest_route=%2Fwp%2Fv2%2Fcomments&post=1000"}],"version-history":[{"count":2,"href":"https:\/\/elsieart.pl\/index.php?rest_route=\/wp\/v2\/posts\/1000\/revisions"}],"predecessor-version":[{"id":1004,"href":"https:\/\/elsieart.pl\/index.php?rest_route=\/wp\/v2\/posts\/1000\/revisions\/1004"}],"wp:attachment":[{"href":"https:\/\/elsieart.pl\/index.php?rest_route=%2Fwp%2Fv2%2Fmedia&parent=1000"}],"wp:term":[{"taxonomy":"category","embeddable":true,"href":"https:\/\/elsieart.pl\/index.php?rest_route=%2Fwp%2Fv2%2Fcategories&post=1000"},{"taxonomy":"post_tag","embeddable":true,"href":"https:\/\/elsieart.pl\/index.php?rest_route=%2Fwp%2Fv2%2Ftags&post=1000"}],"curies":[{"name":"wp","href":"https:\/\/api.w.org\/{rel}","templated":true}]}}